{"id":68427,"date":"2026-06-09T15:31:08","date_gmt":"2026-06-09T18:31:08","guid":{"rendered":"https:\/\/guialimeira.com.br\/?p=68427"},"modified":"2026-06-09T15:31:08","modified_gmt":"2026-06-09T18:31:08","slug":"prefeitura-entrega-academia-ao-ar-livre-e-revitaliza-area-esportiva-do-jardim-juventude-prefeitura-municipal-de-cordeiropolis","status":"publish","type":"post","link":"https:\/\/guialimeira.com.br\/news\/prefeitura-entrega-academia-ao-ar-livre-e-revitaliza-area-esportiva-do-jardim-juventude-prefeitura-municipal-de-cordeiropolis\/","title":{"rendered":"Prefeitura entrega academia ao ar livre e revitaliza \u00e1rea esportiva do Jardim Juventude \u2013 Prefeitura Municipal de Cordeir\u00f3polis"},"content":{"rendered":"<p> <br \/>\n<\/p>\n<div>\n<p>A Prefeitura de Cordeir\u00f3polis entregou nesta segunda-feira (8) a academia ao ar livre do Jardim Juventude, acompanhada de uma s\u00e9rie de melhorias na \u00e1rea esportiva da \u00e1rea. Ao todo, a Secretaria de Esporte e Lazer investiu mais de R$ 89 mil na revitaliza\u00e7\u00e3o do espa\u00e7o, que atende a uma reivindica\u00e7\u00e3o antiga dos moradores e amplia as op\u00e7\u00f5es de esporte e lazer para a comunidade.<\/p>\n<p>O investimento contemplou a instala\u00e7\u00e3o dos equipamentos da academia, concretagem da \u00e1rea, implanta\u00e7\u00e3o de postes de ilumina\u00e7\u00e3o, c\u00e2meras de monitoramento, pintura, instala\u00e7\u00e3o de novas portas, substitui\u00e7\u00e3o das traves e tabelas da quadra esportiva, al\u00e9m da implanta\u00e7\u00e3o de arte visual para valorizar e tornar o espa\u00e7o mais atrativo para a popula\u00e7\u00e3o.<\/p>\n<p>Parte dos recursos utilizados \u00e9 proveniente de emendas parlamentares destinadas ao munic\u00edpio. Uma delas foi indicada pela ex-vereadora Mariana Tamiazo, no \u00faltimo mandato do Legislativo, que ainda n\u00e3o havia sido executada. O projeto tamb\u00e9m contou com emendas dos vereadores Deize Bettin e Paulo C\u00e9sar Morais de Oliveira.<\/p>\n<p>A prefeita Cristina Saad destacou a import\u00e2ncia de recuperar e ampliar os espa\u00e7os p\u00fablicos voltados ao esporte e \u00e0 qualidade de vida. \u201cMuitas m\u00e3os foram necess\u00e1rias para entregarmos esse espa\u00e7o, que \u00e9 para a popula\u00e7\u00e3o, totalmente gratuito e que depende de cada mun\u00edcipe, para cuidar e zelar por ele. Estamos aqui para atender a nossa popula\u00e7\u00e3o\u201d, afirmou.<\/p>\n<p>\u201cO Jardim Juventude merece nossa aten\u00e7\u00e3o. Com a implanta\u00e7\u00e3o da academia, esse espa\u00e7o tornou-se um verdadeiro complexo esportivo, com benef\u00edcios para todos. A nossa gest\u00e3o n\u00e3o deixa nada para tr\u00e1s, por isso \u00e9 importante ressaltar o respeito \u00e0 ex-vereadora Mariana, que indicou o investimento de recursos aqui, que agora executamos\u201d, pontuou o vice-prefeito Anderson Hespanhol Pique.<\/p>\n<p>\u201cEu sou nascida e criada no Jardim Juventude e posso falar em nome da popula\u00e7\u00e3o que buscou por essa melhoria durante tanto tempo\u201d, comentou a secret\u00e1ria de Esporte e Lazer, Layla Penas. \u201c\u00c9 a academia ao ar livre mais equipada do munic\u00edpio. Agrade\u00e7o a gest\u00e3o Cristina e Pique pelo apoio a mais esse projeto. \u00c9 para a popula\u00e7\u00e3o\u201d, completou.<\/p>\n<p>Estiveram presentes na entrega, os vereadores Paulo C\u00e9sar Morais de Oliveira, Deize Bettin, Jos\u00e9 Antonio Br\u00e1s, Valmir Sanches, Sidnei Gambaro, Vilson Caleffi e C\u00edcero Saraiva, secret\u00e1rios e servidores municipais, al\u00e9m da comunidade do bairro.<\/p>\n<figure class=\"wp-block-gallery has-nested-images columns-default is-cropped wp-block-gallery-1 is-layout-flex wp-block-gallery-is-layout-flex\">\n<figure class=\"wp-block-image\"><\/figure>\n<figure class=\"wp-block-image\"><img data-recalc-dims=\"1\" decoding=\"async\" loading=\"lazy\" width=\"696\" height=\"392\" data-id=\"32830\" src=\"https:\/\/i0.wp.com\/guialimeira.com.br\/wp-content\/uploads\/2026\/06\/1781029863_478_Prefeitura-entrega-academia-ao-ar-livre-e-revitaliza-area-esportiva.jpeg?resize=696%2C392&#038;ssl=1\" alt=\"\" class=\"wp-image-32830\" \/><\/figure>\n<figure class=\"wp-block-image\"><img data-recalc-dims=\"1\" decoding=\"async\" data-attachment-id=\"32829\" data-permalink=\"https:\/\/guialimeira.com.br\/news\/equipe-da-uff-representa-brasil-em-competicao-de-engenharia-no-canada\/competicao_internacional_de_engenharia01-jpg\/\" data-orig-file=\"https:\/\/i0.wp.com\/guialimeira.com.br\/news\/wp-content\/uploads\/2025\/05\/competicao_internacional_de_engenharia01.jpg?fit=1600%2C800&amp;ssl=1\" data-orig-size=\"1600,800\" data-comments-opened=\"1\" data-image-meta=\"{&quot;aperture&quot;:&quot;0&quot;,&quot;credit&quot;:&quot;&quot;,&quot;camera&quot;:&quot;&quot;,&quot;caption&quot;:&quot;&quot;,&quot;created_timestamp&quot;:&quot;0&quot;,&quot;copyright&quot;:&quot;&quot;,&quot;focal_length&quot;:&quot;0&quot;,&quot;iso&quot;:&quot;0&quot;,&quot;shutter_speed&quot;:&quot;0&quot;,&quot;title&quot;:&quot;&quot;,&quot;orientation&quot;:&quot;0&quot;}\" data-image-title=\"competicao_internacional_de_engenharia01.jpg\" data-image-description=\"\" data-image-caption=\"\" data-large-file=\"https:\/\/i0.wp.com\/guialimeira.com.br\/news\/wp-content\/uploads\/2025\/05\/competicao_internacional_de_engenharia01.jpg?fit=696%2C348&amp;ssl=1\" loading=\"lazy\" width=\"696\" height=\"392\" data-id=\"32829\" src=\"https:\/\/i0.wp.com\/guialimeira.com.br\/wp-content\/uploads\/2026\/06\/1781029863_75_Prefeitura-entrega-academia-ao-ar-livre-e-revitaliza-area-esportiva.jpeg?resize=696%2C392&#038;ssl=1\" alt=\"\" class=\"wp-image-32829\" \/><\/figure>\n<figure class=\"wp-block-image\"><img data-recalc-dims=\"1\" decoding=\"async\" loading=\"lazy\" width=\"696\" height=\"392\" data-id=\"32828\" src=\"https:\/\/i0.wp.com\/guialimeira.com.br\/wp-content\/uploads\/2026\/06\/1781029863_585_Prefeitura-entrega-academia-ao-ar-livre-e-revitaliza-area-esportiva.jpeg?resize=696%2C392&#038;ssl=1\" alt=\"\" class=\"wp-image-32828\" \/><\/figure>\n<\/figure><\/div>\n<p><br \/>\n<br \/><a href=\"https:\/\/cordeiropolis.sp.gov.br\/prefeitura-entrega-academia-ao-ar-livre-e-revitaliza-area-esportiva-do-jardim-juventude\/\" rel=\"noopener\">Informa\u00e7\u00f5es Cordeir\u00f3polis <\/a><\/p>\n","protected":false},"excerpt":{"rendered":"<p>A Prefeitura de Cordeir\u00f3polis entregou nesta segunda-feira (8) a academia ao ar livre do Jardim Juventude, acompanhada de uma s\u00e9rie de melhorias na \u00e1rea esportiva da \u00e1rea. Ao todo, a Secretaria de Esporte e Lazer investiu mais de R$ 89 mil na revitaliza\u00e7\u00e3o do espa\u00e7o, que atende a uma reivindica\u00e7\u00e3o antiga dos moradores e amplia [&hellip;]<\/p>\n","protected":false},"author":1,"featured_media":68428,"comment_status":"closed","ping_status":"open","sticky":false,"template":"","format":"standard","meta":{"_jetpack_newsletter_access":"","_jetpack_dont_email_post_to_subs":false,"_jetpack_newsletter_tier_id":0,"_jetpack_memberships_contains_paywalled_content":false,"_mbp_banners":[],"_jetpack_feature_clip_id":0,"_jetpack_memberships_contains_paid_content":false,"footnotes":"","jetpack_publicize_message":"","jetpack_publicize_feature_enabled":true,"jetpack_social_post_already_shared":true,"jetpack_social_options":{"image_generator_settings":{"template":"highway","default_image_id":0,"font":"","enabled":false},"version":2},"jetpack_post_was_ever_published":false},"categories":[20],"tags":[],"class_list":["post-68427","post","type-post","status-publish","format-standard","has-post-thumbnail","category-regiao"],"jetpack_publicize_connections":[],"jetpack-related-posts":[],"jetpack_shortlink":"https:\/\/wp.me\/p7Eq1F-hNF","jetpack_sharing_enabled":true,"jetpack_featured_media_url":"https:\/\/i0.wp.com\/guialimeira.com.br\/news\/wp-content\/uploads\/2026\/06\/Prefeitura-entrega-academia-ao-ar-livre-e-revitaliza-area-esportiva.jpeg?fit=2560%2C1441&ssl=1","_links":{"self":[{"href":"https:\/\/guialimeira.com.br\/news\/wp-json\/wp\/v2\/posts\/68427","targetHints":{"allow":["GET"]}}],"collection":[{"href":"https:\/\/guialimeira.com.br\/news\/wp-json\/wp\/v2\/posts"}],"about":[{"href":"https:\/\/guialimeira.com.br\/news\/wp-json\/wp\/v2\/types\/post"}],"author":[{"embeddable":true,"href":"https:\/\/guialimeira.com.br\/news\/wp-json\/wp\/v2\/users\/1"}],"replies":[{"embeddable":true,"href":"https:\/\/guialimeira.com.br\/news\/wp-json\/wp\/v2\/comments?post=68427"}],"version-history":[{"count":1,"href":"https:\/\/guialimeira.com.br\/news\/wp-json\/wp\/v2\/posts\/68427\/revisions"}],"predecessor-version":[{"id":68429,"href":"https:\/\/guialimeira.com.br\/news\/wp-json\/wp\/v2\/posts\/68427\/revisions\/68429"}],"wp:featuredmedia":[{"embeddable":true,"href":"https:\/\/guialimeira.com.br\/news\/wp-json\/wp\/v2\/media\/68428"}],"wp:attachment":[{"href":"https:\/\/guialimeira.com.br\/news\/wp-json\/wp\/v2\/media?parent=68427"}],"wp:term":[{"taxonomy":"category","embeddable":true,"href":"https:\/\/guialimeira.com.br\/news\/wp-json\/wp\/v2\/categories?post=68427"},{"taxonomy":"post_tag","embeddable":true,"href":"https:\/\/guialimeira.com.br\/news\/wp-json\/wp\/v2\/tags?post=68427"}],"curies":[{"name":"wp","href":"https:\/\/api.w.org\/{rel}","templated":true}]}}