{"id":68422,"date":"2026-06-09T14:56:05","date_gmt":"2026-06-09T17:56:05","guid":{"rendered":"https:\/\/guialimeira.com.br\/governo-de-sp-anuncia-mais-de-r-800-milhoes-para-fortalecer-saude-nos-645-municipios-paulistas\/"},"modified":"2026-06-09T14:56:05","modified_gmt":"2026-06-09T17:56:05","slug":"governo-de-sp-anuncia-mais-de-r-800-milhoes-para-fortalecer-saude-nos-645-municipios-paulistas","status":"publish","type":"post","link":"https:\/\/guialimeira.com.br\/news\/governo-de-sp-anuncia-mais-de-r-800-milhoes-para-fortalecer-saude-nos-645-municipios-paulistas\/","title":{"rendered":"Governo de SP anuncia mais de R$ 800 milh\u00f5es para fortalecer sa\u00fade nos 645 munic\u00edpios paulistas"},"content":{"rendered":"<p> <br \/>\n<\/p>\n<div>\n<p class=\"wp-block-paragraph\">O Governo de S\u00e3o Paulo anunciou, nesta ter\u00e7a-feira (9), o repasse de R$ 801 milh\u00f5es para fortalecer a assist\u00eancia \u00e0 sa\u00fade nos 645 munic\u00edpios paulistas. O an\u00fancio foi feito pelo governador Tarc\u00edsio de Freitas, durante evento no Pal\u00e1cio dos Bandeirantes. Do total anunciado, R$ 201 milh\u00f5es correspondem \u00e0 nova parcela do Incentivo \u00e0 Gest\u00e3o Municipal (IGM SUS Paulista), programa estadual voltado ao fortalecimento da aten\u00e7\u00e3o b\u00e1sica. Outros R$ 600 milh\u00f5es s\u00e3o provenientes de transfer\u00eancias volunt\u00e1rias e impositivas indicadas por parlamentares estaduais, com pagamento at\u00e9 o final deste m\u00eas.<\/p>\n<p class=\"wp-block-paragraph\">\u201cEstamos celebrando a entrega dos recursos do nosso Parlamento, que tem olhado para a sa\u00fade; a entrega dos recursos do Incentivo \u00e0 Gest\u00e3o Municipal, uma cria\u00e7\u00e3o importante para fortalecer a aten\u00e7\u00e3o b\u00e1sica; e a extens\u00e3o da Tabela SUS Paulista para os hospitais municipais, que foi regulamentada recentemente. Quando somamos tudo isso, estamos falando de R$ 1,56 bilh\u00e3o investidos na sa\u00fade\u201d, afirmou o governador Tarc\u00edsio de Freitas.<\/p>\n<p class=\"wp-block-paragraph\">Os recursos ser\u00e3o transferidos aos Fundos Municipais de Sa\u00fade e poder\u00e3o ser utilizados tanto para custeio quanto para investimentos, contribuindo para ampliar a capacidade de atendimento das redes municipais e qualificar os servi\u00e7os prestados \u00e0 popula\u00e7\u00e3o.<\/p>\n<figure class=\"wp-block-image size-large\"><img data-recalc-dims=\"1\" fetchpriority=\"high\" decoding=\"async\" width=\"696\" height=\"464\" src=\"https:\/\/i0.wp.com\/www.agenciasp.sp.gov.br\/wp-content\/uploads\/2026\/06\/repasse-saude-municipal-1024x683.jpg?resize=696%2C464&#038;ssl=1\" alt=\"\" class=\"wp-image-150064\" srcset=\"https:\/\/www.agenciasp.sp.gov.br\/wp-content\/uploads\/2026\/06\/repasse-saude-municipal-1024x683.jpg 1024w, https:\/\/www.agenciasp.sp.gov.br\/wp-content\/uploads\/2026\/06\/repasse-saude-municipal-300x200.jpg 300w, https:\/\/www.agenciasp.sp.gov.br\/wp-content\/uploads\/2026\/06\/repasse-saude-municipal-768x512.jpg 768w, https:\/\/www.agenciasp.sp.gov.br\/wp-content\/uploads\/2026\/06\/repasse-saude-municipal-1536x1024.jpg 1536w, https:\/\/www.agenciasp.sp.gov.br\/wp-content\/uploads\/2026\/06\/repasse-saude-municipal-2048x1365.jpg 2048w, https:\/\/www.agenciasp.sp.gov.br\/wp-content\/uploads\/2026\/06\/repasse-saude-municipal-150x100.jpg 150w\" sizes=\"(max-width: 1024px) 100vw, 1024px\"\/><figcaption class=\"wp-element-caption\">Aporte corresponde \u00e0 nova parcela do IGM SUS Paulista e de transfer\u00eancias volunt\u00e1rias e impositivas. Foto: Foto: Pablo Jacob\/Governo do Estado SP<br \/><\/figcaption><\/figure>\n<p class=\"wp-block-paragraph\">Os investimentos do IGM SUS Paulista apoiar\u00e3o a\u00e7\u00f5es voltadas \u00e0 amplia\u00e7\u00e3o da cobertura vacinal, incluindo a imuniza\u00e7\u00e3o contra o HPV; \u00e0 redu\u00e7\u00e3o da mortalidade infantil; ao fortalecimento da Estrat\u00e9gia Sa\u00fade da Fam\u00edlia; \u00e0 diminui\u00e7\u00e3o das interna\u00e7\u00f5es por condi\u00e7\u00f5es sens\u00edveis \u00e0 aten\u00e7\u00e3o prim\u00e1ria; ao acompanhamento adequado de gestantes diagnosticadas com s\u00edfilis; e ao enfrentamento das arboviroses urbanas.<\/p>\n<figure class=\"wp-block-embed is-type-video is-provider-youtube wp-block-embed-youtube wp-embed-aspect-16-9 wp-has-aspect-ratio\">\n<p>\n<span class=\"embed-youtube\" style=\"text-align:center; display: block;\"><iframe loading=\"lazy\" class=\"youtube-player\" width=\"696\" height=\"392\" src=\"https:\/\/www.youtube.com\/embed\/Fu7wLmKpe9w?version=3&#038;rel=1&#038;showsearch=0&#038;showinfo=1&#038;iv_load_policy=1&#038;fs=1&#038;hl=pt-BR&#038;autohide=2&#038;wmode=transparent\" allowfullscreen=\"true\" style=\"border:0;\" sandbox=\"allow-scripts allow-same-origin allow-popups allow-presentation allow-popups-to-escape-sandbox\"><\/iframe><\/span>\n<\/p>\n<\/figure>\n<p class=\"wp-block-paragraph\">\u201cDesde o in\u00edcio da nossa gest\u00e3o, temos o compromisso de construir o legado de um estado cada vez mais forte para que, juntos, a gente fa\u00e7a toda a diferen\u00e7a para a sa\u00fade da nossa popula\u00e7\u00e3o\u201d, afirmou o secret\u00e1rio estadual de Sa\u00fade, Eleuses Paiva.<\/p>\n<h2 class=\"wp-block-heading\">Amplia\u00e7\u00e3o da Tabela SUS Paulista<\/h2>\n<p class=\"wp-block-paragraph\">Durante o evento, o governador tamb\u00e9m destacou a amplia\u00e7\u00e3o da Tabela SUS Paulista para hospitais municipais. Formalizada no \u00faltimo m\u00eas de maio, a nova etapa prev\u00ea cerca de R$ 760 milh\u00f5es em repasses anuais e beneficiar\u00e1 aproximadamente 100 hospitais municipais localizados em 77 cidades paulistas.<\/p>\n<p class=\"wp-block-paragraph\">Criada pela Secretaria de Estado da Sa\u00fade (SES-SP), a Tabela SUS Paulista complementa em at\u00e9 cinco vezes os valores pagos pela tabela nacional do SUS. A iniciativa foi desenvolvida para corrigir a defasagem hist\u00f3rica dos repasses federais e garantir maior sustentabilidade financeira \u00e0s institui\u00e7\u00f5es de sa\u00fade.<\/p>\n<p class=\"wp-block-paragraph\">Desde a implanta\u00e7\u00e3o, em janeiro de 2024, o programa j\u00e1 transferiu mais de R$ 10,1 bilh\u00f5es para cerca de 800 Santas Casas, hospitais filantr\u00f3picos e demais institui\u00e7\u00f5es conveniadas ao SUS, contribuindo para ampliar a oferta de consultas, exames, cirurgias e interna\u00e7\u00f5es em todo o estado.<\/p>\n<h2 class=\"wp-block-heading\">IGM SUS Paulista<\/h2>\n<p class=\"wp-block-paragraph\">Criado dentro da estrat\u00e9gia de regionaliza\u00e7\u00e3o da sa\u00fade, o Incentivo \u00e0 Gest\u00e3o Municipal (IGM SUS Paulista) ampliou significativamente os repasses estaduais destinados \u00e0 aten\u00e7\u00e3o b\u00e1sica. Os valores passaram de R$ 4 per capita para uma faixa entre R$ 15 e R$ 40 por habitante, de acordo com crit\u00e9rios de desempenho e necessidades regionais.<\/p>\n<p class=\"wp-block-paragraph\">Ao longo da atual gest\u00e3o, o programa j\u00e1 destinou mais de R$ 1,5 bilh\u00e3o aos munic\u00edpios paulistas. A iniciativa fortalece a organiza\u00e7\u00e3o das redes locais de sa\u00fade, amplia a capacidade de investimento das prefeituras e contribui para a redu\u00e7\u00e3o das desigualdades regionais, promovendo mais efici\u00eancia e qualidade nos servi\u00e7os prestados \u00e0 popula\u00e7\u00e3o.<\/p>\n<\/p><\/div>\n<p><br \/>\n<br \/><a href=\"https:\/\/www.agenciasp.sp.gov.br\/governo-de-sp-anuncia-mais-de-r-800-milhoes-para-fortalecer-saude-nos-645-municipios-paulistas\/\" rel=\"noopener\">Informa\u00e7\u00f5es GOV.SP<\/a><\/p>\n","protected":false},"excerpt":{"rendered":"<p>O Governo de S\u00e3o Paulo anunciou, nesta ter\u00e7a-feira (9), o repasse de R$ 801 milh\u00f5es para fortalecer a assist\u00eancia \u00e0 sa\u00fade nos 645 munic\u00edpios paulistas. O an\u00fancio foi feito pelo governador Tarc\u00edsio de Freitas, durante evento no Pal\u00e1cio dos Bandeirantes. Do total anunciado, R$ 201 milh\u00f5es correspondem \u00e0 nova parcela do Incentivo \u00e0 Gest\u00e3o Municipal [&hellip;]<\/p>\n","protected":false},"author":1,"featured_media":68423,"comment_status":"","ping_status":"open","sticky":false,"template":"","format":"standard","meta":{"_jetpack_newsletter_access":"","_jetpack_dont_email_post_to_subs":false,"_jetpack_newsletter_tier_id":0,"_jetpack_memberships_contains_paywalled_content":false,"_mbp_banners":[],"_jetpack_feature_clip_id":0,"_jetpack_memberships_contains_paid_content":false,"footnotes":"","jetpack_publicize_message":"","jetpack_publicize_feature_enabled":true,"jetpack_social_post_already_shared":true,"jetpack_social_options":{"image_generator_settings":{"template":"highway","default_image_id":0,"font":"","enabled":false},"version":2},"jetpack_post_was_ever_published":false},"categories":[21],"tags":[],"class_list":["post-68422","post","type-post","status-publish","format-standard","has-post-thumbnail","category-sp-news"],"jetpack_publicize_connections":[],"jetpack-related-posts":[],"jetpack_shortlink":"https:\/\/wp.me\/p7Eq1F-hNA","jetpack_sharing_enabled":true,"jetpack_featured_media_url":"https:\/\/i0.wp.com\/guialimeira.com.br\/news\/wp-content\/uploads\/2026\/06\/Governo-de-SP-anuncia-mais-de-R-800-milhoes-para.jpg?fit=1024%2C683&ssl=1","_links":{"self":[{"href":"https:\/\/guialimeira.com.br\/news\/wp-json\/wp\/v2\/posts\/68422","targetHints":{"allow":["GET"]}}],"collection":[{"href":"https:\/\/guialimeira.com.br\/news\/wp-json\/wp\/v2\/posts"}],"about":[{"href":"https:\/\/guialimeira.com.br\/news\/wp-json\/wp\/v2\/types\/post"}],"author":[{"embeddable":true,"href":"https:\/\/guialimeira.com.br\/news\/wp-json\/wp\/v2\/users\/1"}],"replies":[{"embeddable":true,"href":"https:\/\/guialimeira.com.br\/news\/wp-json\/wp\/v2\/comments?post=68422"}],"version-history":[{"count":0,"href":"https:\/\/guialimeira.com.br\/news\/wp-json\/wp\/v2\/posts\/68422\/revisions"}],"wp:featuredmedia":[{"embeddable":true,"href":"https:\/\/guialimeira.com.br\/news\/wp-json\/wp\/v2\/media\/68423"}],"wp:attachment":[{"href":"https:\/\/guialimeira.com.br\/news\/wp-json\/wp\/v2\/media?parent=68422"}],"wp:term":[{"taxonomy":"category","embeddable":true,"href":"https:\/\/guialimeira.com.br\/news\/wp-json\/wp\/v2\/categories?post=68422"},{"taxonomy":"post_tag","embeddable":true,"href":"https:\/\/guialimeira.com.br\/news\/wp-json\/wp\/v2\/tags?post=68422"}],"curies":[{"name":"wp","href":"https:\/\/api.w.org\/{rel}","templated":true}]}}