{"id":68421,"date":"2026-06-09T14:53:56","date_gmt":"2026-06-09T17:53:56","guid":{"rendered":"https:\/\/guialimeira.com.br\/prefeitura-promove-palestra-a-mulher-em-metamorfose-inscricoes-seguem-abertas-ate-esta-terca-feira-9\/"},"modified":"2026-06-09T14:53:56","modified_gmt":"2026-06-09T17:53:56","slug":"prefeitura-promove-palestra-a-mulher-em-metamorfose-inscricoes-seguem-abertas-ate-esta-terca-feira-9","status":"publish","type":"post","link":"https:\/\/guialimeira.com.br\/news\/prefeitura-promove-palestra-a-mulher-em-metamorfose-inscricoes-seguem-abertas-ate-esta-terca-feira-9\/","title":{"rendered":"Prefeitura promove palestra \u201cA Mulher em Metamorfose\u201d; inscri\u00e7\u00f5es seguem abertas at\u00e9 esta ter\u00e7a-feira (9)"},"content":{"rendered":"<p> <br \/>\n<\/p>\n<div>\n                <main class=\"\">&#13;<br \/>\n                    &#13;<br \/>\n&#13;<br \/>\n&#13;<br \/>\n&#13;<br \/>\n&#13;<br \/>\n&#13;<br \/>\n    <img data-recalc-dims=\"1\" decoding=\"async\" src=\"https:\/\/i0.wp.com\/ecrie.com.br\/sistema\/conteudos\/imagem\/m_137_0_1_24032026150039.jpeg?w=696&#038;ssl=1\" alt=\"Prefeitura promove palestra \u201cA Mulher em Metamorfose\u201d; inscri\u00e7\u00f5es seguem abertas at\u00e9 esta ter\u00e7a-feira (9)\"\/>&#13;<br \/>\n&#13;<br \/>\n&#13;<\/p>\n<p>A Prefeitura de Limeira est\u00e1 com inscri\u00e7\u00f5es abertas at\u00e9 esta ter\u00e7a-feira (9) para a palestra \u201cA Mulher em Metamorfose\u201d, que ser\u00e1 ministrada pela psic\u00f3loga e psicanalista, Gi Adorno. O encontro acontece nesta quarta-feira (10) das 14h \u00e0s 15h, no Espa\u00e7o Empodera (N\u00facleo de Atendimento ao Cidad\u00e3o), localizado na Av. Dr. Lauro Corr\u00eaa da Silva, 3.800, Jardim Ad\u00e9lia Cavicchia Grotta. As interessadas podem se inscrever por meio do formul\u00e1rio \u00a0<a href=\"https:\/\/forms.gle\/TG1k8HhceJMWA5K99\" rel=\"noopener\"><u>https:\/\/forms.gle\/TG1k8HhceJMWA5K99<\/u><\/a>\u00a0.<\/p>\n<p>&#13;<\/p>\n<p>\u00a0<\/p>\n<p>&#13;<\/p>\n<p>Voltada ao p\u00fablico feminino, a palestra prop\u00f5e uma reflex\u00e3o sobre os desafios, mudan\u00e7as e transforma\u00e7\u00f5es que fazem parte da trajet\u00f3ria das mulheres, abordando temas ligados ao autoconhecimento, fortalecimento emocional, autoestima e desenvolvimento pessoal.<\/p>\n<p>&#13;<\/p>\n<p>Gi Adorno atua com desenvolvimento emocional e autoconhecimento feminino e \u00e9 criadora do M\u00e9todo Pupa, uma mentoria destinada a mulheres que enfrentam per\u00edodos de transi\u00e7\u00e3o e mudan\u00e7as significativas em suas vidas. A especialista tamb\u00e9m participa de eventos, programas de r\u00e1dio e podcasts, nos quais compartilha conhecimentos sobre sa\u00fade emocional, comportamento e crescimento pessoal.<\/p>\n<p>&#13;<\/p>\n<p>\u00a0<\/p>\n<p>&#13;<\/p>\n<p>A iniciativa integra as a\u00e7\u00f5es do Programa Empodera, desenvolvido pelo Fundo Social de Limeira, que busca promover acolhimento, fortalecimento da autonomia e oportunidades de desenvolvimento para as mulheres do munic\u00edpio.<\/p>\n<p>&#13;<\/p>\n<p>\u00a0<\/p>\n<p>&#13;<\/p>\n<p>A iniciativa integra as a\u00e7\u00f5es do Fundo Social, por meio do Programa Empodera, e est\u00e1 alinhada \u00e0 ODS 5 \u2013 Igualdade de G\u00eanero, da Organiza\u00e7\u00e3o das Na\u00e7\u00f5es Unidas (ONU), ao promover o fortalecimento da autonomia, do desenvolvimento pessoal e do protagonismo das mulheres na sociedade.<\/p>\n<p>&#13;<\/p>\n<p>\u00a0<\/p>\n<p>&#13;<\/p>\n<p><strong>SERVI\u00c7O<\/strong><\/p>\n<p>&#13;<\/p>\n<p>\u00a0<\/p>\n<p>&#13;<\/p>\n<p><strong>Evento: <\/strong>Palestra \u201cA Mulher em Metamorfose\u201d<\/p>\n<p>&#13;<\/p>\n<p><strong>Palestrante:<\/strong>\u00a0Gi Adorno<\/p>\n<p>&#13;<\/p>\n<p><strong>Data: <\/strong>10 de junho<\/p>\n<p>&#13;<\/p>\n<p><strong>Hor\u00e1rio: <\/strong>14h \u00e0s 15h<\/p>\n<p>&#13;<\/p>\n<p><strong>Local: <\/strong>Espa\u00e7o Empodera (N\u00facleo de Atendimento ao Cidad\u00e3o)<\/p>\n<p>&#13;<\/p>\n<p><strong>Endere\u00e7o:<\/strong>\u00a0Av. Dr. Lauro Corr\u00eaa da Silva, 3.800 \u2013 Jardim Ad\u00e9lia Cavicchia Grotta<\/p>\n<p>&#13;<\/p>\n<p><strong>Inscri\u00e7\u00f5es: <\/strong>at\u00e9 hoje (9) mediante formul\u00e1rio; <a href=\"https:\/\/forms.gle\/TG1k8HhceJMWA5K99\" rel=\"noopener\"><u>https:\/\/forms.gle\/TG1k8HhceJMWA5K99<\/u><\/a>\u00a0\u00a0ou telefone (19) 99375-0086<\/p>\n<p>&#13;<br \/>\n&#13;<br \/>\n&#13;<br \/>\n&#13;<\/p>\n<article class=\"conteudo-relacionado no-print\">&#13;<br \/>\n        &#13;<br \/>\n&#13;<br \/>\n        &#13;<br \/>\n    <\/article>\n<p>&#13;<br \/>\n&#13;<br \/>\n                <\/main><\/p><\/div>\n<p><br \/>\n<br \/><a href=\"https:\/\/limeira.sp.gov.br\/prefeitura-promove-palestra-a-mulher-em-metamorfose-inscricoes-seguem-abertas-ate-esta-terca-feira-9\" rel=\"noopener\">Informa\u00e7\u00f5es da PML <\/a><\/p>\n","protected":false},"excerpt":{"rendered":"<p>&#13; &#13; &#13; &#13; &#13; &#13; &#13; &#13; &#13; &#13; A Prefeitura de Limeira est\u00e1 com inscri\u00e7\u00f5es abertas at\u00e9 esta ter\u00e7a-feira (9) para a palestra \u201cA Mulher em Metamorfose\u201d, que ser\u00e1 ministrada pela psic\u00f3loga e psicanalista, Gi Adorno. O encontro acontece nesta quarta-feira (10) das 14h \u00e0s 15h, no Espa\u00e7o Empodera (N\u00facleo de Atendimento ao [&hellip;]<\/p>\n","protected":false},"author":1,"featured_media":59267,"comment_status":"","ping_status":"open","sticky":false,"template":"","format":"standard","meta":{"_jetpack_newsletter_access":"","_jetpack_dont_email_post_to_subs":false,"_jetpack_newsletter_tier_id":0,"_jetpack_memberships_contains_paywalled_content":false,"_mbp_banners":[],"_jetpack_feature_clip_id":0,"_jetpack_memberships_contains_paid_content":false,"footnotes":"","jetpack_publicize_message":"","jetpack_publicize_feature_enabled":true,"jetpack_social_post_already_shared":true,"jetpack_social_options":{"image_generator_settings":{"template":"highway","default_image_id":0,"font":"","enabled":false},"version":2},"jetpack_post_was_ever_published":false},"categories":[16],"tags":[],"class_list":["post-68421","post","type-post","status-publish","format-standard","has-post-thumbnail","category-local"],"jetpack_publicize_connections":[],"jetpack-related-posts":[],"jetpack_shortlink":"https:\/\/wp.me\/p7Eq1F-hNz","jetpack_sharing_enabled":true,"jetpack_featured_media_url":"https:\/\/i0.wp.com\/guialimeira.com.br\/news\/wp-content\/uploads\/2026\/03\/m_137_0_1_24032026150039.jpeg?fit=1024%2C682&ssl=1","_links":{"self":[{"href":"https:\/\/guialimeira.com.br\/news\/wp-json\/wp\/v2\/posts\/68421","targetHints":{"allow":["GET"]}}],"collection":[{"href":"https:\/\/guialimeira.com.br\/news\/wp-json\/wp\/v2\/posts"}],"about":[{"href":"https:\/\/guialimeira.com.br\/news\/wp-json\/wp\/v2\/types\/post"}],"author":[{"embeddable":true,"href":"https:\/\/guialimeira.com.br\/news\/wp-json\/wp\/v2\/users\/1"}],"replies":[{"embeddable":true,"href":"https:\/\/guialimeira.com.br\/news\/wp-json\/wp\/v2\/comments?post=68421"}],"version-history":[{"count":0,"href":"https:\/\/guialimeira.com.br\/news\/wp-json\/wp\/v2\/posts\/68421\/revisions"}],"wp:featuredmedia":[{"embeddable":true,"href":"https:\/\/guialimeira.com.br\/news\/wp-json\/wp\/v2\/media\/59267"}],"wp:attachment":[{"href":"https:\/\/guialimeira.com.br\/news\/wp-json\/wp\/v2\/media?parent=68421"}],"wp:term":[{"taxonomy":"category","embeddable":true,"href":"https:\/\/guialimeira.com.br\/news\/wp-json\/wp\/v2\/categories?post=68421"},{"taxonomy":"post_tag","embeddable":true,"href":"https:\/\/guialimeira.com.br\/news\/wp-json\/wp\/v2\/tags?post=68421"}],"curies":[{"name":"wp","href":"https:\/\/api.w.org\/{rel}","templated":true}]}}