{"id":68420,"date":"2026-06-09T14:20:58","date_gmt":"2026-06-09T17:20:58","guid":{"rendered":"https:\/\/guialimeira.com.br\/camara-divulga-lista-final-dos-vereadores-juniores-de-2026\/"},"modified":"2026-06-09T14:20:58","modified_gmt":"2026-06-09T17:20:58","slug":"camara-divulga-lista-final-dos-vereadores-juniores-de-2026","status":"publish","type":"post","link":"https:\/\/guialimeira.com.br\/news\/camara-divulga-lista-final-dos-vereadores-juniores-de-2026\/","title":{"rendered":"C\u00e2mara divulga lista final dos vereadores juniores de 2026"},"content":{"rendered":"<p>C\u00e2mara divulga lista final dos vereadores juniores de 2026<\/p>\n<p>Com a finalidade de proporcionar aos jovens de 12 a 16 anos a viv\u00eancia do processo Legislativo durante um ano, a C\u00e2mara Municipal de Limeira divulgou a lista final dos Vereadores Juniores de 2026, nesta ter\u00e7a-feira, 9 de junho.<\/p>\n<p>O projeto de educa\u00e7\u00e3o pol\u00edtica \u00e9 organizado pela Escola Legislativa Paulo Freire, que tamb\u00e9m informou que a realiza\u00e7\u00e3o do sorteio dos vereadores padrinhos ser\u00e1 na pr\u00f3xima ter\u00e7a-feira, 16 de junho, \u00e0s 9h30, no Plen\u00e1rio Vereador Vit\u00f3rio Bortolan com transmiss\u00e3o ao vivo pelos canais de comunica\u00e7\u00e3o da Casa, no Youtube, Facebook e site. A atividade definir\u00e1 os respectivos padrinhos e madrinhas que acompanhar\u00e3o os parlamentares juniores em exerc\u00edcio de mandato.<\/p>\n<p>As normas para composi\u00e7\u00e3o da C\u00e2mara de Vereadores Juniores s\u00e3o definidas pela Resolu\u00e7\u00e3o N\u00ba 843\/2023, de autoria da Mesa Diretora, e que disp\u00f5e sobre a cria\u00e7\u00e3o do projeto Parlamento Jovem. Ao todo, 21 alunos de diferentes institui\u00e7\u00f5es de ensino do Munic\u00edpio foram escolhidos para atuar, confira a lista:<\/p>\n<p>Abra\u00e3o Gustavo Silva dos Santos &#8211; Col\u00e9gio Adventista<\/p>\n<p>Ana Beatriz Gomes Pereira &#8211; Col\u00e9gio Adventista<\/p>\n<p>Anthony Fraceto da Silva &#8211; E.E Prof\u00ba Ely de Almeida Campos<\/p>\n<p>Antonella Dela Libera Carvalho &#8211; Col\u00e9gio Portal Anglo<\/p>\n<p>Daniel Oliveira Cazonatto &#8211; SESI 442<\/p>\n<p>Davi Martins Leit\u00e3o &#8211; Col\u00e9gio Din\u00e2mico de Limeira<\/p>\n<p>Eduarda Antunes Cavalcante &#8211; E.E. Dom Id\u00edlio Jos\u00e9 Soares<\/p>\n<p>Gabriel Henrique Favoreto &#8211; E.E. Dom Id\u00edlio Jos\u00e9 Soares<\/p>\n<p>Igor \u00c9lcio Marques dos Santos &#8211; E.E. Prof\u00aa Ruth Ramos Cappi<\/p>\n<p>Kaique Ribeiro Detz &#8211; SESI 005<\/p>\n<p>Kessia dos Santos Salgado &#8211; ETEC Trajano Camargo<\/p>\n<p>Laura Ramos Barbosa &#8211; E.E. Irm\u00e3 Maria Gertrudes Rebello<\/p>\n<p>L\u00edvia de Souza Adriano &#8211; SESI 408<\/p>\n<p>Lorena Galli Teixeira &#8211; Col\u00e9gio Portal Anglo<\/p>\n<p>Luisa Andrade &#8211; SESI 408<\/p>\n<p>Luiz Felipe Perlingeiro Pinto &#8211; Col\u00e9gio Aprovado<\/p>\n<p>Mateus Souza Silva &#8211; SESI 005<\/p>\n<p>Miguel Fonsaca Ruy &#8211; ETEC Trajano Camargo<\/p>\n<p>Pedro Henrique de Sena &#8211; Col\u00e9gio S\u00e3o Francisco<\/p>\n<p>Samuel Kenedy Ferreira da Silva &#8211; E.E. Prof\u00aa Ruth Ramos Cappi<\/p>\n<p>Vitor Sander Souza &#8211; Col\u00e9gio Din\u00e2mico de Limeira<\/p>\n<p>Endere\u00e7o<\/p>\n<p>Temporariamente a C\u00e2mara est\u00e1 localizada na rua Clarino Peixoto, 280 &#8211; Jardim Maria Buchi Modeneis, devido \u00e0s obras de reforma e amplia\u00e7\u00e3o da sede. Para entrar no pr\u00e9dio basta se identificar na portaria e seguir at\u00e9 o \u00faltimo bloco. As orienta\u00e7\u00f5es para chegar ao endere\u00e7o est\u00e3o neste link.<\/p>\n<hr>\n<p><em>Fonte: <a href=\"https:\/\/www.limeira.sp.leg.br\/noticias\/view\/2026-06-09_camara-divulga-lista-final-dos-vereadores-juniores-de-2026\" target=\"_blank\" rel=\"noopener\">C\u00e2mara Municipal de Limeira<\/a><\/em><\/p>\n","protected":false},"excerpt":{"rendered":"<p>C\u00e2mara divulga lista final dos vereadores juniores de 2026<\/p>\n<p>Com a finalidade de proporcionar aos jovens de 12 a 16 anos a viv\u00eancia do processo Legislativo durante um ano, a C\u00e2mara Municipal de Limeira divulgou a lista final dos Vereadores Juniores de 2026, nesta ter\u00e7a-feira, 9 de junho.<\/p>\n<p>O projeto d<\/p>\n","protected":false},"author":4,"featured_media":68419,"comment_status":"","ping_status":"open","sticky":false,"template":"","format":"standard","meta":{"_jetpack_newsletter_access":"","_jetpack_dont_email_post_to_subs":false,"_jetpack_newsletter_tier_id":0,"_jetpack_memberships_contains_paywalled_content":false,"_mbp_banners":[],"_jetpack_feature_clip_id":0,"_jetpack_memberships_contains_paid_content":false,"footnotes":"","jetpack_publicize_message":"","jetpack_publicize_feature_enabled":true,"jetpack_social_post_already_shared":true,"jetpack_social_options":{"image_generator_settings":{"template":"highway","default_image_id":0,"font":"","enabled":false},"version":2},"jetpack_post_was_ever_published":false},"categories":[19],"tags":[],"class_list":["post-68420","post","type-post","status-publish","format-standard","has-post-thumbnail","category-politica"],"jetpack_publicize_connections":[],"jetpack-related-posts":[],"jetpack_shortlink":"https:\/\/wp.me\/p7Eq1F-hNy","jetpack_sharing_enabled":true,"jetpack_featured_media_url":"https:\/\/i0.wp.com\/guialimeira.com.br\/news\/wp-content\/uploads\/2026\/06\/noticia-camara-32.jpg?fit=1280%2C640&ssl=1","_links":{"self":[{"href":"https:\/\/guialimeira.com.br\/news\/wp-json\/wp\/v2\/posts\/68420","targetHints":{"allow":["GET"]}}],"collection":[{"href":"https:\/\/guialimeira.com.br\/news\/wp-json\/wp\/v2\/posts"}],"about":[{"href":"https:\/\/guialimeira.com.br\/news\/wp-json\/wp\/v2\/types\/post"}],"author":[{"embeddable":true,"href":"https:\/\/guialimeira.com.br\/news\/wp-json\/wp\/v2\/users\/4"}],"replies":[{"embeddable":true,"href":"https:\/\/guialimeira.com.br\/news\/wp-json\/wp\/v2\/comments?post=68420"}],"version-history":[{"count":0,"href":"https:\/\/guialimeira.com.br\/news\/wp-json\/wp\/v2\/posts\/68420\/revisions"}],"wp:featuredmedia":[{"embeddable":true,"href":"https:\/\/guialimeira.com.br\/news\/wp-json\/wp\/v2\/media\/68419"}],"wp:attachment":[{"href":"https:\/\/guialimeira.com.br\/news\/wp-json\/wp\/v2\/media?parent=68420"}],"wp:term":[{"taxonomy":"category","embeddable":true,"href":"https:\/\/guialimeira.com.br\/news\/wp-json\/wp\/v2\/categories?post=68420"},{"taxonomy":"post_tag","embeddable":true,"href":"https:\/\/guialimeira.com.br\/news\/wp-json\/wp\/v2\/tags?post=68420"}],"curies":[{"name":"wp","href":"https:\/\/api.w.org\/{rel}","templated":true}]}}