{"id":68412,"date":"2026-06-09T13:55:12","date_gmt":"2026-06-09T16:55:12","guid":{"rendered":"https:\/\/guialimeira.com.br\/estacoes-da-cptm-recebem-campanha-de-vacinacao-contra-influenza-febre-amarela-e-outras\/"},"modified":"2026-06-09T13:55:12","modified_gmt":"2026-06-09T16:55:12","slug":"estacoes-da-cptm-recebem-campanha-de-vacinacao-contra-influenza-febre-amarela-e-outras","status":"publish","type":"post","link":"https:\/\/guialimeira.com.br\/news\/estacoes-da-cptm-recebem-campanha-de-vacinacao-contra-influenza-febre-amarela-e-outras\/","title":{"rendered":"Esta\u00e7\u00f5es da CPTM recebem campanha de vacina\u00e7\u00e3o contra Influenza, Febre Amarela e outras"},"content":{"rendered":"<p> <br \/>\n<br \/><img data-recalc-dims=\"1\" decoding=\"async\" src=\"https:\/\/i0.wp.com\/www.agenciasp.sp.gov.br\/wp-content\/uploads\/2026\/03\/interna-tiposimunidade.jpg?w=696&#038;ssl=1\" \/><\/p>\n<div>\n<p class=\"wp-block-paragraph\">Os passageiros que circularem pelas esta\u00e7\u00f5es Comendador Ermelino, Itaim Paulista, S\u00e3o Miguel Paulista, Palmeiras\u2013Barra Funda, Engenheiro Goulart e Rio Grande da Serra da CPTM poder\u00e3o atualizar a carteira de vacina\u00e7\u00e3o entre os dias 9 e 12 de junho.<\/p>\n<p class=\"wp-block-paragraph\">Em refer\u00eancia ao Dia Nacional da Imuniza\u00e7\u00e3o, a <a href=\"https:\/\/www.cptm.sp.gov.br\/\" data-type=\"link\" data-id=\"www.cptm.sp.gov.br\/\" target=\"_blank\" rel=\"noopener\">CPTM<\/a> recebe, em parceria com a Secretaria Municipal da Sa\u00fade de S\u00e3o Paulo e a Secretaria Municipal de Sa\u00fade de Rio Grande da Serra, uma campanha gratuita de vacina\u00e7\u00e3o.<\/p>\n<p class=\"wp-block-paragraph\">O Dia Nacional da Imuniza\u00e7\u00e3o \u00e9 celebrado no dia 9 de junho. A data tem como objetivo principal conscientizar a popula\u00e7\u00e3o sobre a import\u00e2ncia da vacina\u00e7\u00e3o, al\u00e9m de destacar o papel fundamental do Programa Nacional de Imuniza\u00e7\u00f5es na prote\u00e7\u00e3o da sa\u00fade p\u00fablica e na erradica\u00e7\u00e3o de doen\u00e7as.<\/p>\n<p class=\"wp-block-paragraph\">A iniciativa tem como objetivo ampliar o acesso da popula\u00e7\u00e3o \u00e0s vacinas e refor\u00e7ar a import\u00e2ncia da imuniza\u00e7\u00e3o na preven\u00e7\u00e3o de doen\u00e7as. Durante a a\u00e7\u00e3o, ser\u00e3o disponibilizadas doses contra Influenza, Sarampo, Caxumba e Rub\u00e9ola (SCR) e <a href=\"https:\/\/www.agenciasp.sp.gov.br\/febre-amarela-duvidas-sobre-a-doenca\/\" rel=\"noopener\">Febre Amarela<\/a>.<\/p>\n<p class=\"wp-block-paragraph\"><strong>LEIA TAMB\u00c9M: <\/strong><a href=\"https:\/\/www.agenciasp.sp.gov.br\/governo-de-sp-reforca-vacinacao-contra-febre-amarela-no-abc-apos-confirmacao-do-virus-em-santo-andre\/\" rel=\"noopener\">Governo de SP refor\u00e7a vacina\u00e7\u00e3o contra febre amarela no ABC ap\u00f3s confirma\u00e7\u00e3o do v\u00edrus em Santo Andr\u00e9<\/a><\/p>\n<p class=\"wp-block-paragraph\">A a\u00e7\u00e3o integra as estrat\u00e9gias de vacina\u00e7\u00e3o extramuros das secretarias municipais de sa\u00fade, levando os servi\u00e7os de imuniza\u00e7\u00e3o para locais de grande circula\u00e7\u00e3o de pessoas e contribuindo para a amplia\u00e7\u00e3o da cobertura vacinal.<\/p>\n<h3 class=\"wp-block-heading\">Servi\u00e7o<\/h3>\n<h4 class=\"wp-block-heading\">Campanha de vacina\u00e7\u00e3o \u2013 Dia Nacional da Imuniza\u00e7\u00e3o<\/h4>\n<p class=\"wp-block-paragraph\">Local: Esta\u00e7\u00e3o Palmeiras\u2013Barra Funda (Linhas 10-Turquesa, 11-Coral e Expresso Aeroporto)<br \/>Data: segunda a sexta-feira (09 a 12\/06)<br \/>Hor\u00e1rio: das 9h \u00e0s 16h<\/p>\n<p class=\"wp-block-paragraph\">Local: Esta\u00e7\u00e3o Comendador Ermelino (Linha 12\u2013Safira)<br \/>Data: ter\u00e7a-feira (09\/06)<br \/>Hor\u00e1rio: das 9h \u00e0s 16h<\/p>\n<p class=\"wp-block-paragraph\">Local: Esta\u00e7\u00e3o Itaim Paulista (Linha 12\u2013Safira)<br \/>Data: quarta-feira (10\/06)<br \/>Hor\u00e1rio: das 9h \u00e0s 16h<\/p>\n<p class=\"wp-block-paragraph\">Local: Esta\u00e7\u00e3o Engenheiro Goulart (Linhas 12\u2013Safira e 13\u2013Jade)<br \/>Data: quinta-feira (11\/06)<br \/>Hor\u00e1rio: das 9h \u00e0s 16h<\/p>\n<p class=\"wp-block-paragraph\">Local: Esta\u00e7\u00e3o S\u00e3o Miguel Paulista (Linha 12\u2013Safira)<br \/>Data: quinta-feira (11\/06)<br \/>Hor\u00e1rio: das 9h \u00e0s 16h<\/p>\n<\/p><\/div>\n<p><br \/>\n<br \/><a href=\"https:\/\/www.agenciasp.sp.gov.br\/cptm-vacinacao-influenza-febre-amarela\/\" rel=\"noopener\">Informa\u00e7\u00f5es GOV.SP<\/a><\/p>\n","protected":false},"excerpt":{"rendered":"<p>Os passageiros que circularem pelas esta\u00e7\u00f5es Comendador Ermelino, Itaim Paulista, S\u00e3o Miguel Paulista, Palmeiras\u2013Barra Funda, Engenheiro Goulart e Rio Grande da Serra da CPTM poder\u00e3o atualizar a carteira de vacina\u00e7\u00e3o entre os dias 9 e 12 de junho. Em refer\u00eancia ao Dia Nacional da Imuniza\u00e7\u00e3o, a CPTM recebe, em parceria com a Secretaria Municipal da [&hellip;]<\/p>\n","protected":false},"author":1,"featured_media":68413,"comment_status":"","ping_status":"open","sticky":false,"template":"","format":"standard","meta":{"_jetpack_newsletter_access":"","_jetpack_dont_email_post_to_subs":false,"_jetpack_newsletter_tier_id":0,"_jetpack_memberships_contains_paywalled_content":false,"_mbp_banners":[],"_jetpack_feature_clip_id":0,"_jetpack_memberships_contains_paid_content":false,"footnotes":"","jetpack_publicize_message":"","jetpack_publicize_feature_enabled":true,"jetpack_social_post_already_shared":true,"jetpack_social_options":{"image_generator_settings":{"template":"highway","default_image_id":0,"font":"","enabled":false},"version":2},"jetpack_post_was_ever_published":false},"categories":[21],"tags":[],"class_list":["post-68412","post","type-post","status-publish","format-standard","has-post-thumbnail","category-sp-news"],"jetpack_publicize_connections":[],"jetpack-related-posts":[],"jetpack_shortlink":"https:\/\/wp.me\/p7Eq1F-hNq","jetpack_sharing_enabled":true,"jetpack_featured_media_url":"https:\/\/i0.wp.com\/guialimeira.com.br\/news\/wp-content\/uploads\/2026\/06\/Estacoes-da-CPTM-recebem-campanha-de-vacinacao-contra-Influenza-Febre.jpg?fit=750%2C500&ssl=1","_links":{"self":[{"href":"https:\/\/guialimeira.com.br\/news\/wp-json\/wp\/v2\/posts\/68412","targetHints":{"allow":["GET"]}}],"collection":[{"href":"https:\/\/guialimeira.com.br\/news\/wp-json\/wp\/v2\/posts"}],"about":[{"href":"https:\/\/guialimeira.com.br\/news\/wp-json\/wp\/v2\/types\/post"}],"author":[{"embeddable":true,"href":"https:\/\/guialimeira.com.br\/news\/wp-json\/wp\/v2\/users\/1"}],"replies":[{"embeddable":true,"href":"https:\/\/guialimeira.com.br\/news\/wp-json\/wp\/v2\/comments?post=68412"}],"version-history":[{"count":0,"href":"https:\/\/guialimeira.com.br\/news\/wp-json\/wp\/v2\/posts\/68412\/revisions"}],"wp:featuredmedia":[{"embeddable":true,"href":"https:\/\/guialimeira.com.br\/news\/wp-json\/wp\/v2\/media\/68413"}],"wp:attachment":[{"href":"https:\/\/guialimeira.com.br\/news\/wp-json\/wp\/v2\/media?parent=68412"}],"wp:term":[{"taxonomy":"category","embeddable":true,"href":"https:\/\/guialimeira.com.br\/news\/wp-json\/wp\/v2\/categories?post=68412"},{"taxonomy":"post_tag","embeddable":true,"href":"https:\/\/guialimeira.com.br\/news\/wp-json\/wp\/v2\/tags?post=68412"}],"curies":[{"name":"wp","href":"https:\/\/api.w.org\/{rel}","templated":true}]}}