{"id":68395,"date":"2026-06-09T09:50:06","date_gmt":"2026-06-09T12:50:06","guid":{"rendered":"https:\/\/guialimeira.com.br\/junho-vermelho-pro-sangue-tem-programacao-para-engajar-novos-doadores\/"},"modified":"2026-06-09T09:50:06","modified_gmt":"2026-06-09T12:50:06","slug":"junho-vermelho-pro-sangue-tem-programacao-para-engajar-novos-doadores","status":"publish","type":"post","link":"https:\/\/guialimeira.com.br\/news\/junho-vermelho-pro-sangue-tem-programacao-para-engajar-novos-doadores\/","title":{"rendered":"Junho Vermelho: Pr\u00f3-Sangue tem programa\u00e7\u00e3o para engajar novos doadores"},"content":{"rendered":"<p> <br \/>\n<br \/><img data-recalc-dims=\"1\" decoding=\"async\" src=\"https:\/\/i0.wp.com\/www.agenciasp.sp.gov.br\/wp-content\/uploads\/2025\/02\/54350822096_f92ce50ba7_k.jpg?w=696&#038;ssl=1\" \/><\/p>\n<div>\n<p class=\"wp-block-paragraph\">Com a chegada do Junho Vermelho, m\u00eas dedicado mundialmente \u00e0 conscientiza\u00e7\u00e3o sobre a import\u00e2ncia da doa\u00e7\u00e3o de sangue, a Funda\u00e7\u00e3o Pr\u00f3-Sangue promove uma s\u00e9rie de a\u00e7\u00f5es especiais para mobilizar a popula\u00e7\u00e3o e refor\u00e7ar a import\u00e2ncia do gesto solid\u00e1rio.<\/p>\n<p class=\"wp-block-paragraph\">A campanha ganha ainda mais relev\u00e2ncia nos dois dias que antecedem o 14 de junho, quando \u00e9 celebrado o Dia Mundial do Doador de Sangue, e durante todo o m\u00eas, quando os cinco postos de coleta da Institui\u00e7\u00e3o recebem ambienta\u00e7\u00e3o tem\u00e1tica, com o objetivo de valorizar os doadores e ampliar a visibilidade da causa.<\/p>\n<p class=\"wp-block-paragraph\">Entre os destaques deste ano est\u00e1 a parceria com a Sanrio, que leva aos postos da Pr\u00f3-Sangue a 6\u00aa edi\u00e7\u00e3o da campanha da\u00a0Hello Kitty, trazendo um ambiente mais acolhedor e l\u00fadico para os volunt\u00e1rios.<\/p>\n<h3 class=\"wp-block-heading\"><strong>Programa\u00e7\u00e3o especial<\/strong><\/h3>\n<p class=\"wp-block-paragraph\">Na sexta-feira (12), os doadores ter\u00e3o a oportunidade de encontrar a personagem Hello Kitty em visitas especiais:<\/p>\n<ul class=\"wp-block-list\">\n<li><strong>Posto Dante Pazzanese<\/strong>: das 10h30 \u00e0s 11h.<\/li>\n<li><strong>Posto Cl\u00ednicas<\/strong>: das 14h \u00e0s 14h30. No mesmo local, a partir das 10h, a\u00a0Letraria Cultural\u00a0promove uma a\u00e7\u00e3o de doa\u00e7\u00e3o e troca de livros.<\/li>\n<\/ul>\n<p class=\"wp-block-paragraph\">J\u00e1 no s\u00e1bado,\u00a013 de junho, o Posto Cl\u00ednicas recebe uma programa\u00e7\u00e3o cultural aberta ao p\u00fablico. \u00c0s 11h, o\u00a0Grupo Impulso\u00a0realiza uma apresenta\u00e7\u00e3o art\u00edstica, com apoio da\u00a0Multicenas.<\/p>\n<h3 class=\"wp-block-heading\"><strong>Parcerias e mobiliza\u00e7\u00e3o<\/strong><\/h3>\n<p class=\"wp-block-paragraph\">A iniciativa conta com o apoio de diversas empresas e institui\u00e7\u00f5es, entre elas a marca de maquiagem\u00a0Anna Hickmann,\u00a0Mackcolor,\u00a0Copag,\u00a0Mupy\u00a0e o\u00a0Instituto Brasileiro do PVC, que participam ativamente das a\u00e7\u00f5es presenciais promovidas pela campanha.<\/p>\n<p class=\"wp-block-paragraph\">A mobiliza\u00e7\u00e3o tamb\u00e9m re\u00fane importantes parceiros estrat\u00e9gicos na divulga\u00e7\u00e3o, como o grupo\u00a0Hemocentros Unidos, respons\u00e1vel por uma campanha personalizada voltada aos hemocentros p\u00fablicos de todo o Brasil. Somam-se a essa rede de apoio a\u00a0Abrale\u00a0e a\u00a0Abrasta, que, al\u00e9m de ampliarem a divulga\u00e7\u00e3o da iniciativa, integram neste ano o grupo de parceiros que prestar\u00e3o homenagens especiais aos doadores de sangue, em reconhecimento ao seu gesto de solidariedade e cidadania.<\/p>\n<p class=\"wp-block-paragraph\">A\u00a0SPObras\u00a0contribui com a veicula\u00e7\u00e3o de mensagens em rel\u00f3gios de rua da cidade, assim como a\u00a0ARTESP, que disponibilizar\u00e1 mensagens bonificadas nos 465 pain\u00e9is ao longo dos 11,7 mil quil\u00f4metros de rodovias de S\u00e3o Paulo, direcionando a doa\u00e7\u00e3o para um dos postos da Pr\u00f3-Sangue. A\u00a0BETC Havas\u00a0tamb\u00e9m participou das homenagens aos doadores da Pr\u00f3-Sangue, desenvolvendo pe\u00e7as para o Dia dos Namorados e alinhando bonifica\u00e7\u00e3o em espa\u00e7os publicit\u00e1rios.<\/p>\n<p class=\"wp-block-paragraph\">Al\u00e9m disso, espa\u00e7os culturais como o\u00a0Museu do Futebol, o\u00a0Museu da L\u00edngua Portuguesa\u00a0e o\u00a0Museu da Imigra\u00e7\u00e3o\u00a0integram a programa\u00e7\u00e3o, oferecendo acesso aos seus ambientes conforme regras espec\u00edficas de cada institui\u00e7\u00e3o.<\/p>\n<p class=\"wp-block-paragraph\">A identidade visual da campanha e o enxoval completo foram desenvolvidos pela ag\u00eancia\u00a0Amper, parceira volunt\u00e1ria da Pr\u00f3-Sangue.<\/p>\n<p class=\"wp-block-paragraph\">Para encerrar as ativa\u00e7\u00f5es do m\u00eas de junho, foi desenvolvida internamente uma\u00a0Tabela dos Jogos, permitindo que doadores e colaboradores acompanhem os resultados das partidas e tor\u00e7am juntos pelo Brasil.<\/p>\n<p class=\"wp-block-paragraph\">A vers\u00e3o impressa ficar\u00e1 dispon\u00edvel no setor de Cadastro dos postos de coleta, enquanto durarem os estoques. Al\u00e9m disso, o material tamb\u00e9m poder\u00e1 ser acessado no site da Pr\u00f3-Sangue, onde estar\u00e1 dispon\u00edvel para download e impress\u00e3o (<a href=\"https:\/\/prosangue.sp.gov.br\/reqestoque\/uploads\/arquivos\/2026-06-03%20-%20Nota%20Junho%20Vermelho%20-%20Tabela%20da%20copa%20digital%20-%20frente%20e%20verso.pdf\" target=\"_blank\" rel=\"noreferrer noopener\">clique aqui<\/a>\u00a0para baixar o arquivo).<\/p>\n<h3 class=\"wp-block-heading\"><strong>Import\u00e2ncia da doa\u00e7\u00e3o<\/strong><\/h3>\n<p class=\"wp-block-paragraph\">Mesmo durante campanhas e datas comemorativas, a necessidade de sangue permanece constante. A Pr\u00f3-Sangue refor\u00e7a que a\u00a0doa\u00e7\u00e3o regular\u00a0\u00e9 essencial para manter os estoques abastecidos e garantir o atendimento a pacientes nos 80 hospitais da rede p\u00fablica que a Institui\u00e7\u00e3o abastece.<\/p>\n<h3 class=\"wp-block-heading\"><strong>Junho Vermelho \u2013 Funda\u00e7\u00e3o Pr\u00f3-Sangue<\/strong><\/h3>\n<p class=\"wp-block-paragraph\">Data: 1\u00ba a 30 de junho<\/p>\n<p class=\"wp-block-paragraph\">Locais: Postos de coleta da Funda\u00e7\u00e3o Pr\u00f3-Sangue<\/p>\n<h3 class=\"wp-block-heading\"><strong>A\u00e7\u00f5es especiais<\/strong><\/h3>\n<p class=\"wp-block-paragraph\">12\/06 (sexta-feira): Visita da Hello Kitty<br \/>Posto Dante Pazzanese: 10h30 \u00e0s 11h<br \/>Posto Cl\u00ednicas: 14h \u00e0s 14h30<br \/>Doa\u00e7\u00e3o e troca de livros com a Letraria Cultural<\/p>\n<p class=\"wp-block-paragraph\">13\/06 (s\u00e1bado): Programa\u00e7\u00e3o cultural no Posto Cl\u00ednicas<br \/>11h: Apresenta\u00e7\u00e3o do Grupo Impulso<br \/>Agendamento: <a href=\"https:\/\/www.prosangue.sp.gov.br\" data-type=\"link\" data-id=\"www.prosangue.sp.gov.br\" target=\"_blank\" rel=\"noopener\">www.prosangue.sp.gov.br<\/a><\/p>\n<h3 class=\"wp-block-heading\">Postos de coleta da Pr\u00f3-Sangue<\/h3>\n<p class=\"wp-block-paragraph\"><strong>Posto Osasco<\/strong>\u00a0\u2013 R. Ari Barroso, 355 \u2013 Presidente Altino \u2013 Osasco\/SP<\/p>\n<p class=\"wp-block-paragraph\"><strong>Posto Barueri<\/strong>\u00a0\u2013 R. Guilhermina Carril Loureiro, 144 \u2013 Centro \u2013 Barueri\/SP<\/p>\n<p class=\"wp-block-paragraph\"><strong>Posto Cl\u00ednicas\u00a0<\/strong>\u2013 Av. Dr. En\u00e9as Carvalho de Aguiar, 155 \u2013 1\u00ba andar \u2013 Cerqueira C\u00e9sar \u2013 S\u00e3o Paulo\/SP (pr\u00f3ximo ao metr\u00f4 Cl\u00ednicas e Oscar Freire)<\/p>\n<p class=\"wp-block-paragraph\"><strong>Posto Dante Pazzanese<\/strong>\u00a0\u2013 Av. Dr. Dante Pazzanese, 500 \u2013 Ibirapuera \u2013 S\u00e3o Paulo\/SP<\/p>\n<p class=\"wp-block-paragraph\"><strong>Posto Mandaqui<\/strong>\u00a0\u2013 R. Volunt\u00e1rios da P\u00e1tria, 4.227 \u2013 Mandaqui \u2013 S\u00e3o Paulo\/SP<\/p>\n<\/p><\/div>\n<p><br \/>\n<br \/><a href=\"https:\/\/www.agenciasp.sp.gov.br\/junho-vermelho-pro-sangue-tem-programacao-para-engajar-novos-doadores\/\" rel=\"noopener\">Informa\u00e7\u00f5es GOV.SP<\/a><\/p>\n","protected":false},"excerpt":{"rendered":"<p>Com a chegada do Junho Vermelho, m\u00eas dedicado mundialmente \u00e0 conscientiza\u00e7\u00e3o sobre a import\u00e2ncia da doa\u00e7\u00e3o de sangue, a Funda\u00e7\u00e3o Pr\u00f3-Sangue promove uma s\u00e9rie de a\u00e7\u00f5es especiais para mobilizar a popula\u00e7\u00e3o e refor\u00e7ar a import\u00e2ncia do gesto solid\u00e1rio. A campanha ganha ainda mais relev\u00e2ncia nos dois dias que antecedem o 14 de junho, quando \u00e9 [&hellip;]<\/p>\n","protected":false},"author":1,"featured_media":52532,"comment_status":"","ping_status":"open","sticky":false,"template":"","format":"standard","meta":{"_jetpack_newsletter_access":"","_jetpack_dont_email_post_to_subs":false,"_jetpack_newsletter_tier_id":0,"_jetpack_memberships_contains_paywalled_content":false,"_mbp_banners":[],"_jetpack_feature_clip_id":0,"_jetpack_memberships_contains_paid_content":false,"footnotes":"","jetpack_publicize_message":"","jetpack_publicize_feature_enabled":true,"jetpack_social_post_already_shared":true,"jetpack_social_options":{"image_generator_settings":{"template":"highway","default_image_id":0,"font":"","enabled":false},"version":2},"jetpack_post_was_ever_published":false},"categories":[21],"tags":[],"class_list":["post-68395","post","type-post","status-publish","format-standard","has-post-thumbnail","category-sp-news"],"jetpack_publicize_connections":[],"jetpack-related-posts":[],"jetpack_shortlink":"https:\/\/wp.me\/p7Eq1F-hN9","jetpack_sharing_enabled":true,"jetpack_featured_media_url":"https:\/\/i0.wp.com\/guialimeira.com.br\/news\/wp-content\/uploads\/2026\/01\/Pro-Sangue-alerta-para-queda-nos-estoques-de-sangue.jpg?fit=2048%2C1365&ssl=1","_links":{"self":[{"href":"https:\/\/guialimeira.com.br\/news\/wp-json\/wp\/v2\/posts\/68395","targetHints":{"allow":["GET"]}}],"collection":[{"href":"https:\/\/guialimeira.com.br\/news\/wp-json\/wp\/v2\/posts"}],"about":[{"href":"https:\/\/guialimeira.com.br\/news\/wp-json\/wp\/v2\/types\/post"}],"author":[{"embeddable":true,"href":"https:\/\/guialimeira.com.br\/news\/wp-json\/wp\/v2\/users\/1"}],"replies":[{"embeddable":true,"href":"https:\/\/guialimeira.com.br\/news\/wp-json\/wp\/v2\/comments?post=68395"}],"version-history":[{"count":0,"href":"https:\/\/guialimeira.com.br\/news\/wp-json\/wp\/v2\/posts\/68395\/revisions"}],"wp:featuredmedia":[{"embeddable":true,"href":"https:\/\/guialimeira.com.br\/news\/wp-json\/wp\/v2\/media\/52532"}],"wp:attachment":[{"href":"https:\/\/guialimeira.com.br\/news\/wp-json\/wp\/v2\/media?parent=68395"}],"wp:term":[{"taxonomy":"category","embeddable":true,"href":"https:\/\/guialimeira.com.br\/news\/wp-json\/wp\/v2\/categories?post=68395"},{"taxonomy":"post_tag","embeddable":true,"href":"https:\/\/guialimeira.com.br\/news\/wp-json\/wp\/v2\/tags?post=68395"}],"curies":[{"name":"wp","href":"https:\/\/api.w.org\/{rel}","templated":true}]}}