{"id":68390,"date":"2026-06-09T08:48:48","date_gmt":"2026-06-09T11:48:48","guid":{"rendered":"https:\/\/guialimeira.com.br\/com-mais-de-r-500-milhoes-em-investimentos-linhas-8-diamante-e-9-esmeralda-ganham-novos-elevadores-escadas-rolantes-e-passarelas\/"},"modified":"2026-06-09T08:48:48","modified_gmt":"2026-06-09T11:48:48","slug":"com-mais-de-r-500-milhoes-em-investimentos-linhas-8-diamante-e-9-esmeralda-ganham-novos-elevadores-escadas-rolantes-e-passarelas","status":"publish","type":"post","link":"https:\/\/guialimeira.com.br\/news\/com-mais-de-r-500-milhoes-em-investimentos-linhas-8-diamante-e-9-esmeralda-ganham-novos-elevadores-escadas-rolantes-e-passarelas\/","title":{"rendered":"Com mais de R$ 500 milh\u00f5es em investimentos, linhas 8-Diamante e 9-Esmeralda ganham novos elevadores, escadas rolantes e passarelas"},"content":{"rendered":"<p> <br \/>\n<\/p>\n<div>\n<p class=\"wp-block-paragraph\">Pelo menos 33 das 42 esta\u00e7\u00f5es das Linhas 8-Diamante e 9-Esmeralda receberam obras de melhoria para garantir a mobilidade e acessibilidade dos passageiros nos \u00faltimos quatro anos, fruto de investimento de R$ 542 milh\u00f5es feito pela concession\u00e1ria ViaMobilidade para modernizar o transporte ferrovi\u00e1rio na Capital.<\/p>\n<p class=\"wp-block-paragraph\">As obras incluem a implanta\u00e7\u00e3o de 15 escadas rolantes, 15 elevadores, 9 passarelas e cerca de 13 km de piso t\u00e1til, facilitando o acesso a portadores de defici\u00eancia visual. As duas linhas transportam diariamente mais de 800 mil passageiros.<\/p>\n<p class=\"wp-block-paragraph\">De acordo com pesquisa do instituto Atlas Intel, realizada em outubro de 2025 com os usu\u00e1rios, as duas linhas tiveram uma evolu\u00e7\u00e3o de 77% nos quesitos mobilidade e acessibilidade desde o in\u00edcio da concess\u00e3o, em 2022.<\/p>\n<p class=\"wp-block-paragraph\">Uma das entregas mais recentes ocorreu na Esta\u00e7\u00e3o Jandira, da Linha 8-Diamante, onde foram implantadas duas escadas rolantes em substitui\u00e7\u00e3o a uma antiga escada fixa de ferro que limitava o fluxo dos passageiros que acessam o terminal.\u00a0 \u201cA instala\u00e7\u00e3o dessas escadas melhorou 100% o acesso \u00e0 esta\u00e7\u00e3o. A reforma ficou muito boa\u201d, diz a usu\u00e1ria Arlete Lima.<\/p>\n<figure class=\"wp-block-image size-full\"><img data-recalc-dims=\"1\" fetchpriority=\"high\" decoding=\"async\" width=\"696\" height=\"524\" src=\"https:\/\/i0.wp.com\/www.agenciasp.sp.gov.br\/wp-content\/uploads\/2026\/06\/passarela.png?resize=696%2C524&#038;ssl=1\" alt=\"\" class=\"wp-image-149910\" srcset=\"https:\/\/www.agenciasp.sp.gov.br\/wp-content\/uploads\/2026\/06\/passarela.png 806w, https:\/\/www.agenciasp.sp.gov.br\/wp-content\/uploads\/2026\/06\/passarela-300x226.png 300w, https:\/\/www.agenciasp.sp.gov.br\/wp-content\/uploads\/2026\/06\/passarela-768x578.png 768w, https:\/\/www.agenciasp.sp.gov.br\/wp-content\/uploads\/2026\/06\/passarela-150x113.png 150w\" sizes=\"(max-width: 806px) 100vw, 806px\"\/><figcaption class=\"wp-element-caption\"><em>Passarela da Esta\u00e7\u00e3o Domingos de Moraes, na Linha 8-Diamante  Foto: Divulga\u00e7\u00e3o\/Governo de SP<\/em><\/figcaption><\/figure>\n<p class=\"wp-block-paragraph\"><strong>Comunica\u00e7\u00e3o Visual<\/strong><\/p>\n<p class=\"wp-block-paragraph\">Acessibilidade, mobilidade e moderniza\u00e7\u00e3o englobam tamb\u00e9m elementos de orienta\u00e7\u00e3o, revis\u00e3o e adequa\u00e7\u00e3o da comunica\u00e7\u00e3o visual, implanta\u00e7\u00e3o e adequa\u00e7\u00e3o de sanit\u00e1rios acess\u00edveis e a adapta\u00e7\u00e3o de passeios e acessos externos em ambas as esta\u00e7\u00f5es. H\u00e1 tamb\u00e9m a reforma e inclus\u00e3o de infraestrutura ciclovi\u00e1ria de apoio, com paraciclos e canaletas para transporte de bicicletas nas escadas, bem como a inser\u00e7\u00e3o de dispositivos de ordenamento e seguran\u00e7a, como alambrados e bloqueios, para evitar travessias inadequadas.\u00a0<\/p>\n<p class=\"wp-block-paragraph\"><strong>Tecnologia Sensorial<\/strong><\/p>\n<p class=\"wp-block-paragraph\">A concession\u00e1ria respons\u00e1vel pelas duas linhas passou a usar uma tecnologia sensorial inovadora no treinamento de agentes de atendimento, seguran\u00e7as e operadores de trem. Durante o processo, eles utilizam uma roupa sensorial de 10 quilos com limitadores de articula\u00e7\u00e3o e \u00f3culos que simulam diferentes condi\u00e7\u00f5es visuais. O objetivo \u00e9 fazer com que os funcion\u00e1rios possam vivenciar os desafios enfrentados por idosos e portadores de defici\u00eancia durante a circula\u00e7\u00e3o pelo sistema ferrovi\u00e1rio.\u00a0<\/p>\n<figure class=\"wp-block-image size-full\"><img data-recalc-dims=\"1\" loading=\"lazy\" decoding=\"async\" width=\"693\" height=\"784\" src=\"https:\/\/i0.wp.com\/www.agenciasp.sp.gov.br\/wp-content\/uploads\/2026\/06\/Captura-de-tela-2026-06-08-192828.png?resize=693%2C784&#038;ssl=1\" alt=\"\" class=\"wp-image-149909\" srcset=\"https:\/\/www.agenciasp.sp.gov.br\/wp-content\/uploads\/2026\/06\/Captura-de-tela-2026-06-08-192828.png 693w, https:\/\/www.agenciasp.sp.gov.br\/wp-content\/uploads\/2026\/06\/Captura-de-tela-2026-06-08-192828-265x300.png 265w, https:\/\/www.agenciasp.sp.gov.br\/wp-content\/uploads\/2026\/06\/Captura-de-tela-2026-06-08-192828-150x170.png 150w\" sizes=\"auto, (max-width: 693px) 100vw, 693px\"\/><figcaption class=\"wp-element-caption\"><em>Roupa sensorial dificulta movimento durante treinamento Foto: Divulga\u00e7\u00e3o\/Governo de SP<\/em><\/figcaption><\/figure>\n<p class=\"wp-block-paragraph\">A expectativa \u00e9 que, at\u00e9 o fim do deste semestre, mais de 1.200 colaboradores participem da experi\u00eancia, que combina conte\u00fado te\u00f3rico sobre acessibilidade e atividades pr\u00e1ticas.<\/p>\n<\/p><\/div>\n<p><br \/>\n<br \/><a href=\"https:\/\/www.agenciasp.sp.gov.br\/com-mais-de-r-500-milhoes-em-investimentos-linhas-8-diamante-e-9-esmeralda-ganham-novos-elevadores-escadas-rolantes-e-passarelas\/\" rel=\"noopener\">Informa\u00e7\u00f5es GOV.SP<\/a><\/p>\n","protected":false},"excerpt":{"rendered":"<p>Pelo menos 33 das 42 esta\u00e7\u00f5es das Linhas 8-Diamante e 9-Esmeralda receberam obras de melhoria para garantir a mobilidade e acessibilidade dos passageiros nos \u00faltimos quatro anos, fruto de investimento de R$ 542 milh\u00f5es feito pela concession\u00e1ria ViaMobilidade para modernizar o transporte ferrovi\u00e1rio na Capital. As obras incluem a implanta\u00e7\u00e3o de 15 escadas rolantes, 15 [&hellip;]<\/p>\n","protected":false},"author":1,"featured_media":68391,"comment_status":"","ping_status":"open","sticky":false,"template":"","format":"standard","meta":{"_jetpack_newsletter_access":"","_jetpack_dont_email_post_to_subs":false,"_jetpack_newsletter_tier_id":0,"_jetpack_memberships_contains_paywalled_content":false,"_mbp_banners":[],"_jetpack_feature_clip_id":0,"_jetpack_memberships_contains_paid_content":false,"footnotes":"","jetpack_publicize_message":"","jetpack_publicize_feature_enabled":true,"jetpack_social_post_already_shared":true,"jetpack_social_options":{"image_generator_settings":{"template":"highway","default_image_id":0,"font":"","enabled":false},"version":2},"jetpack_post_was_ever_published":false},"categories":[21],"tags":[],"class_list":["post-68390","post","type-post","status-publish","format-standard","has-post-thumbnail","category-sp-news"],"jetpack_publicize_connections":[],"jetpack-related-posts":[],"jetpack_shortlink":"https:\/\/wp.me\/p7Eq1F-hN4","jetpack_sharing_enabled":true,"jetpack_featured_media_url":"https:\/\/i0.wp.com\/guialimeira.com.br\/news\/wp-content\/uploads\/2026\/06\/Com-mais-de-R-500-milhoes-em-investimentos-linhas-8-Diamante.png?fit=806%2C607&ssl=1","_links":{"self":[{"href":"https:\/\/guialimeira.com.br\/news\/wp-json\/wp\/v2\/posts\/68390","targetHints":{"allow":["GET"]}}],"collection":[{"href":"https:\/\/guialimeira.com.br\/news\/wp-json\/wp\/v2\/posts"}],"about":[{"href":"https:\/\/guialimeira.com.br\/news\/wp-json\/wp\/v2\/types\/post"}],"author":[{"embeddable":true,"href":"https:\/\/guialimeira.com.br\/news\/wp-json\/wp\/v2\/users\/1"}],"replies":[{"embeddable":true,"href":"https:\/\/guialimeira.com.br\/news\/wp-json\/wp\/v2\/comments?post=68390"}],"version-history":[{"count":0,"href":"https:\/\/guialimeira.com.br\/news\/wp-json\/wp\/v2\/posts\/68390\/revisions"}],"wp:featuredmedia":[{"embeddable":true,"href":"https:\/\/guialimeira.com.br\/news\/wp-json\/wp\/v2\/media\/68391"}],"wp:attachment":[{"href":"https:\/\/guialimeira.com.br\/news\/wp-json\/wp\/v2\/media?parent=68390"}],"wp:term":[{"taxonomy":"category","embeddable":true,"href":"https:\/\/guialimeira.com.br\/news\/wp-json\/wp\/v2\/categories?post=68390"},{"taxonomy":"post_tag","embeddable":true,"href":"https:\/\/guialimeira.com.br\/news\/wp-json\/wp\/v2\/tags?post=68390"}],"curies":[{"name":"wp","href":"https:\/\/api.w.org\/{rel}","templated":true}]}}