{"id":68389,"date":"2026-06-09T08:40:48","date_gmt":"2026-06-09T11:40:48","guid":{"rendered":"https:\/\/guialimeira.com.br\/camara-inclui-no-calendario-oficial-a-festividade-padroeiro-sao-jose-do-centro-rural-pinhal\/"},"modified":"2026-06-09T08:40:48","modified_gmt":"2026-06-09T11:40:48","slug":"camara-inclui-no-calendario-oficial-a-festividade-padroeiro-sao-jose-do-centro-rural-pinhal","status":"publish","type":"post","link":"https:\/\/guialimeira.com.br\/news\/camara-inclui-no-calendario-oficial-a-festividade-padroeiro-sao-jose-do-centro-rural-pinhal\/","title":{"rendered":"C\u00e2mara inclui no Calend\u00e1rio Oficial a Festividade Padroeiro S\u00e3o Jos\u00e9 do Centro Rural Pinhal"},"content":{"rendered":"<p>C\u00e2mara inclui no Calend\u00e1rio Oficial a Festividade Padroeiro S\u00e3o Jos\u00e9 do Centro Rural Pinhal<\/p>\n<p>Com o objetivo de reconhecer oficialmente, no Calend\u00e1rio do Munic\u00edpio de Limeira, a Festividade em honra ao Padroeiro S\u00e3o Jos\u00e9, realizada no Centro Rural do Pinhal, bem como a Romaria de Tratores, o Projeto de Lei N\u00ba 40\/2026, de autoria do vereador Helder do T\u00e1xi (PSD), foi aprovado por unanimidade durante a sess\u00e3o ordin\u00e1ria desta segunda-feira, 8 de junho. Segundo o vereador, a Romaria de Tratores j\u00e1 se consolidou como uma manifesta\u00e7\u00e3o de f\u00e9, cultura e valoriza\u00e7\u00e3o do homem do campo e a iniciativa de oficializ\u00e1-la busca preservar as tradi\u00e7\u00f5es da comunidade e reconhecer sua import\u00e2ncia para a hist\u00f3ria de Limeira.<\/p>\n<p>S\u00e3o Jos\u00e9<\/p>\n<p>O texto legislativo explica que S\u00e3o Jos\u00e9 \u00e9 uma figura central na tradi\u00e7\u00e3o crist\u00e3 e reconhecido pela Igreja Cat\u00f3lica como exemplo de humildade, trabalho, obedi\u00eancia e dedica\u00e7\u00e3o \u00e0 fam\u00edlia. Padroeiro dos trabalhadores e das fam\u00edlias, a devo\u00e7\u00e3o dele est\u00e1 enraizada na cultura religiosa brasileira, especialmente nas comunidades rurais, onde simboliza prote\u00e7\u00e3o, dignidade do trabalho e f\u00e9 perseverante.<\/p>\n<p>A Comunidade S\u00e3o Jos\u00e9 do Centro Rural do Pinhal, conforme a propositura, foi fundada em 1951 e pertence \u00e0 Par\u00f3quia Imaculado Cora\u00e7\u00e3o de Maria. Atualmente, acolhe mais de 100 fam\u00edlias da regi\u00e3o do antigo bairro Santa Rosa, do Pinhal e do Centro Rural, mantendo viva a devo\u00e7\u00e3o ao seu padroeiro, S\u00e3o Jos\u00e9, e fortalecendo os la\u00e7os de fraternidade e conviv\u00eancia entre os moradores.<\/p>\n<p>Romaria de Tratores \u201cTratorada\u201d<\/p>\n<p>O vereador autor do projeto ressalta que a programa\u00e7\u00e3o festiva ocorre tradicionalmente no m\u00eas de mar\u00e7o, iniciando-se com o Tr\u00edduo preparat\u00f3rio, seguido da Missa Solene em louvor ao Padroeiro, incluindo a tradicional b\u00ean\u00e7\u00e3o do bolo de S\u00e3o Jos\u00e9. Conforme Helder, as celebra\u00e7\u00f5es ainda se estendem com a realiza\u00e7\u00e3o da Romaria de Tratores (Tratorada), idealizada pelo Padre Alquermes Valvassori, reunindo dezenas de produtores rurais e fam\u00edlias em um momento de f\u00e9, integra\u00e7\u00e3o comunit\u00e1ria e valoriza\u00e7\u00e3o do trabalhador do campo.<\/p>\n<p>\u201cTrata-se, portanto, de uma manifesta\u00e7\u00e3o que transcende o aspecto religioso, promovendo tamb\u00e9m a cultura, o turismo local e o fortalecimento da identidade rural do Munic\u00edpio\u201d, pontuou o Helder do T\u00e1xi.<\/p>\n<hr>\n<p><em>Fonte: <a href=\"https:\/\/www.limeira.sp.leg.br\/noticias\/view\/2026-06-09_camara-inclui-no-calendario-oficial-a-festividade-padroeiro-sao-jose-do-centro-rural-pinhal\" target=\"_blank\" rel=\"noopener\">C\u00e2mara Municipal de Limeira<\/a><\/em><\/p>\n","protected":false},"excerpt":{"rendered":"<p>C\u00e2mara inclui no Calend\u00e1rio Oficial a Festividade Padroeiro S\u00e3o Jos\u00e9 do Centro Rural Pinhal<\/p>\n<p>Com o objetivo de reconhecer oficialmente, no Calend\u00e1rio do Munic\u00edpio de Limeira, a Festividade em honra ao Padroeiro S\u00e3o Jos\u00e9, realizada no Centro Rural do Pinhal, bem como a Romaria de Tratores, o Projeto <\/p>\n","protected":false},"author":4,"featured_media":68388,"comment_status":"","ping_status":"open","sticky":false,"template":"","format":"standard","meta":{"_jetpack_newsletter_access":"","_jetpack_dont_email_post_to_subs":false,"_jetpack_newsletter_tier_id":0,"_jetpack_memberships_contains_paywalled_content":false,"_mbp_banners":[],"_jetpack_feature_clip_id":0,"_jetpack_memberships_contains_paid_content":false,"footnotes":"","jetpack_publicize_message":"","jetpack_publicize_feature_enabled":true,"jetpack_social_post_already_shared":true,"jetpack_social_options":{"image_generator_settings":{"template":"highway","default_image_id":0,"font":"","enabled":false},"version":2},"jetpack_post_was_ever_published":false},"categories":[19],"tags":[],"class_list":["post-68389","post","type-post","status-publish","format-standard","has-post-thumbnail","category-politica"],"jetpack_publicize_connections":[],"jetpack-related-posts":[],"jetpack_shortlink":"https:\/\/wp.me\/p7Eq1F-hN3","jetpack_sharing_enabled":true,"jetpack_featured_media_url":"https:\/\/i0.wp.com\/guialimeira.com.br\/news\/wp-content\/uploads\/2026\/06\/noticia-camara-30.jpg?fit=1280%2C640&ssl=1","_links":{"self":[{"href":"https:\/\/guialimeira.com.br\/news\/wp-json\/wp\/v2\/posts\/68389","targetHints":{"allow":["GET"]}}],"collection":[{"href":"https:\/\/guialimeira.com.br\/news\/wp-json\/wp\/v2\/posts"}],"about":[{"href":"https:\/\/guialimeira.com.br\/news\/wp-json\/wp\/v2\/types\/post"}],"author":[{"embeddable":true,"href":"https:\/\/guialimeira.com.br\/news\/wp-json\/wp\/v2\/users\/4"}],"replies":[{"embeddable":true,"href":"https:\/\/guialimeira.com.br\/news\/wp-json\/wp\/v2\/comments?post=68389"}],"version-history":[{"count":0,"href":"https:\/\/guialimeira.com.br\/news\/wp-json\/wp\/v2\/posts\/68389\/revisions"}],"wp:featuredmedia":[{"embeddable":true,"href":"https:\/\/guialimeira.com.br\/news\/wp-json\/wp\/v2\/media\/68388"}],"wp:attachment":[{"href":"https:\/\/guialimeira.com.br\/news\/wp-json\/wp\/v2\/media?parent=68389"}],"wp:term":[{"taxonomy":"category","embeddable":true,"href":"https:\/\/guialimeira.com.br\/news\/wp-json\/wp\/v2\/categories?post=68389"},{"taxonomy":"post_tag","embeddable":true,"href":"https:\/\/guialimeira.com.br\/news\/wp-json\/wp\/v2\/tags?post=68389"}],"curies":[{"name":"wp","href":"https:\/\/api.w.org\/{rel}","templated":true}]}}