{"id":68358,"date":"2026-06-08T22:35:27","date_gmt":"2026-06-09T01:35:27","guid":{"rendered":"https:\/\/guialimeira.com.br\/bom-prato-grajau-cidade-dutra-tera-vacinacao-contra-a-influenza\/"},"modified":"2026-06-08T22:35:27","modified_gmt":"2026-06-09T01:35:27","slug":"bom-prato-grajau-cidade-dutra-tera-vacinacao-contra-a-influenza","status":"publish","type":"post","link":"https:\/\/guialimeira.com.br\/news\/bom-prato-grajau-cidade-dutra-tera-vacinacao-contra-a-influenza\/","title":{"rendered":"Bom Prato Graja\u00fa\/Cidade Dutra ter\u00e1 vacina\u00e7\u00e3o contra a Influenza"},"content":{"rendered":"<p> <br \/>\n<br \/><img data-recalc-dims=\"1\" decoding=\"async\" src=\"https:\/\/i0.wp.com\/www.agenciasp.sp.gov.br\/wp-content\/uploads\/2026\/01\/55039377951_5b05204f67_k.jpg?w=696&#038;ssl=1\" \/><\/p>\n<div data-id=\"753696f\" data-element_type=\"widget\" data-e-type=\"widget\" data-widget_type=\"text-editor.default\">\n<p>\n\t\t\t\t\t\t\t\t\tTodas as pessoas interessadas em se vacinar devem apresentar um documento com foto e, se poss\u00edvel, carteirinha de vacina\u00e7\u00e3o para controle  Foto: Divulga\u00e7\u00e3o\/Governo de SP\t\t\t\t\t\t\t\t<\/p>\n<\/p><\/div>\n<div data-id=\"5a922b4\" data-element_type=\"widget\" data-e-type=\"widget\" data-widget_type=\"theme-post-content.default\">\n<div class=\"elementor-widget-container\">\n<p class=\"wp-block-paragraph\">Com o objetivo de ampliar o acesso dos frequentadores do Programa Bom Prato a servi\u00e7os municipais de sa\u00fade, a unidade instalada no Graja\u00fa realiza, nesta ter\u00e7a feira (09\/06), das 10h30 \u00e0s 14h, uma campanha de vacina\u00e7\u00e3o contra a Influenza, em parceria com a Unidade B\u00e1sica de Sa\u00fade (UBS) do Jardim Cliper.<br \/>\u00a0<br \/>As a\u00e7\u00f5es refletem o compromisso do Programa Bom Prato em oferecer, al\u00e9m de refei\u00e7\u00f5es e espa\u00e7os acolhedores, cuidado integral e promo\u00e7\u00e3o da cidadania \u00e0 popula\u00e7\u00e3o em situa\u00e7\u00e3o de vulnerabilidade social.<br \/>\u00a0<br \/>De acordo com a gerente da unidade, Jana\u00edna Tertoliano, quem quiser se vacinar, mas n\u00e3o pretende almo\u00e7ar no Bom Prato do Graja\u00fa, poder\u00e1 aproveitar a oportunidade, dentro do hor\u00e1rio j\u00e1 estabelecido.<\/p>\n<p class=\"wp-block-paragraph\">Todas as pessoas interessadas em se vacinar devem apresentar um documento com foto e, se poss\u00edvel, carteirinha de vacina\u00e7\u00e3o para controle.<\/p>\n<p class=\"wp-block-paragraph\"><strong>LEIA TAMB\u00c9M:<\/strong> <a href=\"https:\/\/www.agenciasp.sp.gov.br\/superacao-sp-e-prontos-para-o-mundo-transformam-a-realidade-de-mae-e-filha-no-interior-paulista\/\" rel=\"noopener\">SuperA\u00e7\u00e3o SP e Prontos pro Mundo transformam a realidade de m\u00e3e e filha no interior paulista<\/a><br \/>\u00a0<br \/>O Bom Prato Graja\u00fa est\u00e1 localizado na Rua Luar de L\u00e1grimas, 75, Jardim Novo Horizonte \u2013 S\u00e3o Paulo\/SP<\/p>\n<h3 class=\"wp-block-heading\"><strong>Avan\u00e7o na seguran\u00e7a alimentar<\/strong><\/h3>\n<p class=\"wp-block-paragraph\">Atualmente, o programa conta com 71 unidades fixas, quatro refeit\u00f3rios e 47 caminh\u00f5es que atendem a 52 pontos de atendimento do Bom Prato M\u00f3vel, totalizando 127 pontos em 42 munic\u00edpios.<br \/>Somente nesta gest\u00e3o, foram entregues 25 novas unidades, sendo 21 caminh\u00f5es do BPM e quatro refeit\u00f3rios.<br \/>\u00a0<br \/>A alimenta\u00e7\u00e3o oferecida no Bom Prato \u00e9 subsidiada pelo Governo do Estado de S\u00e3o Paulo, aumentando a oferta de comida acess\u00edvel e nutritiva \u00e0 comunidade. As refei\u00e7\u00f5es s\u00e3o balanceadas e oferecem, al\u00e9m do arroz e do feij\u00e3o, uma guarni\u00e7\u00e3o, uma prote\u00edna e uma fruta, ao pre\u00e7o simb\u00f3lico de R$ 1,00.<br \/>\u00a0<br \/>Em alguns pontos de atendimento tamb\u00e9m s\u00e3o servidos o jantar (ao mesmo pre\u00e7o do almo\u00e7o), e o caf\u00e9 da manh\u00e3, adquirido por R$ 0,50. Os pontos de atendimento podem ser consultados na p\u00e1gina do programa, no link <a href=\"https:\/\/www.desenvolvimentosocial.sp.gov.br\/sec_desenvolv_social\/programas%20estaduais\/bom%20prato\" target=\"_blank\" rel=\"noopener\">https:\/\/www.desenvolvimentosocial.sp.gov.br\/sec_desenvolv_social\/programas%20estaduais\/bom%20prato<\/a>.<\/p>\n<\/p><\/div>\n<\/p><\/div>\n<p><br \/>\n<br \/><a href=\"https:\/\/www.agenciasp.sp.gov.br\/bom-prato-grajau-cidade-dutra-tera-vacinacao-contra-a-influenza\/\" rel=\"noopener\">Informa\u00e7\u00f5es GOV.SP<\/a><\/p>\n","protected":false},"excerpt":{"rendered":"<p>Todas as pessoas interessadas em se vacinar devem apresentar um documento com foto e, se poss\u00edvel, carteirinha de vacina\u00e7\u00e3o para controle Foto: Divulga\u00e7\u00e3o\/Governo de SP Com o objetivo de ampliar o acesso dos frequentadores do Programa Bom Prato a servi\u00e7os municipais de sa\u00fade, a unidade instalada no Graja\u00fa realiza, nesta ter\u00e7a feira (09\/06), das 10h30 [&hellip;]<\/p>\n","protected":false},"author":1,"featured_media":53037,"comment_status":"","ping_status":"open","sticky":false,"template":"","format":"standard","meta":{"_jetpack_newsletter_access":"","_jetpack_dont_email_post_to_subs":false,"_jetpack_newsletter_tier_id":0,"_jetpack_memberships_contains_paywalled_content":false,"_mbp_banners":[],"_jetpack_feature_clip_id":0,"_jetpack_memberships_contains_paid_content":false,"footnotes":"","jetpack_publicize_message":"","jetpack_publicize_feature_enabled":true,"jetpack_social_post_already_shared":true,"jetpack_social_options":{"image_generator_settings":{"template":"highway","default_image_id":0,"font":"","enabled":false},"version":2},"jetpack_post_was_ever_published":false},"categories":[21],"tags":[],"class_list":["post-68358","post","type-post","status-publish","format-standard","has-post-thumbnail","category-sp-news"],"jetpack_publicize_connections":[],"jetpack-related-posts":[],"jetpack_shortlink":"https:\/\/wp.me\/p7Eq1F-hMy","jetpack_sharing_enabled":true,"jetpack_featured_media_url":"https:\/\/i0.wp.com\/guialimeira.com.br\/news\/wp-content\/uploads\/2026\/01\/Bom-Prato-veja-como-sera-o-atendimento-neste-fim-de.jpg?fit=2048%2C1365&ssl=1","_links":{"self":[{"href":"https:\/\/guialimeira.com.br\/news\/wp-json\/wp\/v2\/posts\/68358","targetHints":{"allow":["GET"]}}],"collection":[{"href":"https:\/\/guialimeira.com.br\/news\/wp-json\/wp\/v2\/posts"}],"about":[{"href":"https:\/\/guialimeira.com.br\/news\/wp-json\/wp\/v2\/types\/post"}],"author":[{"embeddable":true,"href":"https:\/\/guialimeira.com.br\/news\/wp-json\/wp\/v2\/users\/1"}],"replies":[{"embeddable":true,"href":"https:\/\/guialimeira.com.br\/news\/wp-json\/wp\/v2\/comments?post=68358"}],"version-history":[{"count":0,"href":"https:\/\/guialimeira.com.br\/news\/wp-json\/wp\/v2\/posts\/68358\/revisions"}],"wp:featuredmedia":[{"embeddable":true,"href":"https:\/\/guialimeira.com.br\/news\/wp-json\/wp\/v2\/media\/53037"}],"wp:attachment":[{"href":"https:\/\/guialimeira.com.br\/news\/wp-json\/wp\/v2\/media?parent=68358"}],"wp:term":[{"taxonomy":"category","embeddable":true,"href":"https:\/\/guialimeira.com.br\/news\/wp-json\/wp\/v2\/categories?post=68358"},{"taxonomy":"post_tag","embeddable":true,"href":"https:\/\/guialimeira.com.br\/news\/wp-json\/wp\/v2\/tags?post=68358"}],"curies":[{"name":"wp","href":"https:\/\/api.w.org\/{rel}","templated":true}]}}