{"id":68351,"date":"2026-06-08T21:33:09","date_gmt":"2026-06-09T00:33:09","guid":{"rendered":"https:\/\/guialimeira.com.br\/caminho-da-capacitacao-chega-com-cursos-gratuitos-em-nove-cidades-da-baixada-santista\/"},"modified":"2026-06-08T21:33:09","modified_gmt":"2026-06-09T00:33:09","slug":"caminho-da-capacitacao-chega-com-cursos-gratuitos-em-nove-cidades-da-baixada-santista","status":"publish","type":"post","link":"https:\/\/guialimeira.com.br\/news\/caminho-da-capacitacao-chega-com-cursos-gratuitos-em-nove-cidades-da-baixada-santista\/","title":{"rendered":"Caminho da Capacita\u00e7\u00e3o chega com cursos gratuitos em nove cidades da Baixada Santista"},"content":{"rendered":"<p> <br \/>\n<br \/><img data-recalc-dims=\"1\" decoding=\"async\" src=\"https:\/\/i0.wp.com\/www.agenciasp.sp.gov.br\/wp-content\/uploads\/2026\/06\/WhatsApp-Image-2026-06-03-at-17.51.35.jpeg?w=696&#038;ssl=1\" \/><\/p>\n<div>\n<p class=\"wp-block-paragraph\">Teve in\u00edcio nesta segunda-feira (8) mais uma etapa do programa Caminho da Capacita\u00e7\u00e3o na Baixada Santista. Desenvolvida pelo Fundo Social de S\u00e3o Paulo, a iniciativa leva cursos gratuitos de qualifica\u00e7\u00e3o profissional a nove munic\u00edpios da regi\u00e3o por meio de carretas especialmente equipadas para atividades pr\u00e1ticas e te\u00f3ricas. As aulas seguem at\u00e9 o dia 18 de junho.<\/p>\n<p class=\"wp-block-paragraph\">Nesta etapa, o programa tamb\u00e9m leva capacita\u00e7\u00f5es para 16 Organiza\u00e7\u00f5es da Sociedade Civil (OSCs) dos munic\u00edpios atendidos. Os cursos, com carga hor\u00e1ria de 20 ou 40 horas, ser\u00e3o realizados nas pr\u00f3prias entidades, ampliando o alcance das a\u00e7\u00f5es de qualifica\u00e7\u00e3o profissional na Baixada Santista.<\/p>\n<p class=\"wp-block-paragraph\"><strong>LEIA TAMB\u00c9M:<\/strong> <a href=\"https:\/\/www.agenciasp.sp.gov.br\/avo-de-62-anos-conquista-primeiro-certificado-de-sua-vida-com-o-caminho-da-capacitacao\/\" rel=\"noopener\">Av\u00f3 de 62 anos conquista primeiro certificado de sua vida com o Caminho da Capacita\u00e7\u00e3o<\/a><\/p>\n<p class=\"wp-block-paragraph\">As carretas estar\u00e3o instaladas em Bertioga, Cubat\u00e3o, Guaruj\u00e1, Itanha\u00e9m, Mongagu\u00e1, Peru\u00edbe, Praia Grande, Santos e S\u00e3o Vicente. <strong>Os endere\u00e7os das unidades e a distribui\u00e7\u00e3o dos cursos por per\u00edodo podem ser consultados abaixo:<\/strong><\/p>\n<p class=\"wp-block-paragraph\"><strong>Bertioga<\/strong><\/p>\n<p class=\"wp-block-paragraph\"><strong>Unidade: Cuidador de Idosos<\/strong><br \/>Endere\u00e7o: Prefeitura de Bertioga \u2013 Rua Luiz Pereira de Campos, n\u00ba 901, Centro<\/p>\n<ul class=\"wp-block-list\">\n<li>Manh\u00e3, tarde e noite: Cuidador de Idosos<\/li>\n<\/ul>\n<p class=\"wp-block-paragraph\"><strong>Unidade: Imagem Pessoal<\/strong><br \/>Endere\u00e7o: Vila do Bem Boraceia \u2013 Avenida Henrique Arcuri, n\u00ba 99, Boraceia<\/p>\n<ul class=\"wp-block-list\">\n<li>Manh\u00e3: Manicure e Pedicure<\/li>\n<li>Tarde: Design de sobrancelha<\/li>\n<li>Noite: Maquiagem<\/li>\n<\/ul>\n<p class=\"wp-block-paragraph\"><strong>Unidade: Costura Criativa<\/strong><br \/>Endere\u00e7o: Vila do Bem Ch\u00e1caras \u2013 Avenida S\u00e3o Gon\u00e7alo, n\u00ba 80<\/p>\n<ul class=\"wp-block-list\">\n<li>Manh\u00e3: Conserto e Ajuste<\/li>\n<li>Tarde: Moda Inclusiva<\/li>\n<li>Noite: Corte e Costura<\/li>\n<\/ul>\n<p class=\"wp-block-paragraph\"><strong>Cubat\u00e3o<\/strong><\/p>\n<p class=\"wp-block-paragraph\"><strong>Unidade: Cuidador de Idosos<br \/><\/strong>Endere\u00e7o: Rua Assembleia de Deus, n\u00ba 435, Jardim S\u00e3o Francisco<\/p>\n<ul class=\"wp-block-list\">\n<li>Manh\u00e3, tarde e noite: Cuidador de Idosos<\/li>\n<\/ul>\n<p class=\"wp-block-paragraph\"><strong>Unidade: Imagem Pessoal<\/strong><\/p>\n<ul class=\"wp-block-list\">\n<li>Manh\u00e3: Manicure e Pedicure<\/li>\n<li>Tarde: Design de sobrancelha<\/li>\n<li>Noite: Barbeiro<\/li>\n<\/ul>\n<p class=\"wp-block-paragraph\"><strong>Unidade: Confec\u00e7\u00e3o Industrial<\/strong><\/p>\n<ul class=\"wp-block-list\">\n<li>Manh\u00e3: Modelagem Industrial<\/li>\n<li>Tarde: Customiza\u00e7\u00e3o de Roupas e Acess\u00f3rios<\/li>\n<li>Noite: Corte e Costura<\/li>\n<\/ul>\n<p class=\"wp-block-paragraph\"><strong>Guaruj\u00e1<\/strong><\/p>\n<p class=\"wp-block-paragraph\"><strong>Unidade: Pet<br \/><\/strong>Endere\u00e7o: Gin\u00e1sio Guaib\u00ea \u2013 Avenida Santos Dumont, n\u00ba 420, Vila Santo Ant\u00f4nio<\/p>\n<ul class=\"wp-block-list\">\n<li>Manh\u00e3, tarde e noite: Banho e Tosa \u2013 Porte Pequeno<\/li>\n<\/ul>\n<p class=\"wp-block-paragraph\"><strong>Unidade: Hospitalidade<\/strong><\/p>\n<ul class=\"wp-block-list\">\n<li>Manh\u00e3: Camareira<\/li>\n<li>Tarde: Governan\u00e7a<\/li>\n<li>Noite: Gar\u00e7om<\/li>\n<\/ul>\n<p class=\"wp-block-paragraph\"><strong>Unidade: Manuten\u00e7\u00e3o de Motos<\/strong><\/p>\n<ul class=\"wp-block-list\">\n<li>Manh\u00e3, tarde e noite: No\u00e7\u00f5es B\u00e1sicas de Mec\u00e2nica de Motocicletas<\/li>\n<\/ul>\n<p class=\"wp-block-paragraph\"><strong>Itanha\u00e9m<\/strong><\/p>\n<p class=\"wp-block-paragraph\"><strong>Unidade: Pet<br \/><\/strong>Endere\u00e7o: Parque Amaz\u00f4nia Paulista \u2013 Rua Urcezino Ferreira, n\u00ba 140, Baixio<\/p>\n<ul class=\"wp-block-list\">\n<li>Manh\u00e3, tarde e noite: Banho e Tosa \u2013 Porte Pequeno<\/li>\n<\/ul>\n<p class=\"wp-block-paragraph\"><strong>Unidade: Gastronomia<\/strong><\/p>\n<ul class=\"wp-block-list\">\n<li>Manh\u00e3, tarde e noite: Gastronomia com Aproveitamento Integral dos Alimentos<\/li>\n<\/ul>\n<p class=\"wp-block-paragraph\"><strong>Mongagu\u00e1<\/strong><\/p>\n<p class=\"wp-block-paragraph\"><strong>Unidade: Imagem Pessoal<br \/><\/strong>Endere\u00e7o: Rua S\u00e3o Sebasti\u00e3o, n\u00ba 501 (ao lado do gin\u00e1sio)<\/p>\n<ul class=\"wp-block-list\">\n<li>Manh\u00e3: Assistente de cabeleireiro<\/li>\n<li>Tarde: Manicure e Pedicure<\/li>\n<li>Noite: Barbeiro<\/li>\n<\/ul>\n<p class=\"wp-block-paragraph\"><strong>Unidade: Manuten\u00e7\u00e3o de Motos<br \/><\/strong>Endere\u00e7o: Pra\u00e7a Prefeito Cassimiro Correia Neto \u2013 Avenida Monteiro Lobato, ao lado do n\u00ba 5100, Vila Atl\u00e2ntica (ao lado do Mercad\u00e3o)<\/p>\n<ul class=\"wp-block-list\">\n<li>Manh\u00e3, tarde e noite: Manuten\u00e7\u00e3o de Motos<\/li>\n<\/ul>\n<p class=\"wp-block-paragraph\"><strong>Peru\u00edbe<\/strong><\/p>\n<p class=\"wp-block-paragraph\"><strong>Unidade: Pet<br \/><\/strong>Endere\u00e7o: Rua Nilo Soares Ferreira, n\u00ba 50, Centro<\/p>\n<ul class=\"wp-block-list\">\n<li>Manh\u00e3, tarde e noite: Banho e Tosa \u2013 Porte Pequeno<\/li>\n<\/ul>\n<p class=\"wp-block-paragraph\"><strong>Unidade: Tecnologia<br \/><\/strong>Endere\u00e7o: Rua Jundia\u00ed, 890 (CRAS)<\/p>\n<ul class=\"wp-block-list\">\n<li>Manh\u00e3, tarde e noite: Cria\u00e7\u00e3o de Jogos e Aplicativos Digitais \u2013 Iniciante<\/li>\n<\/ul>\n<p class=\"wp-block-paragraph\"><strong>Unidade: Manuten\u00e7\u00e3o de Motos<\/strong><\/p>\n<ul class=\"wp-block-list\">\n<li>Manh\u00e3, tarde e noite: No\u00e7\u00f5es B\u00e1sicas de Mec\u00e2nica de Motocicletas<\/li>\n<\/ul>\n<p class=\"wp-block-paragraph\"><strong>Praia Grande<\/strong><\/p>\n<p class=\"wp-block-paragraph\"><strong>Unidade: Costura Criativa<br \/><\/strong>Endere\u00e7o: Pavilh\u00e3o de Eventos Jair Rodrigues \u2013 Rua Sav\u00e9rio Fittipaldi, s\/n\u00ba, Quietude, Praia Grande\/SP, CEP 11718-180<\/p>\n<ul class=\"wp-block-list\">\n<li>Manh\u00e3: Conserto e Ajuste<\/li>\n<li>Tarde: Modelagem: T\u00e9cnicas Iniciais<\/li>\n<li>Noite: Customiza\u00e7\u00e3o de Roupas e Acess\u00f3rios<\/li>\n<\/ul>\n<p class=\"wp-block-paragraph\"><strong>Unidade: Panifica\u00e7\u00e3o e A\u00e7ougue I<br \/><\/strong>Endere\u00e7o: Pra\u00e7a Roberto Andraus, s\/n\u00ba, Cidade Ocian, Praia Grande\/SP<\/p>\n<ul class=\"wp-block-list\">\n<li>Manh\u00e3, tarde e noite: Panifica\u00e7\u00e3o<\/li>\n<\/ul>\n<p class=\"wp-block-paragraph\"><strong>Santos<\/strong><\/p>\n<p class=\"wp-block-paragraph\"><strong>Unidade: Beleza e Est\u00e9tica<br \/><\/strong>Endere\u00e7o: Samb\u00f3dromo Passarela do Samba Dr\u00e1usio da Cruz \u2013 Avenida Afonso Schmidt, Jardim Castelo, Santos\/SP, CEP 11087-000<\/p>\n<ul class=\"wp-block-list\">\n<li>Manh\u00e3: Maquiagem: T\u00e9cnicas Profissionais<\/li>\n<li>Tarde: Design de sobrancelha<\/li>\n<li>Noite: Assistente de cabeleireiro<\/li>\n<\/ul>\n<p class=\"wp-block-paragraph\"><strong>Unidade: Panifica\u00e7\u00e3o<\/strong><\/p>\n<ul class=\"wp-block-list\">\n<li>Manh\u00e3: Fabrica\u00e7\u00e3o de Pizzas<\/li>\n<li>Tarde e noite: Panifica\u00e7\u00e3o<\/li>\n<\/ul>\n<p class=\"wp-block-paragraph\"><strong>S\u00e3o Vicente<\/strong><\/p>\n<p class=\"wp-block-paragraph\"><strong>Unidade: Tecnologia<br \/><\/strong>Endere\u00e7o: Avenida Deputado Ulisses Guimar\u00e3es, n\u00ba 211 \u2013 Subprefeitura<\/p>\n<ul class=\"wp-block-list\">\n<li>Manh\u00e3 e tarde: Cria\u00e7\u00e3o de Jogos e Aplicativos Digitais \u2013 Iniciante<\/li>\n<li>Noite: Cria\u00e7\u00e3o de Jogos e Aplicativos Digitais \u2013 Intermedi\u00e1rio<\/li>\n<\/ul>\n<p class=\"wp-block-paragraph\"><strong>Unidade: Beleza e Est\u00e9tica<br \/><\/strong>Endere\u00e7o: Pra\u00e7a Coronel Jos\u00e9 Lopes, s\/n, Centro, S\u00e3o Vicente\/SP, CEP 11310-971<\/p>\n<ul class=\"wp-block-list\">\n<li>Manh\u00e3: Design de sobrancelha<\/li>\n<li>Tarde: Manicure e Pedicure<\/li>\n<li>Noite: Assistente de cabeleireiro<\/li>\n<\/ul>\n<h3 class=\"wp-block-heading\"><strong>Qualifica\u00e7\u00e3o perto de casa<\/strong><\/h3>\n<p class=\"wp-block-paragraph\">As capacita\u00e7\u00f5es s\u00e3o destinadas a pessoas em situa\u00e7\u00e3o de vulnerabilidade social, inscritas no Cadastro \u00danico (Cad\u00danico), a pessoas desempregadas e a mulheres chefes de fam\u00edlia. Dependendo do curso, tamb\u00e9m h\u00e1 vagas para adolescentes a partir de 14 ou 16 anos.<\/p>\n<p class=\"wp-block-paragraph\">As atividades contemplam cursos em segmentos estrat\u00e9gicos para o mercado de trabalho, entre eles gastronomia, tecnologia, moda e costura, beleza e est\u00e9tica, hotelaria, manuten\u00e7\u00e3o de motocicletas e cuidados com idosos. Os alunos que conclu\u00edrem a forma\u00e7\u00e3o receber\u00e3o certificado oficial em cerim\u00f4nia realizada ao t\u00e9rmino das aulas.<\/p>\n<h3 class=\"wp-block-heading\"><strong>Sobre o programa<\/strong><\/h3>\n<p class=\"wp-block-paragraph\">O Caminho da Capacita\u00e7\u00e3o faz parte do programa Supera\u00e7\u00e3o SP, iniciativa do Governo do Estado voltada \u00e0 redu\u00e7\u00e3o da pobreza e \u00e0 promo\u00e7\u00e3o da autonomia financeira das fam\u00edlias.<\/p>\n<p class=\"wp-block-paragraph\">Com a chegada \u00e0 Baixada Santista, o Caminho da Capacita\u00e7\u00e3o alcan\u00e7a a 16\u00aa regi\u00e3o atendida desde seu lan\u00e7amento e completa sua passagem por todas as regi\u00f5es administrativas do estado. At\u00e9 o momento, a iniciativa passou por 299 munic\u00edpios e formou cerca de 14 mil alunos.<\/p>\n<p class=\"wp-block-paragraph\">Os detalhes sobre inscri\u00e7\u00f5es, cursos dispon\u00edveis e cronograma de atendimento podem ser consultados no site do programa: <a href=\"http:\/\/www.caminhodacapacitacao.sp.gov.br\" target=\"_blank\" rel=\"noopener\">http:\/\/www.caminhodacapacitacao.sp.gov.br<\/a>.<\/p>\n<\/p><\/div>\n<p><br \/>\n<br \/><a href=\"https:\/\/www.agenciasp.sp.gov.br\/caminho-da-capacitacao-chega-com-cursos-gratuitos-em-nove-cidades-da-baixada-santista\/\" rel=\"noopener\">Informa\u00e7\u00f5es GOV.SP<\/a><\/p>\n","protected":false},"excerpt":{"rendered":"<p>Teve in\u00edcio nesta segunda-feira (8) mais uma etapa do programa Caminho da Capacita\u00e7\u00e3o na Baixada Santista. Desenvolvida pelo Fundo Social de S\u00e3o Paulo, a iniciativa leva cursos gratuitos de qualifica\u00e7\u00e3o profissional a nove munic\u00edpios da regi\u00e3o por meio de carretas especialmente equipadas para atividades pr\u00e1ticas e te\u00f3ricas. As aulas seguem at\u00e9 o dia 18 de [&hellip;]<\/p>\n","protected":false},"author":1,"featured_media":68352,"comment_status":"","ping_status":"open","sticky":false,"template":"","format":"standard","meta":{"_jetpack_newsletter_access":"","_jetpack_dont_email_post_to_subs":false,"_jetpack_newsletter_tier_id":0,"_jetpack_memberships_contains_paywalled_content":false,"_mbp_banners":[],"_jetpack_feature_clip_id":0,"_jetpack_memberships_contains_paid_content":false,"footnotes":"","jetpack_publicize_message":"","jetpack_publicize_feature_enabled":true,"jetpack_social_post_already_shared":true,"jetpack_social_options":{"image_generator_settings":{"template":"highway","default_image_id":0,"font":"","enabled":false},"version":2},"jetpack_post_was_ever_published":false},"categories":[21],"tags":[],"class_list":["post-68351","post","type-post","status-publish","format-standard","has-post-thumbnail","category-sp-news"],"jetpack_publicize_connections":[],"jetpack-related-posts":[],"jetpack_shortlink":"https:\/\/wp.me\/p7Eq1F-hMr","jetpack_sharing_enabled":true,"jetpack_featured_media_url":"https:\/\/i0.wp.com\/guialimeira.com.br\/news\/wp-content\/uploads\/2026\/06\/Caminho-da-Capacitacao-chega-com-cursos-gratuitos-em-nove-cidades.jpeg?fit=1256%2C690&ssl=1","_links":{"self":[{"href":"https:\/\/guialimeira.com.br\/news\/wp-json\/wp\/v2\/posts\/68351","targetHints":{"allow":["GET"]}}],"collection":[{"href":"https:\/\/guialimeira.com.br\/news\/wp-json\/wp\/v2\/posts"}],"about":[{"href":"https:\/\/guialimeira.com.br\/news\/wp-json\/wp\/v2\/types\/post"}],"author":[{"embeddable":true,"href":"https:\/\/guialimeira.com.br\/news\/wp-json\/wp\/v2\/users\/1"}],"replies":[{"embeddable":true,"href":"https:\/\/guialimeira.com.br\/news\/wp-json\/wp\/v2\/comments?post=68351"}],"version-history":[{"count":0,"href":"https:\/\/guialimeira.com.br\/news\/wp-json\/wp\/v2\/posts\/68351\/revisions"}],"wp:featuredmedia":[{"embeddable":true,"href":"https:\/\/guialimeira.com.br\/news\/wp-json\/wp\/v2\/media\/68352"}],"wp:attachment":[{"href":"https:\/\/guialimeira.com.br\/news\/wp-json\/wp\/v2\/media?parent=68351"}],"wp:term":[{"taxonomy":"category","embeddable":true,"href":"https:\/\/guialimeira.com.br\/news\/wp-json\/wp\/v2\/categories?post=68351"},{"taxonomy":"post_tag","embeddable":true,"href":"https:\/\/guialimeira.com.br\/news\/wp-json\/wp\/v2\/tags?post=68351"}],"curies":[{"name":"wp","href":"https:\/\/api.w.org\/{rel}","templated":true}]}}