{"id":68347,"date":"2026-06-08T20:32:18","date_gmt":"2026-06-08T23:32:18","guid":{"rendered":"https:\/\/guialimeira.com.br\/perguntas-e-respostas-sobre-a-interrupcao-temporaria-da-vacinacao-com-a-butantan-dv-no-sus\/"},"modified":"2026-06-08T20:32:18","modified_gmt":"2026-06-08T23:32:18","slug":"perguntas-e-respostas-sobre-a-interrupcao-temporaria-da-vacinacao-com-a-butantan-dv-no-sus","status":"publish","type":"post","link":"https:\/\/guialimeira.com.br\/news\/perguntas-e-respostas-sobre-a-interrupcao-temporaria-da-vacinacao-com-a-butantan-dv-no-sus\/","title":{"rendered":"Perguntas e respostas sobre a interrup\u00e7\u00e3o tempor\u00e1ria da vacina\u00e7\u00e3o com a Butantan-DV no SUS"},"content":{"rendered":"<p> <br \/>\n<br \/><img data-recalc-dims=\"1\" decoding=\"async\" src=\"https:\/\/i0.wp.com\/www.agenciasp.sp.gov.br\/wp-content\/uploads\/2023\/11\/WhatsApp-Image-2025-11-26-at-13.05.48-1.jpeg?w=696&#038;ssl=1\" \/><\/p>\n<div>\n<p class=\"wp-block-paragraph\">A vacina\u00e7\u00e3o contra a dengue com a vacina Butantan-DV no Sistema \u00danico de Sa\u00fade (SUS) foi temporariamente interrompida de forma preventiva, seguindo orienta\u00e7\u00e3o do Minist\u00e9rio da Sa\u00fade e da Ag\u00eancia Nacional de Vigil\u00e2ncia Sanit\u00e1ria (Anvisa). A medida tem como objetivo permitir uma reavalia\u00e7\u00e3o da estrat\u00e9gia vacinal ap\u00f3s a identifica\u00e7\u00e3o de casos de rea\u00e7\u00f5es adversas, incluindo tr\u00eas com sinal de gravidade (entre eles, dois \u00f3bitos), registrados em um universo de aproximadamente 500 mil pessoas vacinadas.\u00a0<\/p>\n<p class=\"wp-block-paragraph\">N\u00e3o h\u00e1 confirma\u00e7\u00e3o de v\u00ednculo causal entre a aplica\u00e7\u00e3o da vacina e os casos graves observados. As ocorr\u00eancias seguem sob investiga\u00e7\u00e3o das autoridades sanit\u00e1rias. Enquanto a an\u00e1lise \u00e9 realizada, a vacina\u00e7\u00e3o ser\u00e1 suspensa temporariamente para todos os p\u00fablicos que estavam recebendo o imunizante. A vacina permanece com registro v\u00e1lido, e o Instituto Butantan seguir\u00e1 colaborando com o Minist\u00e9rio da Sa\u00fade e a Anvisa na avalia\u00e7\u00e3o dos dados e no acompanhamento dos vacinados.<\/p>\n<p class=\"wp-block-paragraph\"><strong>LEIA TAMB\u00c9M: <\/strong><a href=\"https:\/\/www.agenciasp.sp.gov.br\/nota-a-imprensa-butantan-dv\/\" rel=\"noopener\">NOTA \u00c0 IMPRENSA \u2013 BUTANTAN-DV<\/a><\/p>\n<p class=\"wp-block-paragraph\">O Governo de S\u00e3o Paulo refor\u00e7a que medidas preventivas como esta fazem parte dos protocolos de monitoramento adotados em programas de imuniza\u00e7\u00e3o e s\u00e3o fundamentais para garantir a seguran\u00e7a da popula\u00e7\u00e3o.\u00a0<\/p>\n<h3 class=\"wp-block-heading\">A vacina foi suspensa definitivamente?<\/h3>\n<p class=\"wp-block-paragraph\">N\u00e3o. A interrup\u00e7\u00e3o \u00e9 tempor\u00e1ria e preventiva. A vacina continua com registro v\u00e1lido, enquanto os dados dispon\u00edveis s\u00e3o analisados pelas autoridades sanit\u00e1rias e pelas equipes respons\u00e1veis pelo monitoramento da seguran\u00e7a do imunizante.<\/p>\n<h3 class=\"wp-block-heading\">Existe rela\u00e7\u00e3o comprovada entre a vacina e os casos graves?<\/h3>\n<p class=\"wp-block-paragraph\">N\u00e3o. Neste momento n\u00e3o \u00e9 poss\u00edvel afirmar se esses eventos est\u00e3o relacionados \u00e0 vacina\u00e7\u00e3o. A investiga\u00e7\u00e3o est\u00e1 em andamento e a suspens\u00e3o tempor\u00e1ria permite aprofundar a an\u00e1lise das informa\u00e7\u00f5es dispon\u00edveis.<\/p>\n<p class=\"wp-block-paragraph\">Os epis\u00f3dios seguem sob investiga\u00e7\u00e3o pelas autoridades de sa\u00fade e pelos sistemas de farmacovigil\u00e2ncia, que acompanham continuamente a seguran\u00e7a dos imunizantes ap\u00f3s sua aplica\u00e7\u00e3o na popula\u00e7\u00e3o.<\/p>\n<h3 class=\"wp-block-heading\">A suspens\u00e3o vale para todos os p\u00fablicos?<\/h3>\n<p class=\"wp-block-paragraph\">Sim. A orienta\u00e7\u00e3o determina a interrup\u00e7\u00e3o tempor\u00e1ria da vacina\u00e7\u00e3o para todos os grupos que estavam recebendo o imunizante at\u00e9 que as an\u00e1lises sejam conclu\u00eddas.\u00a0<\/p>\n<h3 class=\"wp-block-heading\">O que acontece com quem j\u00e1 tomou a vacina?<\/h3>\n<p class=\"wp-block-paragraph\">As pessoas que j\u00e1 receberam a vacina seguem protegidas pelo imunizante. Quem foi vacinado mais recentemente deve permanecer atento ao aparecimento de sintomas e procurar atendimento m\u00e9dico caso apresente sinais como febre ou qualquer outra manifesta\u00e7\u00e3o que necessite de avalia\u00e7\u00e3o por um profissional de sa\u00fade.<\/p>\n<h3 class=\"wp-block-heading\">Qual ser\u00e1 o papel do Instituto Butantan durante a suspens\u00e3o?<\/h3>\n<p class=\"wp-block-paragraph\">O Instituto Butantan mant\u00e9m seu compromisso com a ci\u00eancia e a sa\u00fade p\u00fablica e seguir\u00e1 apoiando o Minist\u00e9rio da Sa\u00fade e a Anvisa durante todo o processo. A institui\u00e7\u00e3o continuar\u00e1 fornecendo informa\u00e7\u00f5es t\u00e9cnicas, acompanhando os dados de seguran\u00e7a, realizando estudos complementares e colaborando com as an\u00e1lises de farmacovigil\u00e2ncia.\u00a0<\/p>\n<h3 class=\"wp-block-heading\">O que os estudos mostraram sobre a efic\u00e1cia da vacina?<\/h3>\n<p class=\"wp-block-paragraph\">A vacina contra a dengue desenvolvida pelo Instituto Butantan apresentou efic\u00e1cia global de 79,6% e efic\u00e1cia de 89% contra casos graves da doen\u00e7a em estudo publicado em revista cient\u00edfica internacional. Os resultados demonstraram elevada prote\u00e7\u00e3o contra as formas mais graves da dengue.<\/p>\n<h3 class=\"wp-block-heading\">Como foi o acompanhamento da vacina nos munic\u00edpios onde houve vacina\u00e7\u00e3o em massa?<\/h3>\n<p class=\"wp-block-paragraph\">Nos munic\u00edpios de Botucatu (SP), Maranguape (CE) e Nova Lima (MG), onde houve vacina\u00e7\u00e3o em larga escala da popula\u00e7\u00e3o, o acompanhamento de farmacovigil\u00e2ncia apresentou resultados positivos. Segundo o Instituto Butantan, n\u00e3o foram identificados casos relevantes de rea\u00e7\u00e3o adversa associados ao imunizante nesses locais.<\/p>\n<h3 class=\"wp-block-heading\">A vacina\u00e7\u00e3o poder\u00e1 ser retomada?<\/h3>\n<p class=\"wp-block-paragraph\">A possibilidade de retomada ser\u00e1 avaliada ap\u00f3s a conclus\u00e3o das investiga\u00e7\u00f5es e das an\u00e1lises conduzidas pelas autoridades sanit\u00e1rias. O Instituto Butantan informou que continuar\u00e1 aprofundando os estudos sobre a vacina e colaborando com os \u00f3rg\u00e3os respons\u00e1veis para que todas as decis\u00f5es sejam tomadas com base em crit\u00e9rios t\u00e9cnicos e cient\u00edficos. Neste momento, ainda n\u00e3o h\u00e1 prazo definido para uma eventual retomada da vacina\u00e7\u00e3o.<\/p>\n<\/p><\/div>\n<p><br \/>\n<br \/><a href=\"https:\/\/www.agenciasp.sp.gov.br\/perguntas-e-respostas-sobre-a-interrupcao-temporaria-da-vacinacao-com-a-butantan-dv-no-sus\/\" rel=\"noopener\">Informa\u00e7\u00f5es GOV.SP<\/a><\/p>\n","protected":false},"excerpt":{"rendered":"<p>A vacina\u00e7\u00e3o contra a dengue com a vacina Butantan-DV no Sistema \u00danico de Sa\u00fade (SUS) foi temporariamente interrompida de forma preventiva, seguindo orienta\u00e7\u00e3o do Minist\u00e9rio da Sa\u00fade e da Ag\u00eancia Nacional de Vigil\u00e2ncia Sanit\u00e1ria (Anvisa). A medida tem como objetivo permitir uma reavalia\u00e7\u00e3o da estrat\u00e9gia vacinal ap\u00f3s a identifica\u00e7\u00e3o de casos de rea\u00e7\u00f5es adversas, incluindo [&hellip;]<\/p>\n","protected":false},"author":1,"featured_media":67432,"comment_status":"","ping_status":"open","sticky":false,"template":"","format":"standard","meta":{"_jetpack_newsletter_access":"","_jetpack_dont_email_post_to_subs":false,"_jetpack_newsletter_tier_id":0,"_jetpack_memberships_contains_paywalled_content":false,"_mbp_banners":[],"_jetpack_feature_clip_id":0,"_jetpack_memberships_contains_paid_content":false,"footnotes":"","jetpack_publicize_message":"","jetpack_publicize_feature_enabled":true,"jetpack_social_post_already_shared":true,"jetpack_social_options":{"image_generator_settings":{"template":"highway","default_image_id":0,"font":"","enabled":false},"version":2},"jetpack_post_was_ever_published":false},"categories":[21],"tags":[],"class_list":["post-68347","post","type-post","status-publish","format-standard","has-post-thumbnail","category-sp-news"],"jetpack_publicize_connections":[],"jetpack-related-posts":[],"jetpack_shortlink":"https:\/\/wp.me\/p7Eq1F-hMn","jetpack_sharing_enabled":true,"jetpack_featured_media_url":"https:\/\/i0.wp.com\/guialimeira.com.br\/news\/wp-content\/uploads\/2026\/05\/Gravidas-puerperas-e-lactantes-podem-tomar-a-vacina-contra-dengue.jpeg?fit=1270%2C694&ssl=1","_links":{"self":[{"href":"https:\/\/guialimeira.com.br\/news\/wp-json\/wp\/v2\/posts\/68347","targetHints":{"allow":["GET"]}}],"collection":[{"href":"https:\/\/guialimeira.com.br\/news\/wp-json\/wp\/v2\/posts"}],"about":[{"href":"https:\/\/guialimeira.com.br\/news\/wp-json\/wp\/v2\/types\/post"}],"author":[{"embeddable":true,"href":"https:\/\/guialimeira.com.br\/news\/wp-json\/wp\/v2\/users\/1"}],"replies":[{"embeddable":true,"href":"https:\/\/guialimeira.com.br\/news\/wp-json\/wp\/v2\/comments?post=68347"}],"version-history":[{"count":0,"href":"https:\/\/guialimeira.com.br\/news\/wp-json\/wp\/v2\/posts\/68347\/revisions"}],"wp:featuredmedia":[{"embeddable":true,"href":"https:\/\/guialimeira.com.br\/news\/wp-json\/wp\/v2\/media\/67432"}],"wp:attachment":[{"href":"https:\/\/guialimeira.com.br\/news\/wp-json\/wp\/v2\/media?parent=68347"}],"wp:term":[{"taxonomy":"category","embeddable":true,"href":"https:\/\/guialimeira.com.br\/news\/wp-json\/wp\/v2\/categories?post=68347"},{"taxonomy":"post_tag","embeddable":true,"href":"https:\/\/guialimeira.com.br\/news\/wp-json\/wp\/v2\/tags?post=68347"}],"curies":[{"name":"wp","href":"https:\/\/api.w.org\/{rel}","templated":true}]}}