{"id":68341,"date":"2026-06-08T19:20:16","date_gmt":"2026-06-08T22:20:16","guid":{"rendered":"https:\/\/guialimeira.com.br\/inscricoes-para-o-vestibular-de-medicina-da-mandic-limeira-seguem-ate-10-de-junho\/"},"modified":"2026-06-08T19:20:16","modified_gmt":"2026-06-08T22:20:16","slug":"inscricoes-para-o-vestibular-de-medicina-da-mandic-limeira-seguem-ate-10-de-junho","status":"publish","type":"post","link":"https:\/\/guialimeira.com.br\/news\/inscricoes-para-o-vestibular-de-medicina-da-mandic-limeira-seguem-ate-10-de-junho\/","title":{"rendered":"Inscri\u00e7\u00f5es para o vestibular de Medicina da Mandic Limeira seguem at\u00e9 10 de junho"},"content":{"rendered":"<p> <br \/>\n<\/p>\n<div data-id=\"626ab9d\" data-element_type=\"widget\" data-e-type=\"widget\" data-widget_type=\"theme-post-content.default\">\n<p class=\"wp-block-paragraph\">Os estudantes que desejam ingressar no curso de Medicina da Faculdade S\u00e3o Leopoldo Mandic, em Limeira, t\u00eam at\u00e9 o dia 10 de junho para realizar a inscri\u00e7\u00e3o.<\/p>\n<p class=\"wp-block-paragraph\">Para este novo vestibular na unidade de Limeira est\u00e3o dispon\u00edveis duas vagas. A taxa de inscri\u00e7\u00e3o \u00e9 de R$ 250.<\/p>\n<p class=\"wp-block-paragraph\">Essa \u00e9 uma oportunidade para estudantes que buscam uma forma\u00e7\u00e3o m\u00e9dica de excel\u00eancia em uma institui\u00e7\u00e3o reconhecida pela qualidade do ensino na \u00e1rea da sa\u00fade. A Faculdade S\u00e3o Leopoldo Mandic possui conceito m\u00e1ximo no Minist\u00e9rio da Educa\u00e7\u00e3o (MEC), um dos principais indicadores de qualidade do ensino superior brasileiro.<\/p>\n<p class=\"wp-block-paragraph\">Nos \u00faltimos anos, Limeira passou a atrair cada vez mais estudantes de diferentes regi\u00f5es do pa\u00eds que buscam cursar Medicina fora dos grandes centros urbanos, mas sem abrir m\u00e3o de qualidade acad\u00eamica, infraestrutura e oportunidades de pr\u00e1tica profissional. Nesse cen\u00e1rio, a Mandic se destaca por oferecer uma forma\u00e7\u00e3o baseada em metodologias ativas de aprendizagem, que colocam o estudante como protagonista do processo educacional desde os primeiros semestres.<\/p>\n<p class=\"wp-block-paragraph\">Outro diferencial \u00e9 a forte integra\u00e7\u00e3o entre teoria e pr\u00e1tica. Os alunos t\u00eam contato com atividades cl\u00ednicas desde o in\u00edcio da gradua\u00e7\u00e3o e, com isso, desenvolvem habilidades t\u00e9cnicas e humanas essenciais para o exerc\u00edcio da profiss\u00e3o. A institui\u00e7\u00e3o tamb\u00e9m conta com laborat\u00f3rios modernos, recursos de simula\u00e7\u00e3o real\u00edstica e um corpo docente formado por profissionais experientes e atuantes no mercado.<\/p>\n<p class=\"wp-block-paragraph\">A unidade de Limeira oferece uma estrutura planejada para proporcionar conforto, seguran\u00e7a e acolhimento aos estudantes. Al\u00e9m disso, a localiza\u00e7\u00e3o estrat\u00e9gica do campus favorece o acesso e a integra\u00e7\u00e3o com uma ampla rede de servi\u00e7os de sa\u00fade da regi\u00e3o. O projeto pedag\u00f3gico da Mandic inclui tutorias em grupos reduzidos, o que permite acompanhamento mais pr\u00f3ximo dos alunos, est\u00edmulo ao pensamento cr\u00edtico e desenvolvimento da autonomia profissional. \u201cEssa proposta busca formar m\u00e9dicos preparados n\u00e3o apenas tecnicamente, mas tamb\u00e9m com uma vis\u00e3o humanizada do cuidado com o paciente\u201d, destaca o diretor da unidade de Limeira, Arthur Filgueiras.<\/p>\n<p class=\"wp-block-paragraph\">As inscri\u00e7\u00f5es podem ser realizadas at\u00e9 10 de junho pelo site <a href=\"https:\/\/vestibular.slmandic.edu.br\/inscreva-se\/\" rel=\"noopener\">https:\/\/vestibular.slmandic.edu.br\/inscreva-se\/<\/a>. A prova ser\u00e1 aplicada em formato on-line no dia 15 de junho, das 18h \u00e0s 22h.<\/p>\n<\/div>\n<p><br \/>\n<br \/><a href=\"https:\/\/dinamuscomunicacao.com.br\/inscricoes-para-o-vestibular-de-medicina-da-mandic-limeira-seguem-ate-10-de-junho\/\" rel=\"noopener\"> Informa\u00e7\u00f5es: D\u00ednamus Comunica\u00e7\u00e3o <\/a><\/p>\n","protected":false},"excerpt":{"rendered":"<p>Os estudantes que desejam ingressar no curso de Medicina da Faculdade S\u00e3o Leopoldo Mandic, em Limeira, t\u00eam at\u00e9 o dia 10 de junho para realizar a inscri\u00e7\u00e3o. Para este novo vestibular na unidade de Limeira est\u00e3o dispon\u00edveis duas vagas. A taxa de inscri\u00e7\u00e3o \u00e9 de R$ 250. Essa \u00e9 uma oportunidade para estudantes que buscam [&hellip;]<\/p>\n","protected":false},"author":1,"featured_media":68342,"comment_status":"","ping_status":"open","sticky":false,"template":"","format":"standard","meta":{"_jetpack_newsletter_access":"","_jetpack_dont_email_post_to_subs":false,"_jetpack_newsletter_tier_id":0,"_jetpack_memberships_contains_paywalled_content":false,"_mbp_banners":[],"_jetpack_feature_clip_id":0,"_jetpack_memberships_contains_paid_content":false,"footnotes":"","jetpack_publicize_message":"","jetpack_publicize_feature_enabled":true,"jetpack_social_post_already_shared":true,"jetpack_social_options":{"image_generator_settings":{"template":"highway","default_image_id":0,"font":"","enabled":false},"version":2},"jetpack_post_was_ever_published":false},"categories":[16],"tags":[],"class_list":["post-68341","post","type-post","status-publish","format-standard","has-post-thumbnail","category-local"],"jetpack_publicize_connections":[],"jetpack-related-posts":[],"jetpack_shortlink":"https:\/\/wp.me\/p7Eq1F-hMh","jetpack_sharing_enabled":true,"jetpack_featured_media_url":"https:\/\/i0.wp.com\/guialimeira.com.br\/news\/wp-content\/uploads\/2026\/06\/SLM-Limeira-2023-228.jpg-scaled.jpeg?fit=2560%2C1707&ssl=1","_links":{"self":[{"href":"https:\/\/guialimeira.com.br\/news\/wp-json\/wp\/v2\/posts\/68341","targetHints":{"allow":["GET"]}}],"collection":[{"href":"https:\/\/guialimeira.com.br\/news\/wp-json\/wp\/v2\/posts"}],"about":[{"href":"https:\/\/guialimeira.com.br\/news\/wp-json\/wp\/v2\/types\/post"}],"author":[{"embeddable":true,"href":"https:\/\/guialimeira.com.br\/news\/wp-json\/wp\/v2\/users\/1"}],"replies":[{"embeddable":true,"href":"https:\/\/guialimeira.com.br\/news\/wp-json\/wp\/v2\/comments?post=68341"}],"version-history":[{"count":0,"href":"https:\/\/guialimeira.com.br\/news\/wp-json\/wp\/v2\/posts\/68341\/revisions"}],"wp:featuredmedia":[{"embeddable":true,"href":"https:\/\/guialimeira.com.br\/news\/wp-json\/wp\/v2\/media\/68342"}],"wp:attachment":[{"href":"https:\/\/guialimeira.com.br\/news\/wp-json\/wp\/v2\/media?parent=68341"}],"wp:term":[{"taxonomy":"category","embeddable":true,"href":"https:\/\/guialimeira.com.br\/news\/wp-json\/wp\/v2\/categories?post=68341"},{"taxonomy":"post_tag","embeddable":true,"href":"https:\/\/guialimeira.com.br\/news\/wp-json\/wp\/v2\/tags?post=68341"}],"curies":[{"name":"wp","href":"https:\/\/api.w.org\/{rel}","templated":true}]}}