{"id":68337,"date":"2026-06-08T18:29:18","date_gmt":"2026-06-08T21:29:18","guid":{"rendered":"https:\/\/guialimeira.com.br\/nota-a-imprensa-butantan-dv\/"},"modified":"2026-06-08T18:29:18","modified_gmt":"2026-06-08T21:29:18","slug":"nota-a-imprensa-butantan-dv","status":"publish","type":"post","link":"https:\/\/guialimeira.com.br\/news\/nota-a-imprensa-butantan-dv\/","title":{"rendered":"NOTA \u00c0 IMPRENSA \u2013 BUTANTAN-DV"},"content":{"rendered":"<p> <br \/>\n<br \/><img data-recalc-dims=\"1\" decoding=\"async\" src=\"https:\/\/i0.wp.com\/www.agenciasp.sp.gov.br\/wp-content\/uploads\/2025\/11\/WhatsApp-Image-2025-11-26-at-12.11.33.jpeg?w=696&#038;ssl=1\" \/><\/p>\n<p><a rel=\"nofollow noopener\" href=\"https:\/\/www.agenciasp.sp.gov.br\/nota-a-imprensa-butantan-dv\/\">NOTA \u00c0 IMPRENSA &#8211; BUTANTAN-DV<\/a><\/p>\n<p class=\"wp-block-paragraph\">O Governo de S\u00e3o Paulo informa que, seguindo orienta\u00e7\u00e3o do Minist\u00e9rio da Sa\u00fade e da Anvisa, a vacina\u00e7\u00e3o contra a dengue ser\u00e1 temporariamente interrompida, de forma preventiva, para reavalia\u00e7\u00e3o da estrat\u00e9gia vacinal e aprofundamento das an\u00e1lises de farmacovigil\u00e2ncia.<\/p>\n<p class=\"wp-block-paragraph\">A medida foi adotada ap\u00f3s o registro de eventos adversos em pessoas vacinadas. Entre os casos analisados, tr\u00eas apresentaram sinais de gravidade, em um universo de aproximadamente 500 mil doses aplicadas, incluindo dois \u00f3bitos registrados.<\/p>\n<p class=\"wp-block-paragraph\">At\u00e9 o momento, n\u00e3o foi confirmada uma liga\u00e7\u00e3o entre os casos e a vacina. A suspens\u00e3o tempor\u00e1ria segue o princ\u00edpio da precau\u00e7\u00e3o e tem como objetivo garantir a m\u00e1xima seguran\u00e7a \u00e0 popula\u00e7\u00e3o enquanto as investiga\u00e7\u00f5es s\u00e3o conclu\u00eddas.<\/p>\n<p class=\"wp-block-paragraph\">No Estado de S\u00e3o Paulo, a vacina\u00e7\u00e3o estava sendo realizada conforme diretrizes das autoridades sanit\u00e1rias. As orienta\u00e7\u00f5es sobre a continuidade da imuniza\u00e7\u00e3o ser\u00e3o divulgadas ap\u00f3s a conclus\u00e3o das an\u00e1lises conduzidas pelo Minist\u00e9rio da Sa\u00fade, pela Anvisa e pelas equipes de farmacovigil\u00e2ncia.<\/p>\n<p class=\"wp-block-paragraph\">O Instituto Butantan colabora integralmente com os \u00f3rg\u00e3os respons\u00e1veis, fornecendo informa\u00e7\u00f5es t\u00e9cnicas, acompanhando os dados de seguran\u00e7a e contribuindo para a avalia\u00e7\u00e3o da estrat\u00e9gia vacinal. Todo o processo est\u00e1 sendo conduzido com transpar\u00eancia, rigor cient\u00edfico e responsabilidade sanit\u00e1ria.<\/p>\n<p class=\"wp-block-paragraph\">A vacina contra a dengue desenvolvida pelo Butantan apresentou efic\u00e1cia global de 79,6% e de 89% contra casos graves em estudo publicado em revista cient\u00edfica internacional. Al\u00e9m disso, o acompanhamento realizado nos munic\u00edpios de Botucatu (SP), Maranguape (CE) e Nova Lima (MG), onde houve vacina\u00e7\u00e3o em larga escala, n\u00e3o identificou eventos adversos graves relevantes associados ao imunizante.<\/p>\n<p class=\"wp-block-paragraph\">O Governo de S\u00e3o Paulo refor\u00e7a que medidas preventivas como esta fazem parte dos protocolos de monitoramento de vacinas e s\u00e3o fundamentais para garantir a seguran\u00e7a da popula\u00e7\u00e3o e a confian\u00e7a nas pol\u00edticas p\u00fablicas de imuniza\u00e7\u00e3o. O Estado reafirma seu compromisso com a transpar\u00eancia e o fortalecimento da pesquisa e da inova\u00e7\u00e3o em sa\u00fade, por meio do trabalho desenvolvido pelo Instituto Butantan, institui\u00e7\u00e3o com mais de 125 anos de contribui\u00e7\u00e3o \u00e0 sa\u00fade p\u00fablica.<\/p>\n<p>O post <a rel=\"nofollow noopener\" href=\"https:\/\/www.agenciasp.sp.gov.br\/nota-a-imprensa-butantan-dv\/\">NOTA \u00c0 IMPRENSA &#8211; BUTANTAN-DV<\/a> apareceu primeiro em <a rel=\"nofollow noopener\" href=\"https:\/\/www.agenciasp.sp.gov.br\">Ag\u00eancia SP<\/a>.<\/p>\n<p><br \/>\n<br \/><a href=\"https:\/\/www.agenciasp.sp.gov.br\/nota-a-imprensa-butantan-dv\/\" rel=\"noopener\">Informa\u00e7\u00f5es GOV.SP<\/a><\/p>\n","protected":false},"excerpt":{"rendered":"<p>NOTA \u00c0 IMPRENSA &#8211; BUTANTAN-DV O Governo de S\u00e3o Paulo informa que, seguindo orienta\u00e7\u00e3o do Minist\u00e9rio da Sa\u00fade e da Anvisa, a vacina\u00e7\u00e3o contra a dengue ser\u00e1 temporariamente interrompida, de forma preventiva, para reavalia\u00e7\u00e3o da estrat\u00e9gia vacinal e aprofundamento das an\u00e1lises de farmacovigil\u00e2ncia. A medida foi adotada ap\u00f3s o registro de eventos adversos em pessoas [&hellip;]<\/p>\n","protected":false},"author":1,"featured_media":68338,"comment_status":"","ping_status":"open","sticky":false,"template":"","format":"standard","meta":{"_jetpack_newsletter_access":"","_jetpack_dont_email_post_to_subs":false,"_jetpack_newsletter_tier_id":0,"_jetpack_memberships_contains_paywalled_content":false,"_mbp_banners":[],"_jetpack_feature_clip_id":0,"_jetpack_memberships_contains_paid_content":false,"footnotes":"","jetpack_publicize_message":"","jetpack_publicize_feature_enabled":true,"jetpack_social_post_already_shared":true,"jetpack_social_options":{"image_generator_settings":{"template":"highway","default_image_id":0,"font":"","enabled":false},"version":2},"jetpack_post_was_ever_published":false},"categories":[21],"tags":[],"class_list":["post-68337","post","type-post","status-publish","format-standard","has-post-thumbnail","category-sp-news"],"jetpack_publicize_connections":[],"jetpack-related-posts":[],"jetpack_shortlink":"https:\/\/wp.me\/p7Eq1F-hMd","jetpack_sharing_enabled":true,"jetpack_featured_media_url":"https:\/\/i0.wp.com\/guialimeira.com.br\/news\/wp-content\/uploads\/2026\/06\/NOTA-A-IMPRENSA-%E2%80%93-BUTANTAN-DV.jpeg?fit=1280%2C854&ssl=1","_links":{"self":[{"href":"https:\/\/guialimeira.com.br\/news\/wp-json\/wp\/v2\/posts\/68337","targetHints":{"allow":["GET"]}}],"collection":[{"href":"https:\/\/guialimeira.com.br\/news\/wp-json\/wp\/v2\/posts"}],"about":[{"href":"https:\/\/guialimeira.com.br\/news\/wp-json\/wp\/v2\/types\/post"}],"author":[{"embeddable":true,"href":"https:\/\/guialimeira.com.br\/news\/wp-json\/wp\/v2\/users\/1"}],"replies":[{"embeddable":true,"href":"https:\/\/guialimeira.com.br\/news\/wp-json\/wp\/v2\/comments?post=68337"}],"version-history":[{"count":0,"href":"https:\/\/guialimeira.com.br\/news\/wp-json\/wp\/v2\/posts\/68337\/revisions"}],"wp:featuredmedia":[{"embeddable":true,"href":"https:\/\/guialimeira.com.br\/news\/wp-json\/wp\/v2\/media\/68338"}],"wp:attachment":[{"href":"https:\/\/guialimeira.com.br\/news\/wp-json\/wp\/v2\/media?parent=68337"}],"wp:term":[{"taxonomy":"category","embeddable":true,"href":"https:\/\/guialimeira.com.br\/news\/wp-json\/wp\/v2\/categories?post=68337"},{"taxonomy":"post_tag","embeddable":true,"href":"https:\/\/guialimeira.com.br\/news\/wp-json\/wp\/v2\/tags?post=68337"}],"curies":[{"name":"wp","href":"https:\/\/api.w.org\/{rel}","templated":true}]}}