{"id":68330,"date":"2026-06-08T17:35:08","date_gmt":"2026-06-08T20:35:08","guid":{"rendered":"https:\/\/guialimeira.com.br\/prefeitura-de-limeira-segue-recomendacao-e-suspende-vacinacao-contra-a-dengue-para-adultos-a-partir-desta-terca-feira-9\/"},"modified":"2026-06-08T17:35:08","modified_gmt":"2026-06-08T20:35:08","slug":"prefeitura-de-limeira-segue-recomendacao-e-suspende-vacinacao-contra-a-dengue-para-adultos-a-partir-desta-terca-feira-9","status":"publish","type":"post","link":"https:\/\/guialimeira.com.br\/news\/prefeitura-de-limeira-segue-recomendacao-e-suspende-vacinacao-contra-a-dengue-para-adultos-a-partir-desta-terca-feira-9\/","title":{"rendered":"Prefeitura de Limeira segue recomenda\u00e7\u00e3o e suspende vacina\u00e7\u00e3o contra a dengue para adultos a partir desta ter\u00e7a-feira (9)"},"content":{"rendered":"<p> <br \/>\n<\/p>\n<div>\n                <main class=\"\">&#13;<br \/>\n                    &#13;<br \/>\n&#13;<br \/>\n&#13;<br \/>\n&#13;<br \/>\n&#13;<br \/>\n&#13;<br \/>\n    <img data-recalc-dims=\"1\" decoding=\"async\" src=\"https:\/\/i0.wp.com\/ecrie.com.br\/sistema\/conteudos\/imagem\/m_137_0_1_08062026173347.jpeg?w=696&#038;ssl=1\" alt=\"Prefeitura de Limeira segue recomenda\u00e7\u00e3o e suspende vacina\u00e7\u00e3o contra a dengue para adultos a partir desta ter\u00e7a-feira (9)\"\/>&#13;<br \/>\n&#13;<br \/>\n&#13;<\/p>\n<p>\u00a0<\/p>\n<p>&#13;<\/p>\n<p style=\"text-align: justify;\">A Prefeitura de Limeira informa que, a partir desta ter\u00e7a-feira (9), suspender\u00e1 temporariamente a vacina\u00e7\u00e3o contra a dengue para adultos com o imunizante produzido pelo Instituto Butantan. A decis\u00e3o atende \u00e0 orienta\u00e7\u00e3o do Minist\u00e9rio da Sa\u00fade, que anunciou, em coletiva de imprensa realizada na tarde desta segunda-feira (8), a interrup\u00e7\u00e3o preventiva da campanha em todo o pa\u00eds ap\u00f3s o registro de duas mortes suspeitas.<\/p>\n<p>&#13;<\/p>\n<p style=\"text-align: justify;\">Segundo o Minist\u00e9rio, a suspens\u00e3o ocorre enquanto as autoridades sanit\u00e1rias investigam Eventos Supostamente Atribu\u00edveis \u00e0 Vacina\u00e7\u00e3o ou Imuniza\u00e7\u00e3o (ESAVI) classificados como graves. A medida tamb\u00e9m foi endossada pelo Grupo de Vigil\u00e2ncia Epidemiol\u00f3gica de Piracicaba (GVE).<\/p>\n<p>&#13;<\/p>\n<p style=\"text-align: justify;\">Em Limeira, a vacina\u00e7\u00e3o contra a dengue com o imunizante do Butantan, de dose \u00fanica, teve in\u00edcio em 29 de abril e foi destinada inicialmente a profissionais de sa\u00fade de at\u00e9 59 anos e, posteriormente, \u00e0 popula\u00e7\u00e3o em geral da mesma faixa et\u00e1ria. Desde ent\u00e3o, foram aplicadas 583 doses da vacina no munic\u00edpio. Conforme as notifica\u00e7\u00f5es recebidas, 24 pessoas apresentaram sintomas leves ap\u00f3s a imuniza\u00e7\u00e3o, sem registro de casos graves ou severos. Tamb\u00e9m n\u00e3o houve interna\u00e7\u00f5es relacionadas \u00e0 vacina.<\/p>\n<p>&#13;<\/p>\n<p style=\"text-align: justify;\">De acordo com o Minist\u00e9rio da Sa\u00fade, os eventos adversos mais graves t\u00eam sido observados entre o 10\u00ba e o 12\u00ba dia ap\u00f3s a aplica\u00e7\u00e3o da vacina. Por esse motivo, pessoas imunizadas a partir de 18 de maio devem ficar atentas ao surgimento de sintomas como febre, dor abdominal intensa, v\u00f4mitos persistentes, sangramentos, sonol\u00eancia, irritabilidade e sinais de desidrata\u00e7\u00e3o, entre outros.<\/p>\n<p>&#13;<\/p>\n<p style=\"text-align: justify;\">Segundo a Divis\u00e3o de Vigil\u00e2ncia Epidemiol\u00f3gica de Limeira, 97 pessoas receberam a vacina a partir dessa data. A orienta\u00e7\u00e3o \u00e9 que elas procurem a Unidade B\u00e1sica de Sa\u00fade (UBS) mais pr\u00f3xima para avalia\u00e7\u00e3o e acompanhamento, independentemente da presen\u00e7a de sintomas.<\/p>\n<p>&#13;<\/p>\n<p style=\"text-align: justify;\">O secret\u00e1rio de Sa\u00fade, Alexandre Ferrari, ressalta que a pasta j\u00e1 iniciou um trabalho de busca ativa junto a essas pessoas para monitorar poss\u00edveis rea\u00e7\u00f5es ao imunizante e garantir o acompanhamento necess\u00e1rio. Ele destaca ainda que a vacina\u00e7\u00e3o contra a dengue para adolescentes de 10 a 14 anos segue normalmente no munic\u00edpio, assim como as a\u00e7\u00f5es de preven\u00e7\u00e3o e combate ao mosquito Aedes aegypti.<\/p>\n<p>&#13;<br \/>\n&#13;<br \/>\n&#13;<br \/>\n&#13;<br \/>\n&#13;<br \/>\n&#13;<\/p>\n<article class=\"conteudo-relacionado no-print\">&#13;<br \/>\n        &#13;<br \/>\n&#13;<br \/>\n        &#13;<br \/>\n    <\/article>\n<p>&#13;<br \/>\n&#13;<br \/>\n                <\/main><\/p><\/div>\n<p><br \/>\n<br \/><a href=\"https:\/\/limeira.sp.gov.br\/prefeitura-de-limeira-segue-recomendacao-e-suspende-vacinacao-contra-a-dengue-para-adultos-a-partir-desta-terca-feira-9\" rel=\"noopener\">Informa\u00e7\u00f5es da PML <\/a><\/p>\n","protected":false},"excerpt":{"rendered":"<p>&#13; &#13; &#13; &#13; &#13; &#13; &#13; &#13; &#13; &#13; \u00a0 &#13; A Prefeitura de Limeira informa que, a partir desta ter\u00e7a-feira (9), suspender\u00e1 temporariamente a vacina\u00e7\u00e3o contra a dengue para adultos com o imunizante produzido pelo Instituto Butantan. A decis\u00e3o atende \u00e0 orienta\u00e7\u00e3o do Minist\u00e9rio da Sa\u00fade, que anunciou, em coletiva de imprensa realizada [&hellip;]<\/p>\n","protected":false},"author":1,"featured_media":68331,"comment_status":"","ping_status":"open","sticky":false,"template":"","format":"standard","meta":{"_jetpack_newsletter_access":"","_jetpack_dont_email_post_to_subs":false,"_jetpack_newsletter_tier_id":0,"_jetpack_memberships_contains_paywalled_content":false,"_mbp_banners":[],"_jetpack_feature_clip_id":0,"_jetpack_memberships_contains_paid_content":false,"footnotes":"","jetpack_publicize_message":"","jetpack_publicize_feature_enabled":true,"jetpack_social_post_already_shared":true,"jetpack_social_options":{"image_generator_settings":{"template":"highway","default_image_id":0,"font":"","enabled":false},"version":2},"jetpack_post_was_ever_published":false},"categories":[16],"tags":[],"class_list":["post-68330","post","type-post","status-publish","format-standard","has-post-thumbnail","category-local"],"jetpack_publicize_connections":[],"jetpack-related-posts":[],"jetpack_shortlink":"https:\/\/wp.me\/p7Eq1F-hM6","jetpack_sharing_enabled":true,"jetpack_featured_media_url":"https:\/\/i0.wp.com\/guialimeira.com.br\/news\/wp-content\/uploads\/2026\/06\/m_137_0_1_08062026173347.jpeg?fit=1024%2C681&ssl=1","_links":{"self":[{"href":"https:\/\/guialimeira.com.br\/news\/wp-json\/wp\/v2\/posts\/68330","targetHints":{"allow":["GET"]}}],"collection":[{"href":"https:\/\/guialimeira.com.br\/news\/wp-json\/wp\/v2\/posts"}],"about":[{"href":"https:\/\/guialimeira.com.br\/news\/wp-json\/wp\/v2\/types\/post"}],"author":[{"embeddable":true,"href":"https:\/\/guialimeira.com.br\/news\/wp-json\/wp\/v2\/users\/1"}],"replies":[{"embeddable":true,"href":"https:\/\/guialimeira.com.br\/news\/wp-json\/wp\/v2\/comments?post=68330"}],"version-history":[{"count":0,"href":"https:\/\/guialimeira.com.br\/news\/wp-json\/wp\/v2\/posts\/68330\/revisions"}],"wp:featuredmedia":[{"embeddable":true,"href":"https:\/\/guialimeira.com.br\/news\/wp-json\/wp\/v2\/media\/68331"}],"wp:attachment":[{"href":"https:\/\/guialimeira.com.br\/news\/wp-json\/wp\/v2\/media?parent=68330"}],"wp:term":[{"taxonomy":"category","embeddable":true,"href":"https:\/\/guialimeira.com.br\/news\/wp-json\/wp\/v2\/categories?post=68330"},{"taxonomy":"post_tag","embeddable":true,"href":"https:\/\/guialimeira.com.br\/news\/wp-json\/wp\/v2\/tags?post=68330"}],"curies":[{"name":"wp","href":"https:\/\/api.w.org\/{rel}","templated":true}]}}