{"id":68328,"date":"2026-06-08T17:10:52","date_gmt":"2026-06-08T20:10:52","guid":{"rendered":"https:\/\/guialimeira.com.br\/isabelly-carvalho-questiona-municipio-sobre-condicoes-dos-banheiros-publicos\/"},"modified":"2026-06-08T17:10:52","modified_gmt":"2026-06-08T20:10:52","slug":"isabelly-carvalho-questiona-municipio-sobre-condicoes-dos-banheiros-publicos","status":"publish","type":"post","link":"https:\/\/guialimeira.com.br\/news\/isabelly-carvalho-questiona-municipio-sobre-condicoes-dos-banheiros-publicos\/","title":{"rendered":"Isabelly Carvalho questiona Munic\u00edpio sobre condi\u00e7\u00f5es dos banheiros p\u00fablicos"},"content":{"rendered":"<p>Isabelly Carvalho questiona Munic\u00edpio sobre condi\u00e7\u00f5es dos banheiros p\u00fablicos<\/p>\n<p>A vereadora Isabelly Carvalho (PT) protocolou na C\u00e2mara Municipal nesta segunda-feira, 8 de junho, o Requerimento N\u00b0 485\/2026 solicitando informa\u00e7\u00f5es \u00e0 Prefeitura sobre as condi\u00e7\u00f5es de conserva\u00e7\u00e3o, manuten\u00e7\u00e3o, limpeza e seguran\u00e7a dos banheiros p\u00fablicos municipais. O documento busca esclarecer quais investimentos foram realizados nos \u00faltimos anos, quais s\u00e3o os protocolos de zeladoria atualmente adotados e se h\u00e1 previs\u00e3o de reformas ou melhorias nesses espa\u00e7os.<\/p>\n<p>Segundo a parlamentar, o debate sobre os banheiros p\u00fablicos precisa ir al\u00e9m de abordagens moralizantes e considerar tamb\u00e9m as condi\u00e7\u00f5es em que esses equipamentos s\u00e3o mantidos pelo poder p\u00fablico. \u201cBanheiros p\u00fablicos s\u00e3o equipamentos essenciais para garantir dignidade, higiene, acessibilidade e seguran\u00e7a para a popula\u00e7\u00e3o. Quando esses espa\u00e7os sofrem com abandono ou falta de manuten\u00e7\u00e3o, deixam de cumprir adequadamente sua fun\u00e7\u00e3o social\u201d, afirmou.<\/p>\n<p>Isabelly Carvalho ressaltou que a proposta tamb\u00e9m busca compreender quais medidas v\u00eam sendo adotadas pelo Munic\u00edpio para assegurar que esses locais sejam utilizados em condi\u00e7\u00f5es adequadas pela popula\u00e7\u00e3o. \u201cA discuss\u00e3o deve estar centrada na preserva\u00e7\u00e3o do patrim\u00f4nio p\u00fablico e na garantia de servi\u00e7os de qualidade para todos os cidad\u00e3os que utilizam os espa\u00e7os p\u00fablicos da cidade\u201d, expressou a vereadora.<\/p>\n<p>Do Gabinete Parlamentar \u2013 Vereadora Isabelly Carvalho (PT)<\/p>\n<p>*Fotos do Gabinete parlamentar<\/p>\n<p>As mat\u00e9rias de origem dos Gabinetes Parlamentares s\u00e3o de inteira\u00a0 responsabilidade dos parlamentares e de suas assessorias. S\u00e3o devidamente assinadas e n\u00e3o refletem, necessariamente, a opini\u00e3o institucional da C\u00e2mara Municipal de Limeira.<\/p>\n<hr>\n<p><em>Fonte: <a href=\"https:\/\/www.limeira.sp.leg.br\/noticias\/view\/2026-06-08_isabelly-carvalho-questiona-municipio-sobre-condicoes-dos-banheiros-publicos\" target=\"_blank\" rel=\"noopener\">C\u00e2mara Municipal de Limeira<\/a><\/em><\/p>\n","protected":false},"excerpt":{"rendered":"<p>Isabelly Carvalho questiona Munic\u00edpio sobre condi\u00e7\u00f5es dos banheiros p\u00fablicos<\/p>\n<p>A vereadora Isabelly Carvalho (PT) protocolou na C\u00e2mara Municipal nesta segunda-feira, 8 de junho, o Requerimento N\u00b0 485\/2026 solicitando informa\u00e7\u00f5es \u00e0 Prefeitura sobre as condi\u00e7\u00f5es de conserva\u00e7\u00e3o, manuten\u00e7\u00e3o, limpeza e se<\/p>\n","protected":false},"author":4,"featured_media":68327,"comment_status":"","ping_status":"open","sticky":false,"template":"","format":"standard","meta":{"_jetpack_newsletter_access":"","_jetpack_dont_email_post_to_subs":false,"_jetpack_newsletter_tier_id":0,"_jetpack_memberships_contains_paywalled_content":false,"_mbp_banners":[],"_jetpack_feature_clip_id":0,"_jetpack_memberships_contains_paid_content":false,"footnotes":"","jetpack_publicize_message":"","jetpack_publicize_feature_enabled":true,"jetpack_social_post_already_shared":true,"jetpack_social_options":{"image_generator_settings":{"template":"highway","default_image_id":0,"font":"","enabled":false},"version":2},"jetpack_post_was_ever_published":false},"categories":[19],"tags":[],"class_list":["post-68328","post","type-post","status-publish","format-standard","has-post-thumbnail","category-politica"],"jetpack_publicize_connections":[],"jetpack-related-posts":[],"jetpack_shortlink":"https:\/\/wp.me\/p7Eq1F-hM4","jetpack_sharing_enabled":true,"jetpack_featured_media_url":"https:\/\/i0.wp.com\/guialimeira.com.br\/news\/wp-content\/uploads\/2026\/06\/noticia-camara-25.jpg?fit=1280%2C640&ssl=1","_links":{"self":[{"href":"https:\/\/guialimeira.com.br\/news\/wp-json\/wp\/v2\/posts\/68328","targetHints":{"allow":["GET"]}}],"collection":[{"href":"https:\/\/guialimeira.com.br\/news\/wp-json\/wp\/v2\/posts"}],"about":[{"href":"https:\/\/guialimeira.com.br\/news\/wp-json\/wp\/v2\/types\/post"}],"author":[{"embeddable":true,"href":"https:\/\/guialimeira.com.br\/news\/wp-json\/wp\/v2\/users\/4"}],"replies":[{"embeddable":true,"href":"https:\/\/guialimeira.com.br\/news\/wp-json\/wp\/v2\/comments?post=68328"}],"version-history":[{"count":0,"href":"https:\/\/guialimeira.com.br\/news\/wp-json\/wp\/v2\/posts\/68328\/revisions"}],"wp:featuredmedia":[{"embeddable":true,"href":"https:\/\/guialimeira.com.br\/news\/wp-json\/wp\/v2\/media\/68327"}],"wp:attachment":[{"href":"https:\/\/guialimeira.com.br\/news\/wp-json\/wp\/v2\/media?parent=68328"}],"wp:term":[{"taxonomy":"category","embeddable":true,"href":"https:\/\/guialimeira.com.br\/news\/wp-json\/wp\/v2\/categories?post=68328"},{"taxonomy":"post_tag","embeddable":true,"href":"https:\/\/guialimeira.com.br\/news\/wp-json\/wp\/v2\/tags?post=68328"}],"curies":[{"name":"wp","href":"https:\/\/api.w.org\/{rel}","templated":true}]}}