{"id":68323,"date":"2026-06-08T16:47:53","date_gmt":"2026-06-08T19:47:53","guid":{"rendered":"https:\/\/guialimeira.com.br\/copa-do-mundo-inspira-atividade-inclusiva-e-fortalece-aprendizado-em-escola-municipal-de-limeira\/"},"modified":"2026-06-08T16:47:53","modified_gmt":"2026-06-08T19:47:53","slug":"copa-do-mundo-inspira-atividade-inclusiva-e-fortalece-aprendizado-em-escola-municipal-de-limeira","status":"publish","type":"post","link":"https:\/\/guialimeira.com.br\/news\/copa-do-mundo-inspira-atividade-inclusiva-e-fortalece-aprendizado-em-escola-municipal-de-limeira\/","title":{"rendered":"Copa do Mundo inspira atividade inclusiva e fortalece aprendizado em escola municipal de Limeira"},"content":{"rendered":"<p> <br \/>\n<\/p>\n<div id=\"\">&#13;<br \/>\n                    &#13;<br \/>\n&#13;<br \/>\n&#13;<br \/>\n&#13;<\/p>\n<header class=\"list-header\">&#13;<br \/>\n    &#13;<br \/>\n&#13;<\/p>\n<nav class=\"breadcrumbs__container no-print\">&#13;<br \/>\n    <a class=\"breadcrumbs__item\" href=\"https:\/\/limeira.sp.gov.br\/\" rel=\"noopener\">In\u00edcio<\/a>&#13;<br \/>\n&#13;<br \/>\n&#13;<br \/>\n&#13;<br \/>\n<\/nav>\n<p>&#13;<br \/>\n&#13;<br \/>\n    &#13;<br \/>\n&#13;<\/p>\n<p class=\"page-description\">&#13;<br \/>\n            Alunos confeccionaram origamis e bolas tem\u00e1ticas para a decora\u00e7\u00e3o da festa junina da escola&#13;\n        <\/p>\n<p>&#13;<br \/>\n&#13;<br \/>\n    &#13;<br \/>\n<\/header>\n<p>&#13;<br \/>\n&#13;<br \/>\n    <img data-recalc-dims=\"1\" decoding=\"async\" src=\"https:\/\/i0.wp.com\/ecrie.com.br\/sistema\/conteudos\/imagem\/m_137_0_1_08062026164412.jpg?w=696&#038;ssl=1\" alt=\"Copa do Mundo inspira atividade inclusiva e fortalece aprendizado em escola municipal de Limeira\"\/>&#13;<br \/>\n&#13;<br \/>\n&#13;<\/p>\n<p>Os estudantes do 5\u00ba ano da Ceief Prof.\u00aa Flora de Castro Rodrigues participaram de uma atividade especial inspirada no clima da Copa do Mundo. A a\u00e7\u00e3o integra um projeto inclusivo desenvolvido pela equipe de Educa\u00e7\u00e3o Especial da Secretaria Municipal de Educa\u00e7\u00e3o de Limeira, com foco no fortalecimento da conviv\u00eancia, da criatividade e do trabalho em equipe.<br \/>Durante a atividade, os alunos confeccionaram bolas tridimensionais e origamis tem\u00e1ticos que ser\u00e3o utilizados na decora\u00e7\u00e3o da festa junina da unidade escolar, que acontece no dia 20 de junho. Al\u00e9m do aspecto l\u00fadico, a proposta trabalhou conceitos de geometria, coordena\u00e7\u00e3o motora e coopera\u00e7\u00e3o entre os participantes.<br \/>Segundo a professora formadora da Educa\u00e7\u00e3o Especial, Caroline Providelli, a iniciativa valoriza as potencialidades de cada estudante. \u201cO mais importante dessa atividade \u00e9 que todos participam. Trabalhamos as formas geom\u00e9tricas e o desenvolvimento das habilidades dos alunos, sempre destacando suas capacidades e n\u00e3o as dificuldades\u201d, explicou.<br \/>A professora da turma, Majulie Carolina Mion, destacou o entusiasmo das crian\u00e7as com o projeto. \u201cO tema da Copa do Mundo despertou muito interesse nos alunos. Como foi uma atividade em grupo, eles precisaram colaborar, dividir tarefas e respeitar o que cada colega conseguia realizar. Foi um trabalho muito significativo e divertido para todos\u201d, afirmou.<br \/>O prefeito Murilo F\u00e9lix ressaltou a import\u00e2ncia de iniciativas que promovam a inclus\u00e3o dentro do ambiente escolar. \u201cA educa\u00e7\u00e3o inclusiva acontece na pr\u00e1tica, quando criamos oportunidades para que todas as crian\u00e7as participem, aprendam e desenvolvam seus talentos. Projetos como este fortalecem a conviv\u00eancia, estimulam o trabalho em equipe e mostram que cada aluno tem um potencial \u00fanico a ser valorizado\u201d, destacou.<br \/>A iniciativa refor\u00e7a o compromisso da rede municipal com uma educa\u00e7\u00e3o inclusiva, que promove a participa\u00e7\u00e3o de todos os estudantes por meio de experi\u00eancias pedag\u00f3gicas que unem aprendizado, criatividade e integra\u00e7\u00e3o.<\/p>\n<p>&#13;<br \/>\n&#13;<br \/>\n&#13;<br \/>\n&#13;<\/p>\n<article class=\"conteudo-relacionado no-print\">&#13;<\/p>\n<header class=\"list-header\">&#13;<\/p>\n<h4>Conte\u00fados Relacionados<\/h4>\n<p>&#13;<br \/>\n        <\/header>\n<p>&#13;<br \/>\n&#13;<br \/>\n        &#13;<br \/>\n    <\/article>\n<p>&#13;<br \/>\n&#13;\n                <\/p><\/div>\n<p><br \/>\n<br \/><a href=\"https:\/\/limeira.sp.gov.br\/copa-do-mundo-inspira-atividade-inclusiva-e-fortalece-aprendizado-em-escola-municipal-de-limeira\" rel=\"noopener\">Informa\u00e7\u00f5es da PML <\/a><\/p>\n","protected":false},"excerpt":{"rendered":"<p>&#13; &#13; &#13; &#13; &#13; &#13; &#13; &#13; &#13; In\u00edcio&#13; &#13; &#13; &#13; &#13; &#13; &#13; &#13; &#13; Alunos confeccionaram origamis e bolas tem\u00e1ticas para a decora\u00e7\u00e3o da festa junina da escola&#13; &#13; &#13; &#13; &#13; &#13; &#13; &#13; &#13; Os estudantes do 5\u00ba ano da Ceief Prof.\u00aa Flora de Castro Rodrigues participaram de uma [&hellip;]<\/p>\n","protected":false},"author":1,"featured_media":68324,"comment_status":"","ping_status":"open","sticky":false,"template":"","format":"standard","meta":{"_jetpack_newsletter_access":"","_jetpack_dont_email_post_to_subs":false,"_jetpack_newsletter_tier_id":0,"_jetpack_memberships_contains_paywalled_content":false,"_mbp_banners":[],"_jetpack_feature_clip_id":0,"_jetpack_memberships_contains_paid_content":false,"footnotes":"","jetpack_publicize_message":"","jetpack_publicize_feature_enabled":true,"jetpack_social_post_already_shared":true,"jetpack_social_options":{"image_generator_settings":{"template":"highway","default_image_id":0,"font":"","enabled":false},"version":2},"jetpack_post_was_ever_published":false},"categories":[16],"tags":[],"class_list":["post-68323","post","type-post","status-publish","format-standard","has-post-thumbnail","category-local"],"jetpack_publicize_connections":[],"jetpack-related-posts":[],"jetpack_shortlink":"https:\/\/wp.me\/p7Eq1F-hLZ","jetpack_sharing_enabled":true,"jetpack_featured_media_url":"https:\/\/i0.wp.com\/guialimeira.com.br\/news\/wp-content\/uploads\/2026\/06\/m_137_0_1_08062026164412.jpg?fit=1024%2C576&ssl=1","_links":{"self":[{"href":"https:\/\/guialimeira.com.br\/news\/wp-json\/wp\/v2\/posts\/68323","targetHints":{"allow":["GET"]}}],"collection":[{"href":"https:\/\/guialimeira.com.br\/news\/wp-json\/wp\/v2\/posts"}],"about":[{"href":"https:\/\/guialimeira.com.br\/news\/wp-json\/wp\/v2\/types\/post"}],"author":[{"embeddable":true,"href":"https:\/\/guialimeira.com.br\/news\/wp-json\/wp\/v2\/users\/1"}],"replies":[{"embeddable":true,"href":"https:\/\/guialimeira.com.br\/news\/wp-json\/wp\/v2\/comments?post=68323"}],"version-history":[{"count":0,"href":"https:\/\/guialimeira.com.br\/news\/wp-json\/wp\/v2\/posts\/68323\/revisions"}],"wp:featuredmedia":[{"embeddable":true,"href":"https:\/\/guialimeira.com.br\/news\/wp-json\/wp\/v2\/media\/68324"}],"wp:attachment":[{"href":"https:\/\/guialimeira.com.br\/news\/wp-json\/wp\/v2\/media?parent=68323"}],"wp:term":[{"taxonomy":"category","embeddable":true,"href":"https:\/\/guialimeira.com.br\/news\/wp-json\/wp\/v2\/categories?post=68323"},{"taxonomy":"post_tag","embeddable":true,"href":"https:\/\/guialimeira.com.br\/news\/wp-json\/wp\/v2\/tags?post=68323"}],"curies":[{"name":"wp","href":"https:\/\/api.w.org\/{rel}","templated":true}]}}