{"id":68319,"date":"2026-06-08T16:30:55","date_gmt":"2026-06-08T19:30:55","guid":{"rendered":"https:\/\/guialimeira.com.br\/vagas-com-salarios-de-ate-r-56-mil-tem-inscricoes-abertas-com-apoio-da-prefeitura-de-limeira\/"},"modified":"2026-06-08T16:30:55","modified_gmt":"2026-06-08T19:30:55","slug":"vagas-com-salarios-de-ate-r-56-mil-tem-inscricoes-abertas-com-apoio-da-prefeitura-de-limeira","status":"publish","type":"post","link":"https:\/\/guialimeira.com.br\/news\/vagas-com-salarios-de-ate-r-56-mil-tem-inscricoes-abertas-com-apoio-da-prefeitura-de-limeira\/","title":{"rendered":"Vagas com sal\u00e1rios de at\u00e9 R$ 5,6 mil tem inscri\u00e7\u00f5es abertas com apoio da Prefeitura de Limeira"},"content":{"rendered":"<p> <br \/>\n<\/p>\n<div>\n                <main class=\"\">&#13;<br \/>\n                    &#13;<br \/>\n&#13;<br \/>\n&#13;<br \/>\n&#13;<br \/>\n&#13;<br \/>\n&#13;<br \/>\n    <img data-recalc-dims=\"1\" decoding=\"async\" src=\"https:\/\/i0.wp.com\/ecrie.com.br\/sistema\/conteudos\/imagem\/m_137_0_1_08062026162609.jpg?w=696&#038;ssl=1\" alt=\"Vagas com sal\u00e1rios de at\u00e9 R$ 5,6 mil tem inscri\u00e7\u00f5es abertas com apoio da Prefeitura de Limeira\"\/>&#13;<br \/>\n&#13;<br \/>\n&#13;<\/p>\n<p>Com o objetivo de ampliar o acesso da popula\u00e7\u00e3o ao mercado de trabalho, a Prefeitura de Limeira, apoia a divulga\u00e7\u00e3o de vagas abertas pela Organiza\u00e7\u00e3o da Sociedade Civil (OSC) Casepafe. As vagas contemplam profissionais de n\u00edveis m\u00e9dio e superior, com sal\u00e1rios que chegam a R$ 5.600.<\/p>\n<p>&#13;<\/p>\n<p>Os interessados devem encaminhar curr\u00edculo acompanhado de uma breve apresenta\u00e7\u00e3o para o e-mail <a href=\"https:\/\/limeira.sp.gov.br\/cdn-cgi\/l\/email-protection\" class=\"__cf_email__\" data-cfemail=\"7e0c1b1d0c0b0a1f131b100a111d1f0d1b0e1f181b501217131b170c1f3e19131f1712501d1113\" rel=\"noopener\">[email\u00a0protected]<\/a>, informando no assunto o cargo de interesse. Ap\u00f3s a an\u00e1lise dos curr\u00edculos, a equipe da OSC entrar\u00e1 em contato com os candidatos selecionados para agendar o atendimento presencial, que ocorrer\u00e1 na quinta-feira (11), a partir das 9h, no N\u00facleo de Atendimento ao Cidad\u00e3o (NAC), na sala de Inform\u00e1tica.<\/p>\n<p>&#13;<\/p>\n<p>As contrata\u00e7\u00f5es ser\u00e3o realizadas pelo regime CLT e contemplam diversas \u00e1reas de atua\u00e7\u00e3o. Entre as oportunidades dispon\u00edveis est\u00e3o os cargos de coordenador(a), assistente social, psic\u00f3logo(a), cuidador(a) residente, cuidador(a) de apoio, educador(a) social, motorista e assistente administrativo.<\/p>\n<p>&#13;<\/p>\n<p>A vaga com maior remunera\u00e7\u00e3o \u00e9 para coordenador(a), com sal\u00e1rio de R$ 5.600. Tamb\u00e9m h\u00e1 oportunidades para assistente social e psic\u00f3logo(a), com sal\u00e1rio de R$ 4.250. Para cuidador(a) residente, a remunera\u00e7\u00e3o \u00e9 de R$ 3.600, enquanto educador(a) social recebe R$ 2.650. J\u00e1 as fun\u00e7\u00f5es de cuidador(a) de apoio, motorista e assistente administrativo oferecem sal\u00e1rios a partir de R$ 2.000.<\/p>\n<p>&#13;<\/p>\n<p>Vagas dispon\u00edveis:<br \/>Coordenador(a) \u2013 3 vagas \u2013 R$ 5.600<br \/>Assistente Social \u2013 3 vagas \u2013 R$ 4.250<br \/>Psic\u00f3logo(a) \u2013 3 vagas \u2013 R$ 4.250<br \/>Cuidador(a) Residente \u2013 12 vagas \u2013 R$ 3.600<br \/>Educador(a) Social \u2013 12 vagas \u2013 R$ 2.650<br \/>Cuidador(a) de Apoio \u2013 6 vagas \u2013 R$ 2.150<br \/>Motorista \u2013 2 vagas \u2013 R$ 2.000<br \/>Assistente Administrativo \u2013 1 vaga \u2013 R$ 2.000<\/p>\n<p>&#13;<\/p>\n<p>Servi\u00e7o:<br \/>Seletiva de Emprego \u2013 Casepafe<br \/>Data: 11 de junho de 2026<br \/>Hor\u00e1rio: A partir das 9h<br \/>Local: NAC \u2013 Sala de Inform\u00e1tica &#8211; Av. Dr. Lauro Corr\u00eaa da Silva, n\u00ba 3.800<br \/>Envio de curr\u00edculos: <a href=\"https:\/\/limeira.sp.gov.br\/cdn-cgi\/l\/email-protection\" class=\"__cf_email__\" data-cfemail=\"30425553424544515d555e445f53514355405156551e5c595d5559425170575d51595c1e535f5d\" rel=\"noopener\">[email\u00a0protected]<\/a><\/p>\n<p>&#13;<br \/>\n&#13;<br \/>\n&#13;<br \/>\n&#13;<\/p>\n<article class=\"conteudo-relacionado no-print\">&#13;<br \/>\n        &#13;<br \/>\n&#13;<br \/>\n        &#13;<br \/>\n    <\/article>\n<p>&#13;<br \/>\n&#13;<br \/>\n                <\/main><\/p><\/div>\n<p><br \/>\n<br \/><a href=\"https:\/\/limeira.sp.gov.br\/vagas-com-salarios-de-ate-r-56-mil-tem-inscricoes-abertas-com-apoio-da-prefeitura-de-limeira\" rel=\"noopener\">Informa\u00e7\u00f5es da PML <\/a><\/p>\n","protected":false},"excerpt":{"rendered":"<p>&#13; &#13; &#13; &#13; &#13; &#13; &#13; &#13; &#13; &#13; Com o objetivo de ampliar o acesso da popula\u00e7\u00e3o ao mercado de trabalho, a Prefeitura de Limeira, apoia a divulga\u00e7\u00e3o de vagas abertas pela Organiza\u00e7\u00e3o da Sociedade Civil (OSC) Casepafe. As vagas contemplam profissionais de n\u00edveis m\u00e9dio e superior, com sal\u00e1rios que chegam a R$ [&hellip;]<\/p>\n","protected":false},"author":1,"featured_media":68320,"comment_status":"","ping_status":"open","sticky":false,"template":"","format":"standard","meta":{"_jetpack_newsletter_access":"","_jetpack_dont_email_post_to_subs":false,"_jetpack_newsletter_tier_id":0,"_jetpack_memberships_contains_paywalled_content":false,"_mbp_banners":[],"_jetpack_feature_clip_id":0,"_jetpack_memberships_contains_paid_content":false,"footnotes":"","jetpack_publicize_message":"","jetpack_publicize_feature_enabled":true,"jetpack_social_post_already_shared":true,"jetpack_social_options":{"image_generator_settings":{"template":"highway","default_image_id":0,"font":"","enabled":false},"version":2},"jetpack_post_was_ever_published":false},"categories":[16],"tags":[],"class_list":["post-68319","post","type-post","status-publish","format-standard","has-post-thumbnail","category-local"],"jetpack_publicize_connections":[],"jetpack-related-posts":[],"jetpack_shortlink":"https:\/\/wp.me\/p7Eq1F-hLV","jetpack_sharing_enabled":true,"jetpack_featured_media_url":"https:\/\/i0.wp.com\/guialimeira.com.br\/news\/wp-content\/uploads\/2026\/06\/m_137_0_1_08062026162609.jpg?fit=1024%2C681&ssl=1","_links":{"self":[{"href":"https:\/\/guialimeira.com.br\/news\/wp-json\/wp\/v2\/posts\/68319","targetHints":{"allow":["GET"]}}],"collection":[{"href":"https:\/\/guialimeira.com.br\/news\/wp-json\/wp\/v2\/posts"}],"about":[{"href":"https:\/\/guialimeira.com.br\/news\/wp-json\/wp\/v2\/types\/post"}],"author":[{"embeddable":true,"href":"https:\/\/guialimeira.com.br\/news\/wp-json\/wp\/v2\/users\/1"}],"replies":[{"embeddable":true,"href":"https:\/\/guialimeira.com.br\/news\/wp-json\/wp\/v2\/comments?post=68319"}],"version-history":[{"count":0,"href":"https:\/\/guialimeira.com.br\/news\/wp-json\/wp\/v2\/posts\/68319\/revisions"}],"wp:featuredmedia":[{"embeddable":true,"href":"https:\/\/guialimeira.com.br\/news\/wp-json\/wp\/v2\/media\/68320"}],"wp:attachment":[{"href":"https:\/\/guialimeira.com.br\/news\/wp-json\/wp\/v2\/media?parent=68319"}],"wp:term":[{"taxonomy":"category","embeddable":true,"href":"https:\/\/guialimeira.com.br\/news\/wp-json\/wp\/v2\/categories?post=68319"},{"taxonomy":"post_tag","embeddable":true,"href":"https:\/\/guialimeira.com.br\/news\/wp-json\/wp\/v2\/tags?post=68319"}],"curies":[{"name":"wp","href":"https:\/\/api.w.org\/{rel}","templated":true}]}}