{"id":68315,"date":"2026-06-08T16:20:53","date_gmt":"2026-06-08T19:20:53","guid":{"rendered":"https:\/\/guialimeira.com.br\/dr-marcelo-rossi-leva-oficina-da-memoria-ao-grupo-de-terceira-idade-na-sagrada-familia\/"},"modified":"2026-06-08T16:20:53","modified_gmt":"2026-06-08T19:20:53","slug":"dr-marcelo-rossi-leva-oficina-da-memoria-ao-grupo-de-terceira-idade-na-sagrada-familia","status":"publish","type":"post","link":"https:\/\/guialimeira.com.br\/news\/dr-marcelo-rossi-leva-oficina-da-memoria-ao-grupo-de-terceira-idade-na-sagrada-familia\/","title":{"rendered":"Dr. Marcelo Rossi leva oficina da mem\u00f3ria ao grupo de Terceira Idade na Sagrada Fam\u00edlia"},"content":{"rendered":"<p>Dr. Marcelo Rossi leva oficina da mem\u00f3ria ao grupo de Terceira Idade na Sagrada Fam\u00edlia<\/p>\n<p>O vereador Dr. Marcelo Rossi (MDB) realizou na \u00faltima quarta-feira, 3 de maio, mais uma a\u00e7\u00e3o sobre envelhecimento saud\u00e1vel e a doen\u00e7a de Alzheimer ao grupo de terceira idade Cantinho Feliz, no sal\u00e3o da Igreja Sagrada Fam\u00edlia. Autor da Lei do Alzheimer 5.833\/2017, Dr. Marcelo iniciou o encontro com uma din\u00e2mica que contou com a participa\u00e7\u00e3o do padre Gilmarcos da Silva Teixeira.<\/p>\n<p>Semelhante \u00e0 brincadeira do telefone sem fio, a atividade exigiu que cada integrante reproduzisse gestos de rotina matinal apresentados individualmente por Dr. Marcelo ao primeiro da fila, que t\u00eam a incumb\u00eancia de repetir ao participante seguinte e assim sucessivamente. \u201c\u00c9 um momento de descontra\u00e7\u00e3o, mas que na verdade foca em aspectos como aten\u00e7\u00e3o, memoriza\u00e7\u00e3o e coordena\u00e7\u00e3o motora\u201d, contou o vereador.<\/p>\n<p>Segundo o parlamentar, ao t\u00e9rmino, o grupo compara os gestos do primeiro participante com os do \u00faltimo, e avalia as diferen\u00e7as. Na sequ\u00eancia, o vereador apresentou aos idosos a geront\u00f3loga Camila Trafani, que aplicou uma amostra de teste cognitivo e de oficina da mem\u00f3ria. \u201cAmbas as atividades j\u00e1 come\u00e7aram a ser realizadas em car\u00e1ter piloto pelo SUS em Limeira na UBS do Jardim Nova Sui\u00e7a. Nesta semana ser\u00e3o anunciadas pela Prefeitura oficialmente em novo local, como preconiza a Lei do Alzheimer\u201d.<\/p>\n<p>Mitos da vacina<\/p>\n<p>Os idosos tamb\u00e9m foram conscientizados sobre a necessidade de tomar a vacina contra a gripe, levada ao local pela Secretaria Municipal de Sa\u00fade a pedido do vereador. Uma das d\u00favidas mais frequentes \u00e9: &#8220;Tomei a vacina e mesmo assim fiquei gripado. Como isso \u00e9 poss\u00edvel?&#8221; Primeiro, Dr. Marcelo destacou a diferen\u00e7a entre gripe, resfriado e rinite.<\/p>\n<p>Ele explica que a gripe \u00e9 uma infec\u00e7\u00e3o causada pelo v\u00edrus Influenza. Costuma provocar febre alta, dores no corpo, mal-estar intenso, tosse e prostra\u00e7\u00e3o. Nos idosos, pode evoluir para complica\u00e7\u00f5es s\u00e9rias, como pneumonia, insufici\u00eancia respirat\u00f3ria e at\u00e9 interna\u00e7\u00e3o hospitalar. J\u00e1 o resfriado \u00e9 geralmente causado por outros v\u00edrus e costuma ser mais leve, provocando coriza, espirros, congest\u00e3o nasal e desconforto moderado. A rinite, por sua vez, n\u00e3o \u00e9 uma infec\u00e7\u00e3o. Trata-se de uma inflama\u00e7\u00e3o das vias nasais, frequentemente relacionada a alergias, mudan\u00e7as clim\u00e1ticas, poeira ou cheiros fortes. Os sintomas incluem espirros, coceira no nariz e coriza.<\/p>\n<p>Outro ponto importante \u00e9 entender os efeitos colaterais da vacina. Ap\u00f3s a aplica\u00e7\u00e3o, algumas pessoas podem apresentar dor no local da inje\u00e7\u00e3o, sensa\u00e7\u00e3o de cansa\u00e7o, dor muscular leve ou at\u00e9 um discreto mal-estar por um ou dois dias. Esses sintomas s\u00e3o sinais de que o sistema imunol\u00f3gico est\u00e1 sendo estimulado a produzir prote\u00e7\u00e3o. \u201cPortanto, a vacina da gripe n\u00e3o causa gripe. Isso \u00e9 um mito. Os v\u00edrus utilizados s\u00e3o inativados e incapazes de provocar a doen\u00e7a\u201d, repetiu. O que pode acontecer \u00e9 que a pessoa j\u00e1 estivesse incubando um resfriado ou tenha entrado em contato com outro v\u00edrus respirat\u00f3rio pr\u00f3ximo ao per\u00edodo da vacina\u00e7\u00e3o.<\/p>\n<p>Nesses casos, os sintomas podem surgir e gerar a falsa impress\u00e3o de que a vacina foi a respons\u00e1vel. Al\u00e9m disso, mesmo quando a vacina n\u00e3o impede totalmente a infec\u00e7\u00e3o pelo v\u00edrus Influenza, costuma reduzir significativamente a gravidade da doen\u00e7a, diminuindo o risco de pneumonia, hospitaliza\u00e7\u00f5es e \u00f3bitos. \u201cPor isso, manter o calend\u00e1rio vacinal atualizado \u00e9 um ato de autocuidado e prote\u00e7\u00e3o. Vacinar-se n\u00e3o \u00e9 apenas cuidar de si mesmo, mas tamb\u00e9m ajudar a proteger familiares, amigos e toda a comunidade\u201d, afirmou.<\/p>\n<p>Do Gabinete Parlamentar \u2013 Vereador\u00a0 Dr. Marcelo Rossi (MDB)<\/p>\n<p>*Fotos do Gabinete parlamentar<\/p>\n<p>As mat\u00e9rias de origem dos Gabinetes Parlamentares s\u00e3o de inteira\u00a0 responsabilidade dos parlamentares e de suas assessorias. S\u00e3o devidamente assinadas e n\u00e3o refletem, necessariamente, a opini\u00e3o institucional da C\u00e2mara Municipal de Limeira.<\/p>\n<hr>\n<p><em>Fonte: <a href=\"https:\/\/www.limeira.sp.leg.br\/noticias\/view\/2026-06-08_dr-marcelo-rossi-leva-oficina-da-memoria-ao-grupo-de-terceira-idade-na-sagrada-familia\" target=\"_blank\" rel=\"noopener\">C\u00e2mara Municipal de Limeira<\/a><\/em><\/p>\n","protected":false},"excerpt":{"rendered":"<p>Dr. Marcelo Rossi leva oficina da mem\u00f3ria ao grupo de Terceira Idade na Sagrada Fam\u00edlia<\/p>\n<p>O vereador Dr. Marcelo Rossi (MDB) realizou na \u00faltima quarta-feira, 3 de maio, mais uma a\u00e7\u00e3o sobre envelhecimento saud\u00e1vel e a doen\u00e7a de Alzheimer ao grupo de terceira idade Cantinho Feliz, no sal\u00e3o da Igreja Sa<\/p>\n","protected":false},"author":4,"featured_media":68314,"comment_status":"","ping_status":"open","sticky":false,"template":"","format":"standard","meta":{"_jetpack_newsletter_access":"","_jetpack_dont_email_post_to_subs":false,"_jetpack_newsletter_tier_id":0,"_jetpack_memberships_contains_paywalled_content":false,"_mbp_banners":[],"_jetpack_feature_clip_id":0,"_jetpack_memberships_contains_paid_content":false,"footnotes":"","jetpack_publicize_message":"","jetpack_publicize_feature_enabled":true,"jetpack_social_post_already_shared":true,"jetpack_social_options":{"image_generator_settings":{"template":"highway","default_image_id":0,"font":"","enabled":false},"version":2},"jetpack_post_was_ever_published":false},"categories":[19],"tags":[],"class_list":["post-68315","post","type-post","status-publish","format-standard","has-post-thumbnail","category-politica"],"jetpack_publicize_connections":[],"jetpack-related-posts":[],"jetpack_shortlink":"https:\/\/wp.me\/p7Eq1F-hLR","jetpack_sharing_enabled":true,"jetpack_featured_media_url":"https:\/\/i0.wp.com\/guialimeira.com.br\/news\/wp-content\/uploads\/2026\/06\/noticia-camara-24.jpg?fit=1280%2C640&ssl=1","_links":{"self":[{"href":"https:\/\/guialimeira.com.br\/news\/wp-json\/wp\/v2\/posts\/68315","targetHints":{"allow":["GET"]}}],"collection":[{"href":"https:\/\/guialimeira.com.br\/news\/wp-json\/wp\/v2\/posts"}],"about":[{"href":"https:\/\/guialimeira.com.br\/news\/wp-json\/wp\/v2\/types\/post"}],"author":[{"embeddable":true,"href":"https:\/\/guialimeira.com.br\/news\/wp-json\/wp\/v2\/users\/4"}],"replies":[{"embeddable":true,"href":"https:\/\/guialimeira.com.br\/news\/wp-json\/wp\/v2\/comments?post=68315"}],"version-history":[{"count":0,"href":"https:\/\/guialimeira.com.br\/news\/wp-json\/wp\/v2\/posts\/68315\/revisions"}],"wp:featuredmedia":[{"embeddable":true,"href":"https:\/\/guialimeira.com.br\/news\/wp-json\/wp\/v2\/media\/68314"}],"wp:attachment":[{"href":"https:\/\/guialimeira.com.br\/news\/wp-json\/wp\/v2\/media?parent=68315"}],"wp:term":[{"taxonomy":"category","embeddable":true,"href":"https:\/\/guialimeira.com.br\/news\/wp-json\/wp\/v2\/categories?post=68315"},{"taxonomy":"post_tag","embeddable":true,"href":"https:\/\/guialimeira.com.br\/news\/wp-json\/wp\/v2\/tags?post=68315"}],"curies":[{"name":"wp","href":"https:\/\/api.w.org\/{rel}","templated":true}]}}