{"id":68309,"date":"2026-06-08T15:24:52","date_gmt":"2026-06-08T18:24:52","guid":{"rendered":"https:\/\/guialimeira.com.br\/superacao-sp-e-prontos-pro-mundo-transformam-a-realidade-de-mae-e-filha-no-interior-paulista\/"},"modified":"2026-06-08T15:24:52","modified_gmt":"2026-06-08T18:24:52","slug":"superacao-sp-e-prontos-pro-mundo-transformam-a-realidade-de-mae-e-filha-no-interior-paulista","status":"publish","type":"post","link":"https:\/\/guialimeira.com.br\/news\/superacao-sp-e-prontos-pro-mundo-transformam-a-realidade-de-mae-e-filha-no-interior-paulista\/","title":{"rendered":"SuperA\u00e7\u00e3o SP e Prontos pro Mundo transformam a realidade de m\u00e3e e filha no interior paulista"},"content":{"rendered":"<p> <br \/>\n<\/p>\n<div>\n<p class=\"wp-block-paragraph\">A hist\u00f3ria da fam\u00edlia de Evelise Barbosa dos Santos, 37, de Iracem\u00f3polis, demonstra como duas pol\u00edticas p\u00fablicas do Governo de S\u00e3o Paulo est\u00e3o transformando vidas no estado. M\u00e3e solo de cinco filhos, desempregada e sem uma rede familiar de apoio, Evelise encontrou no programa SuperA\u00e7\u00e3o SP um suporte para reconstruir seus planos. Ao mesmo tempo, sua filha Sthefany Liane dos Santos, 16, se prepara para realizar um sonho de inf\u00e2ncia: embarcar para um interc\u00e2mbio de tr\u00eas meses no Canad\u00e1 pelo Prontos pro Mundo.<\/p>\n<p class=\"wp-block-paragraph\">Participante do SuperA\u00e7\u00e3o SP h\u00e1 dois meses, Evelise conta que enfrentava dificuldades financeiras e emocionais antes de ingressar no programa. Sem emprego fixo e respons\u00e1vel pela cria\u00e7\u00e3o dos cinco filhos, ela via poucas perspectivas de crescimento profissional. \u201cEu sempre tive vontade de crescer e poder dar o melhor para os meus filhos. O programa me acolheu de uma maneira muito importante para a minha fam\u00edlia, esse apoio emocional e psicol\u00f3gico est\u00e1 fazendo toda a diferen\u00e7a\u201d, afirma.<\/p>\n<p class=\"wp-block-paragraph\"><strong>LEIA MAIS: <a href=\"https:\/\/www.agenciasp.sp.gov.br\/avo-de-62-anos-conquista-primeiro-certificado-de-sua-vida-com-o-caminho-da-capacitacao\/\" rel=\"noopener\">Av\u00f3 de 62 anos conquista primeiro certificado de sua vida com o Caminho da Capacita\u00e7\u00e3o<\/a><\/strong><\/p>\n<p class=\"wp-block-paragraph\">Por meio de visitas semanais, os agentes do programa que acompanham a fam\u00edlia, oferecem orienta\u00e7\u00f5es e ajudam a fortalecer a autoestima e a confian\u00e7a da participante. \u201cEles conversam muito comigo, me incentivam a persistir e acreditar que as coisas podem melhorar. Como sou m\u00e3e solo, acaba sendo um apoio muito importante, eu converso, choro, rio com elas\u201d, relata.<\/p>\n<p class=\"wp-block-paragraph\">Al\u00e9m do acompanhamento social, Evelise j\u00e1 planeja os pr\u00f3ximos passos rumo \u00e0 autonomia financeira. Com a ajuda do programa, que integra 29 pol\u00edticas p\u00fablicas, ela pretende abrir um pequeno neg\u00f3cio de espetos empanados. \u201cQuero crescer cada vez mais. Estou comprando os equipamentos aos poucos para come\u00e7ar a empreender e melhorar a vida dos meus filhos\u201d, diz.<\/p>\n<figure class=\"wp-block-image size-large\"><img data-recalc-dims=\"1\" fetchpriority=\"high\" decoding=\"async\" width=\"696\" height=\"464\" src=\"https:\/\/i0.wp.com\/www.agenciasp.sp.gov.br\/wp-content\/uploads\/2026\/06\/familia-iracenopolis-3-1024x683.jpg?resize=696%2C464&#038;ssl=1\" alt=\"\" class=\"wp-image-149835\" srcset=\"https:\/\/www.agenciasp.sp.gov.br\/wp-content\/uploads\/2026\/06\/familia-iracenopolis-3-1024x683.jpg 1024w, https:\/\/www.agenciasp.sp.gov.br\/wp-content\/uploads\/2026\/06\/familia-iracenopolis-3-300x200.jpg 300w, https:\/\/www.agenciasp.sp.gov.br\/wp-content\/uploads\/2026\/06\/familia-iracenopolis-3-768x512.jpg 768w, https:\/\/www.agenciasp.sp.gov.br\/wp-content\/uploads\/2026\/06\/familia-iracenopolis-3-1536x1024.jpg 1536w, https:\/\/www.agenciasp.sp.gov.br\/wp-content\/uploads\/2026\/06\/familia-iracenopolis-3-150x100.jpg 150w, https:\/\/www.agenciasp.sp.gov.br\/wp-content\/uploads\/2026\/06\/familia-iracenopolis-3.jpg 2047w\" sizes=\"(max-width: 1024px) 100vw, 1024px\"\/><figcaption class=\"wp-element-caption\">Por meio de visitas semanais, os agentes do programa que acompanham a fam\u00edlia, oferecem orienta\u00e7\u00f5es e ajudam a fortalecer a autoestima e a confian\u00e7a da participante. Foto: Divulga\u00e7\u00e3o\/Governo de SP.<\/figcaption><\/figure>\n<p class=\"wp-block-paragraph\"><strong>Realizando um sonho de inf\u00e2ncia<\/strong><\/p>\n<p class=\"wp-block-paragraph\">Enquanto a m\u00e3e tra\u00e7a novos caminhos profissionais, Sthefany vive a expectativa da primeira experi\u00eancia internacional. A estudante da rede p\u00fablica estadual embarca em agosto para o Canad\u00e1, destino que sonhava conhecer desde crian\u00e7a. \u201cDesde os nove anos eu pesquisava sobre ingl\u00eas por divers\u00e3o. Sempre falava para minha m\u00e3e que queria ir para o Canad\u00e1 e ver a neve\u201d, conta.<\/p>\n<p class=\"wp-block-paragraph\">A conquista foi resultado de anos de dedica\u00e7\u00e3o, a estudante manteve bom desempenho escolar, frequ\u00eancia nas aulas e participou do processo seletivo do Prontos pro Mundo. A aprova\u00e7\u00e3o, por\u00e9m, n\u00e3o veio na primeira tentativa. \u201cEu tentei quando estava no nono ano e n\u00e3o passei, mas continuei estudando e me esfor\u00e7ando. Quando saiu o resultado, em fevereiro, descobri que tinha sido chamada para o Canad\u00e1\u201d, lembra.<\/p>\n<p class=\"wp-block-paragraph\"><strong>LEIA MAIS: <a href=\"https:\/\/www.agenciasp.sp.gov.br\/projeto-vivaleite-referencia-dia-do-leite\/\" rel=\"noopener\">Projeto Vivaleite, do Governo de SP, distribui mais de 175 milh\u00f5es de litros no estado<\/a><\/strong><\/p>\n<p class=\"wp-block-paragraph\">Durante a experiencia do interc\u00e2mbio, Sthefany pretende aperfei\u00e7oar o ingl\u00eas, conhecer novas culturas e compartilhar aspectos da cultura brasileira com os estudantes que encontrar\u00e1 no pa\u00eds. \u201cQuero aprender muito, fazer amizades e mostrar um pouco do Brasil para eles. Acho que essa experi\u00eancia vai abrir muitas portas para o meu futuro.\u201d<\/p>\n<figure class=\"wp-block-image size-large\"><img data-recalc-dims=\"1\" loading=\"lazy\" decoding=\"async\" width=\"696\" height=\"464\" src=\"https:\/\/i0.wp.com\/www.agenciasp.sp.gov.br\/wp-content\/uploads\/2026\/06\/familia-iracenopolis-5-1024x683.jpg?resize=696%2C464&#038;ssl=1\" alt=\"\" class=\"wp-image-149838\" srcset=\"https:\/\/www.agenciasp.sp.gov.br\/wp-content\/uploads\/2026\/06\/familia-iracenopolis-5-1024x683.jpg 1024w, https:\/\/www.agenciasp.sp.gov.br\/wp-content\/uploads\/2026\/06\/familia-iracenopolis-5-300x200.jpg 300w, https:\/\/www.agenciasp.sp.gov.br\/wp-content\/uploads\/2026\/06\/familia-iracenopolis-5-768x512.jpg 768w, https:\/\/www.agenciasp.sp.gov.br\/wp-content\/uploads\/2026\/06\/familia-iracenopolis-5-1536x1024.jpg 1536w, https:\/\/www.agenciasp.sp.gov.br\/wp-content\/uploads\/2026\/06\/familia-iracenopolis-5-150x100.jpg 150w, https:\/\/www.agenciasp.sp.gov.br\/wp-content\/uploads\/2026\/06\/familia-iracenopolis-5.jpg 2048w\" sizes=\"auto, (max-width: 1024px) 100vw, 1024px\"\/><figcaption class=\"wp-element-caption\">Sthefany, estudante da rede p\u00fablica estadual embarca em agosto para o Canad\u00e1, destino que sonhava conhecer desde crian\u00e7a. Foto: Divulga\u00e7\u00e3o\/Governo de SP.<\/figcaption><\/figure>\n<p class=\"wp-block-paragraph\">Apaixonada pela \u00e1rea da sa\u00fade, a estudante j\u00e1 tem planos definidos para a vida profissional. \u201cQuero trabalhar com fisioterapia e abrir uma cl\u00ednica de fisioterapia infantil. Quem sabe essa experi\u00eancia tamb\u00e9m me ajude a estudar fora no futuro\u201d, afirma.<\/p>\n<p class=\"wp-block-paragraph\">Para Evelise, ver a filha embarcando para realizar um sonho \u00e9 motivo de orgulho e esperan\u00e7a. \u201cO cora\u00e7\u00e3o aperta, mas \u00e9 m\u00e9rito dela. Ela estudou, se dedicou e conquistou essa oportunidade. Essa experi\u00eancia vai trazer uma bagagem maravilhosa para a vida dela.\u201d<\/p>\n<p class=\"wp-block-paragraph\"><strong>Sobre o SuperA\u00e7\u00e3o SP<\/strong><\/p>\n<p class=\"wp-block-paragraph\">O SuperA\u00e7\u00e3o SP \u00e9 um programa do Governo de S\u00e3o Paulo que integra pol\u00edticas p\u00fablicas de diferentes \u00e1reas em uma jornada completa de atendimento \u00e0s fam\u00edlias em situa\u00e7\u00e3o de vulnerabilidade social, com acompanhamento individualizado para a promo\u00e7\u00e3o da autonomia. A iniciativa \u00e9 voltada para fam\u00edlias residentes no estado, inscritas no Cadastro \u00danico (Cad\u00danico) e com renda familiar por pessoa inferior a meio sal\u00e1rio-m\u00ednimo nacional.<\/p>\n<p class=\"wp-block-paragraph\">Al\u00e9m disso, o trabalho dos agentes inclui conectar as fam\u00edlias a pol\u00edticas p\u00fablicas \u00e0s quais j\u00e1 t\u00eam direito, mas que muitas vezes n\u00e3o acessavam por falta de informa\u00e7\u00e3o, orienta\u00e7\u00e3o ou acesso. O acompanhamento pode durar at\u00e9 dois anos, com monitoramento adicional para avalia\u00e7\u00e3o dos avan\u00e7os.<\/p>\n<p class=\"wp-block-paragraph\">O SuperA\u00e7\u00e3o SP atua por meio de duas trilhas de apoio. Na Trilha de Prote\u00e7\u00e3o Social, fam\u00edlias em situa\u00e7\u00e3o de maior vulnerabilidade recebem acompanhamento priorit\u00e1rio com aux\u00edlio mensal para atendimento de necessidades b\u00e1sicas. J\u00e1 na Trilha de Supera\u00e7\u00e3o da Pobreza, o foco \u00e9 a capacita\u00e7\u00e3o, a qualifica\u00e7\u00e3o profissional e a inclus\u00e3o no mundo do trabalho, com acompanhamento cont\u00ednuo e diversos incentivos financeiros ao longo da jornada.<\/p>\n<p class=\"wp-block-paragraph\">O atendimento \u00e9 estruturado em tr\u00eas m\u00f3dulos complementares: Proteger, voltado ao acesso \u00e0s pol\u00edticas p\u00fablicas dispon\u00edveis na regi\u00e3o; Desenvolver, com foco em educa\u00e7\u00e3o e qualifica\u00e7\u00e3o profissional; e Incluir, orientado \u00e0 inser\u00e7\u00e3o no mercado de trabalho por meio do emprego formal ou do empreendedorismo.<\/p>\n<p class=\"wp-block-paragraph\">A atua\u00e7\u00e3o ocorre diretamente nos territ\u00f3rios, com os Agentes visitando as fam\u00edlias em suas casas para realizar um diagn\u00f3stico e construir com elas o Plano de Desenvolvimento Familiar (PDF), um documento que organiza metas e oportunidades de acordo com o perfil profissional, educacional e social.<\/p>\n<p class=\"wp-block-paragraph\">O documento tra\u00e7a metas e a\u00e7\u00f5es com foco na inclus\u00e3o produtiva, no fortalecimento de v\u00ednculos comunit\u00e1rios e no acesso a servi\u00e7os de sa\u00fade, educa\u00e7\u00e3o, habita\u00e7\u00e3o e renda. O acompanhamento tem dura\u00e7\u00e3o de dois anos, seguido de seis meses de monitoramento. Os aux\u00edlios e incentivos podem ultrapassar R$ 10 mil ao longo de todas as etapas.<\/p>\n<p class=\"wp-block-paragraph\">Atualmente, o programa est\u00e1 em 48 munic\u00edpios que aderiram \u00e0 primeira onda. A iniciativa prev\u00ea beneficiar 105 mil fam\u00edlias at\u00e9 2027, com investimento superior a R$ 1,5 bilh\u00e3o, entre recursos do Tesouro Estadual e financiamento do Banco Interamericano de Desenvolvimento (BID).<\/p>\n<p class=\"wp-block-paragraph\"><strong>Sobre o Prontos Pro Mundo<\/strong><\/p>\n<p class=\"wp-block-paragraph\">O programa Prontos pro Mundo leva 1.000 estudantes de todo o estado, por ano, para um interc\u00e2mbio de tr\u00eas meses nos seguintes pa\u00edses: Austr\u00e1lia, Canad\u00e1, Irlanda e Nova Zel\u00e2ndia. S\u00e3o 500 selecionados por semestre. Os estudantes chamados s\u00e3o divididos em duas listas: por munic\u00edpio e classifica\u00e7\u00e3o geral. Inicialmente, o programa classifica um estudante representante de cada munic\u00edpio paulista. <\/p>\n<p class=\"wp-block-paragraph\">As vagas das cidades sem alunos aptos a concorrer pelo interc\u00e2mbio s\u00e3o destinadas \u00e0 distribui\u00e7\u00e3o pelos principais crit\u00e9rios do programa (nota do Saresp e nota da prova do Prontos pro Mundo) por ordem de classifica\u00e7\u00e3o.<\/p>\n<p class=\"wp-block-paragraph\">O interc\u00e2mbio \u00e9 100% gratuito para o aluno e sua fam\u00edlia, com todos os custos e organiza\u00e7\u00e3o providenciados pela Seduc-SP. Itens como documentos pessoais (passaporte, visto), hospedagem, aulas, traslados, passagens a\u00e9reas ser\u00e3o cobertos. <\/p>\n<p class=\"wp-block-paragraph\">Durante estadia no exterior, alunos tamb\u00e9m s\u00e3o beneficiados com uma bolsa-aux\u00edlio para despesas pessoais. Todo o processo \u00e9 acompanhado pela equipe do programa e professores coordenadores das 91 unidades regionais de ensino do Estado.<\/p>\n<\/p><\/div>\n<p><br \/>\n<br \/><a href=\"https:\/\/www.agenciasp.sp.gov.br\/superacao-sp-e-prontos-para-o-mundo-transformam-a-realidade-de-mae-e-filha-no-interior-paulista\/\" rel=\"noopener\">Informa\u00e7\u00f5es GOV.SP<\/a><\/p>\n","protected":false},"excerpt":{"rendered":"<p>A hist\u00f3ria da fam\u00edlia de Evelise Barbosa dos Santos, 37, de Iracem\u00f3polis, demonstra como duas pol\u00edticas p\u00fablicas do Governo de S\u00e3o Paulo est\u00e3o transformando vidas no estado. M\u00e3e solo de cinco filhos, desempregada e sem uma rede familiar de apoio, Evelise encontrou no programa SuperA\u00e7\u00e3o SP um suporte para reconstruir seus planos. Ao mesmo tempo, [&hellip;]<\/p>\n","protected":false},"author":1,"featured_media":68310,"comment_status":"","ping_status":"open","sticky":false,"template":"","format":"standard","meta":{"_jetpack_newsletter_access":"","_jetpack_dont_email_post_to_subs":false,"_jetpack_newsletter_tier_id":0,"_jetpack_memberships_contains_paywalled_content":false,"_mbp_banners":[],"_jetpack_feature_clip_id":0,"_jetpack_memberships_contains_paid_content":false,"footnotes":"","jetpack_publicize_message":"","jetpack_publicize_feature_enabled":true,"jetpack_social_post_already_shared":true,"jetpack_social_options":{"image_generator_settings":{"template":"highway","default_image_id":0,"font":"","enabled":false},"version":2},"jetpack_post_was_ever_published":false},"categories":[21],"tags":[],"class_list":["post-68309","post","type-post","status-publish","format-standard","has-post-thumbnail","category-sp-news"],"jetpack_publicize_connections":[],"jetpack-related-posts":[],"jetpack_shortlink":"https:\/\/wp.me\/p7Eq1F-hLL","jetpack_sharing_enabled":true,"jetpack_featured_media_url":"https:\/\/i0.wp.com\/guialimeira.com.br\/news\/wp-content\/uploads\/2026\/06\/SuperAcao-SP-e-Prontos-pro-Mundo-transformam-a-realidade-de.jpg?fit=1024%2C683&ssl=1","_links":{"self":[{"href":"https:\/\/guialimeira.com.br\/news\/wp-json\/wp\/v2\/posts\/68309","targetHints":{"allow":["GET"]}}],"collection":[{"href":"https:\/\/guialimeira.com.br\/news\/wp-json\/wp\/v2\/posts"}],"about":[{"href":"https:\/\/guialimeira.com.br\/news\/wp-json\/wp\/v2\/types\/post"}],"author":[{"embeddable":true,"href":"https:\/\/guialimeira.com.br\/news\/wp-json\/wp\/v2\/users\/1"}],"replies":[{"embeddable":true,"href":"https:\/\/guialimeira.com.br\/news\/wp-json\/wp\/v2\/comments?post=68309"}],"version-history":[{"count":0,"href":"https:\/\/guialimeira.com.br\/news\/wp-json\/wp\/v2\/posts\/68309\/revisions"}],"wp:featuredmedia":[{"embeddable":true,"href":"https:\/\/guialimeira.com.br\/news\/wp-json\/wp\/v2\/media\/68310"}],"wp:attachment":[{"href":"https:\/\/guialimeira.com.br\/news\/wp-json\/wp\/v2\/media?parent=68309"}],"wp:term":[{"taxonomy":"category","embeddable":true,"href":"https:\/\/guialimeira.com.br\/news\/wp-json\/wp\/v2\/categories?post=68309"},{"taxonomy":"post_tag","embeddable":true,"href":"https:\/\/guialimeira.com.br\/news\/wp-json\/wp\/v2\/tags?post=68309"}],"curies":[{"name":"wp","href":"https:\/\/api.w.org\/{rel}","templated":true}]}}