{"id":68307,"date":"2026-06-08T15:13:08","date_gmt":"2026-06-08T18:13:08","guid":{"rendered":"https:\/\/guialimeira.com.br\/gcm-de-limeira-chega-a-7-detidos-por-ato-obsceno-em-banheiro-publico\/"},"modified":"2026-06-08T15:13:08","modified_gmt":"2026-06-08T18:13:08","slug":"gcm-de-limeira-chega-a-7-detidos-por-ato-obsceno-em-banheiro-publico","status":"publish","type":"post","link":"https:\/\/guialimeira.com.br\/news\/gcm-de-limeira-chega-a-7-detidos-por-ato-obsceno-em-banheiro-publico\/","title":{"rendered":"GCM de Limeira chega a 7 detidos por ato obsceno em banheiro p\u00fablico"},"content":{"rendered":"<p> <br \/>\n<\/p>\n<div>\n                <main class=\"\">&#13;<br \/>\n                    &#13;<br \/>\n&#13;<br \/>\n&#13;<br \/>\n&#13;<br \/>\n&#13;<br \/>\n&#13;<br \/>\n    <img data-recalc-dims=\"1\" decoding=\"async\" src=\"https:\/\/i0.wp.com\/ecrie.com.br\/sistema\/conteudos\/imagem\/m_137_0_1_08062026150843.jpeg?w=696&#038;ssl=1\" alt=\"GCM de Limeira chega a 7 detidos por ato obsceno em banheiro p\u00fablico\"\/>&#13;<br \/>\n&#13;<br \/>\n&#13;<\/p>\n<p>Na manh\u00e3 desta segunda-feira (8), a Guarda Civil Municipal deteve dois homens (de 58 e 62 anos) que mantinham rela\u00e7\u00f5es sexuais no banheiro p\u00fablico da Pra\u00e7a Toledo Barros. Com a dupla, os guardas Carlos Silva e Natanael apreenderam preservativos e lubrificante.<\/p>\n<p>&#13;<\/p>\n<p>Um dos detidos confessou usar o espa\u00e7o p\u00fablico habitualmente para encontros casuais. O caso foi registrado no 1\u00ba DP de Limeira. A GCM informou que, somando com as ocorr\u00eancias do \u00faltimo fim de semana, j\u00e1 s\u00e3o sete detidos pelo mesmo delito no local.<\/p>\n<p>&#13;<\/p>\n<p>Segundo a Secretaria de Seguran\u00e7a P\u00fablica e Defesa Civil, a Guarda Civil Municipal j\u00e1 monitorava o espa\u00e7o ap\u00f3s receber den\u00fancias e informa\u00e7\u00f5es sobre a pr\u00e1tica desse tipo de conduta. Com a intensifica\u00e7\u00e3o da fiscaliza\u00e7\u00e3o, foi poss\u00edvel realizar as abordagens em flagrante. Situa\u00e7\u00f5es suspeitas podem ser denunciadas pelo telefone 153.<\/p>\n<p>&#13;<\/p>\n<p>O prefeito Murilo F\u00e9lix destacou que a Prefeitura tem refor\u00e7ado as a\u00e7\u00f5es de seguran\u00e7a na cidade. &#8220;Intensificamos a presen\u00e7a da GCM no Centro e estamos atuando de forma cont\u00ednua para garantir que os espa\u00e7os p\u00fablicos sejam utilizados de maneira adequada. Al\u00e9m disso, vamos fortalecer o monitoramento da regi\u00e3o com a instala\u00e7\u00e3o de c\u00e2meras, como parte do projeto de revitaliza\u00e7\u00e3o da \u00e1rea central&#8221;, afirmou o prefeito.<\/p>\n<p>&#13;<\/p>\n<p><strong>Zeladoria e Manuten\u00e7\u00e3o <\/strong><\/p>\n<p>&#13;<\/p>\n<p>Al\u00e9m do refor\u00e7o na seguran\u00e7a, a Prefeitura de Limeira deu in\u00edcio, na ter\u00e7a-feira (2), a uma for\u00e7a-tarefa de manuten\u00e7\u00e3o na Pra\u00e7a Toledo Barros. Coordenados pelo programa permanente de zeladoria urbana, os trabalhos englobam capina\u00e7\u00e3o, poda de \u00e1rvores, limpeza p\u00fablica e revitaliza\u00e7\u00e3o visual de estruturas como o coreto, as guias e a arquibancada.<\/p>\n<p>&#13;<\/p>\n<p>A iniciativa reflete o compromisso do munic\u00edpio com a conserva\u00e7\u00e3o do patrim\u00f4nio p\u00fablico. Atualmente, a prefeitura mant\u00e9m equipes operando de forma simult\u00e2nea em diferentes setores da cidade, assegurando a manuten\u00e7\u00e3o cont\u00ednua de pra\u00e7as, parques e \u00e1reas verdes.<\/p>\n<p>&#13;<br \/>\n&#13;<br \/>\n&#13;<br \/>\n&#13;<\/p>\n<article class=\"conteudo-relacionado no-print\">&#13;<br \/>\n        &#13;<br \/>\n&#13;<br \/>\n        &#13;<br \/>\n    <\/article>\n<p>&#13;<br \/>\n&#13;<br \/>\n                <\/main><\/p><\/div>\n<p><br \/>\n<br \/><a href=\"https:\/\/limeira.sp.gov.br\/gcm-de-limeira-chega-a-7-detidos-por-ato-obsceno-em-banheiro-publico\" rel=\"noopener\">Informa\u00e7\u00f5es da PML <\/a><\/p>\n","protected":false},"excerpt":{"rendered":"<p>&#13; &#13; &#13; &#13; &#13; &#13; &#13; &#13; &#13; &#13; Na manh\u00e3 desta segunda-feira (8), a Guarda Civil Municipal deteve dois homens (de 58 e 62 anos) que mantinham rela\u00e7\u00f5es sexuais no banheiro p\u00fablico da Pra\u00e7a Toledo Barros. Com a dupla, os guardas Carlos Silva e Natanael apreenderam preservativos e lubrificante. &#13; Um dos detidos [&hellip;]<\/p>\n","protected":false},"author":1,"featured_media":68308,"comment_status":"","ping_status":"open","sticky":false,"template":"","format":"standard","meta":{"_jetpack_newsletter_access":"","_jetpack_dont_email_post_to_subs":false,"_jetpack_newsletter_tier_id":0,"_jetpack_memberships_contains_paywalled_content":false,"_mbp_banners":[],"_jetpack_feature_clip_id":0,"_jetpack_memberships_contains_paid_content":false,"footnotes":"","jetpack_publicize_message":"","jetpack_publicize_feature_enabled":true,"jetpack_social_post_already_shared":true,"jetpack_social_options":{"image_generator_settings":{"template":"highway","default_image_id":0,"font":"","enabled":false},"version":2},"jetpack_post_was_ever_published":false},"categories":[16],"tags":[],"class_list":["post-68307","post","type-post","status-publish","format-standard","has-post-thumbnail","category-local"],"jetpack_publicize_connections":[],"jetpack-related-posts":[],"jetpack_shortlink":"https:\/\/wp.me\/p7Eq1F-hLJ","jetpack_sharing_enabled":true,"jetpack_featured_media_url":"https:\/\/i0.wp.com\/guialimeira.com.br\/news\/wp-content\/uploads\/2026\/06\/m_137_0_1_08062026150843.jpeg?fit=1024%2C576&ssl=1","_links":{"self":[{"href":"https:\/\/guialimeira.com.br\/news\/wp-json\/wp\/v2\/posts\/68307","targetHints":{"allow":["GET"]}}],"collection":[{"href":"https:\/\/guialimeira.com.br\/news\/wp-json\/wp\/v2\/posts"}],"about":[{"href":"https:\/\/guialimeira.com.br\/news\/wp-json\/wp\/v2\/types\/post"}],"author":[{"embeddable":true,"href":"https:\/\/guialimeira.com.br\/news\/wp-json\/wp\/v2\/users\/1"}],"replies":[{"embeddable":true,"href":"https:\/\/guialimeira.com.br\/news\/wp-json\/wp\/v2\/comments?post=68307"}],"version-history":[{"count":0,"href":"https:\/\/guialimeira.com.br\/news\/wp-json\/wp\/v2\/posts\/68307\/revisions"}],"wp:featuredmedia":[{"embeddable":true,"href":"https:\/\/guialimeira.com.br\/news\/wp-json\/wp\/v2\/media\/68308"}],"wp:attachment":[{"href":"https:\/\/guialimeira.com.br\/news\/wp-json\/wp\/v2\/media?parent=68307"}],"wp:term":[{"taxonomy":"category","embeddable":true,"href":"https:\/\/guialimeira.com.br\/news\/wp-json\/wp\/v2\/categories?post=68307"},{"taxonomy":"post_tag","embeddable":true,"href":"https:\/\/guialimeira.com.br\/news\/wp-json\/wp\/v2\/tags?post=68307"}],"curies":[{"name":"wp","href":"https:\/\/api.w.org\/{rel}","templated":true}]}}