{"id":68302,"date":"2026-06-08T14:23:54","date_gmt":"2026-06-08T17:23:54","guid":{"rendered":"https:\/\/guialimeira.com.br\/governo-de-sao-paulo-forma-mais-de-1-mil-novos-policiais-militares\/"},"modified":"2026-06-08T14:23:54","modified_gmt":"2026-06-08T17:23:54","slug":"governo-de-sao-paulo-forma-mais-de-1-mil-novos-policiais-militares","status":"publish","type":"post","link":"https:\/\/guialimeira.com.br\/news\/governo-de-sao-paulo-forma-mais-de-1-mil-novos-policiais-militares\/","title":{"rendered":"Governo de S\u00e3o Paulo forma mais de 1 mil novos policiais militares"},"content":{"rendered":"<p> <br \/>\n<\/p>\n<div>\n<p class=\"wp-block-paragraph\">O Governo de S\u00e3o Paulo realizou, nesta segunda-feira (8), a formatura de 1.014 novos soldados da Pol\u00edcia Militar. A cerim\u00f4nia foi realizada na Arena Pacaembu, na Pra\u00e7a Charles Miller, zona oeste da capital. A nova turma, composta por 137 mulheres e 877 homens, passa a integrar o efetivo da corpora\u00e7\u00e3o ap\u00f3s a conclus\u00e3o do Curso de Forma\u00e7\u00e3o de Soldados.<\/p>\n<p class=\"wp-block-paragraph\">\u00c9 mais uma etapa importante de fortalecimento das for\u00e7as de seguran\u00e7a e da recomposi\u00e7\u00e3o do efetivo policial em todo o estado, com a meta de viabilizar 26,5 mil novos policiais na atual gest\u00e3o.<\/p>\n<p class=\"wp-block-paragraph\">\u201cEstamos felizes em entregar hoje \u00e0 sociedade mais 1.014 jovens policiais formados, refor\u00e7ando o nosso efetivo e garantindo o policiamento ostensivo e mais seguran\u00e7a \u00e0 sociedade\u201d, afirmou o governador Tarc\u00edsio de Freitas. \u201cS\u00e3o soldados que venceram cada etapa para essa forma\u00e7\u00e3o, que exigiu fisicamente, intelectualmente e emocionalmente de cada um deles. A responsabilidade \u00e9 gigante, j\u00e1 que S\u00e3o Paulo representa um ter\u00e7o do produto interno bruto brasileiro. Mais importante do que isso, \u00e9 um estado onde vivem 46 milh\u00f5es de brasileiros, uma popula\u00e7\u00e3o que demanda seguran\u00e7a p\u00fablica\u201d, completou.<\/p>\n<p class=\"wp-block-paragraph\">A turma teve como paraninfa a coronel da reserva Vit\u00f3ria Bras\u00edlia de Souza Lima, uma das primeiras mulheres a alcan\u00e7ar o posto m\u00e1ximo da PM.<\/p>\n<figure class=\"wp-block-embed is-type-video is-provider-youtube wp-block-embed-youtube wp-embed-aspect-16-9 wp-has-aspect-ratio\">\n<p>\n<span class=\"embed-youtube\" style=\"text-align:center; display: block;\"><iframe loading=\"lazy\" class=\"youtube-player\" width=\"696\" height=\"392\" src=\"https:\/\/www.youtube.com\/embed\/KkNLhbY-ajo?version=3&#038;rel=1&#038;showsearch=0&#038;showinfo=1&#038;iv_load_policy=1&#038;fs=1&#038;hl=pt-BR&#038;autohide=2&#038;wmode=transparent\" allowfullscreen=\"true\" style=\"border:0;\" sandbox=\"allow-scripts allow-same-origin allow-popups allow-presentation allow-popups-to-escape-sandbox\"><\/iframe><\/span>\n<\/p>\n<\/figure>\n<p class=\"wp-block-paragraph\">\u201cHoje entregamos \u00e0 popula\u00e7\u00e3o mais de mil policiais preparados para servir e proteger os cidad\u00e3os paulistas. O refor\u00e7o do efetivo amplia nossa capacidade de atua\u00e7\u00e3o em todas as regi\u00f5es do estado e fortalece o trabalho que vem sendo realizado diariamente no combate \u00e0 criminalidade e na preserva\u00e7\u00e3o da ordem p\u00fablica\u201d, destacou o secret\u00e1rio estadual da Seguran\u00e7a P\u00fablica, Osvaldo Nico Gon\u00e7alves.<\/p>\n<p class=\"wp-block-paragraph\">Com a nova turma, o estado ultrapassa a marca de 16,2 mil policiais formados desde o in\u00edcio de 2023 \u2013 deste total, s\u00e3o 11,1 mil policiais militares, 4,6 mil civis e 532 t\u00e9cnico-cient\u00edficos. Tamb\u00e9m h\u00e1 outros 2,2 mil policiais em forma\u00e7\u00e3o \u2013 quase 1,2 mil PMs e 474 delegados \u2013, al\u00e9m de 5,7 mil vagas em concursos em andamento e outras 2,4 mil autorizadas.<\/p>\n<p class=\"wp-block-paragraph\">No \u00faltimo dia 3, o Governo de S\u00e3o Paulo publicou o edital do concurso para a contrata\u00e7\u00e3o de mais 2 mil soldados da PM. As inscri\u00e7\u00f5es poder\u00e3o ser feitas entre 15 de junho e 21 de agosto, por meio da Funda\u00e7\u00e3o Vunesp. H\u00e1 ainda de 200 vagas de alunos-oficiais da Pol\u00edcia Militar. As inscri\u00e7\u00f5es seguem abertas at\u00e9 15 de julho.<\/p>\n<h2 class=\"wp-block-heading\"><strong>Distribui\u00e7\u00e3o<\/strong><\/h2>\n<p class=\"wp-block-paragraph\">Os novos policiais foram distribu\u00eddos para unidades da capital e do interior. Do total, 497 soldados atuar\u00e3o na cidade de S\u00e3o Paulo\u00a0 e 517 ser\u00e3o destinados a outros munic\u00edpios. O refor\u00e7o ser\u00e1 empregado nos Comandos de Policiamento de \u00c1rea, nos Comandos de Policiamento de Choque, Rodovi\u00e1rio e Ambiental, al\u00e9m da Escola Superior de Bombeiros.<\/p>\n<p class=\"wp-block-paragraph\">A capital receber\u00e1 o maior contingente da nova turma, com 177 policiais destinados aos batalh\u00f5es respons\u00e1veis pelo policiamento. Outros 220 soldados atuar\u00e3o em unidades especializadas da PM na cidade, sendo 163 no Comando de Policiamento de Choque, 29 no Policiamento Ambiental e 28 no Policiamento Rodovi\u00e1rio. A Escola Superior de Bombeiros contar\u00e1 com o refor\u00e7o de mais 100 profissionais.<\/p>\n<figure class=\"wp-block-image size-large\"><img data-recalc-dims=\"1\" fetchpriority=\"high\" decoding=\"async\" width=\"696\" height=\"464\" src=\"https:\/\/i0.wp.com\/www.agenciasp.sp.gov.br\/wp-content\/uploads\/2026\/06\/Formatura-soldados-3-1024x683.jpg?resize=696%2C464&#038;ssl=1\" alt=\"\" class=\"wp-image-149843\" srcset=\"https:\/\/www.agenciasp.sp.gov.br\/wp-content\/uploads\/2026\/06\/Formatura-soldados-3-1024x683.jpg 1024w, https:\/\/www.agenciasp.sp.gov.br\/wp-content\/uploads\/2026\/06\/Formatura-soldados-3-300x200.jpg 300w, https:\/\/www.agenciasp.sp.gov.br\/wp-content\/uploads\/2026\/06\/Formatura-soldados-3-768x512.jpg 768w, https:\/\/www.agenciasp.sp.gov.br\/wp-content\/uploads\/2026\/06\/Formatura-soldados-3-1536x1024.jpg 1536w, https:\/\/www.agenciasp.sp.gov.br\/wp-content\/uploads\/2026\/06\/Formatura-soldados-3-2048x1365.jpg 2048w, https:\/\/www.agenciasp.sp.gov.br\/wp-content\/uploads\/2026\/06\/Formatura-soldados-3-150x100.jpg 150w\" sizes=\"(max-width: 1024px) 100vw, 1024px\"\/><figcaption class=\"wp-element-caption\">Com a nova turma, o estado ultrapassa a marca de 16,2 mil policiais formados desde o in\u00edcio de 2023. Foto: Pablo Jacob\/Governo do Estado de SP<\/figcaption><\/figure>\n<p class=\"wp-block-paragraph\">No interior, o novo efetivo ser\u00e1 distribu\u00eddo entre diferentes regi\u00f5es. O Comando de Policiamento do Interior (CPI-5), em S\u00e3o Jos\u00e9 do Rio Preto, receber\u00e1 58 policiais. J\u00e1 as regi\u00f5es de Presidente Prudente e Sorocaba ser\u00e3o refor\u00e7adas com 59 e 60 soldados, respectivamente. Na Baixada Santista e Vale do Ribeira, os munic\u00edpios vinculados aos comandos de Santos e Registro contar\u00e3o com a chegada de 67 e 24 policiais.<\/p>\n<p class=\"wp-block-paragraph\">Tamb\u00e9m receber\u00e3o refor\u00e7o os comandos de Ribeir\u00e3o Preto (45), Campinas (29), Bauru (28), Ara\u00e7atuba (28), Mar\u00edlia (27), Limeira (27), Taubat\u00e9 (25), Araraquara (20) e Franca (20).<\/p>\n<h2 class=\"wp-block-heading\"><strong>Forma\u00e7\u00e3o<\/strong><\/h2>\n<p class=\"wp-block-paragraph\">O Curso de Forma\u00e7\u00e3o de Soldados da PM \u00e9 uma etapa fundamental na prepara\u00e7\u00e3o dos profissionais que atuar\u00e3o na seguran\u00e7a p\u00fablica. Os alunos recebem instru\u00e7\u00e3o te\u00f3rica e pr\u00e1tica voltada ao exerc\u00edcio da atividade policial e estudam disciplinas como direito, direitos humanos, t\u00e9cnicas de policiamento, armamento e tiro, defesa pessoal e atendimento \u00e0 popula\u00e7\u00e3o.<\/p>\n<p class=\"wp-block-paragraph\">Al\u00e9m da capacita\u00e7\u00e3o t\u00e9cnica, o curso enfatiza valores como \u00e9tica, responsabilidade, respeito \u00e0s leis e compromisso com a sociedade. Os futuros soldados tamb\u00e9m passam por treinamento f\u00edsico e atividades operacionais que simulam situa\u00e7\u00f5es reais da rotina policial.<\/p>\n<p class=\"wp-block-paragraph\">A forma\u00e7\u00e3o tem como objetivo preparar profissionais aptos a atuar com efici\u00eancia, equil\u00edbrio emocional e profissionalismo, sempre respeitando os direitos dos cidad\u00e3os. Desta forma, o curso contribui para o fortalecimento da seguran\u00e7a p\u00fablica, da ordem social e da rela\u00e7\u00e3o de confian\u00e7a entre a PM e a popula\u00e7\u00e3o.<\/p>\n<\/p><\/div>\n<p><br \/>\n<br \/><a href=\"https:\/\/www.agenciasp.sp.gov.br\/governo-de-sao-paulo-forma-mais-de-1-mil-novos-policiais-militares\/\" rel=\"noopener\">Informa\u00e7\u00f5es GOV.SP<\/a><\/p>\n","protected":false},"excerpt":{"rendered":"<p>O Governo de S\u00e3o Paulo realizou, nesta segunda-feira (8), a formatura de 1.014 novos soldados da Pol\u00edcia Militar. A cerim\u00f4nia foi realizada na Arena Pacaembu, na Pra\u00e7a Charles Miller, zona oeste da capital. A nova turma, composta por 137 mulheres e 877 homens, passa a integrar o efetivo da corpora\u00e7\u00e3o ap\u00f3s a conclus\u00e3o do Curso [&hellip;]<\/p>\n","protected":false},"author":1,"featured_media":68303,"comment_status":"","ping_status":"open","sticky":false,"template":"","format":"standard","meta":{"_jetpack_newsletter_access":"","_jetpack_dont_email_post_to_subs":false,"_jetpack_newsletter_tier_id":0,"_jetpack_memberships_contains_paywalled_content":false,"_mbp_banners":[],"_jetpack_feature_clip_id":0,"_jetpack_memberships_contains_paid_content":false,"footnotes":"","jetpack_publicize_message":"","jetpack_publicize_feature_enabled":true,"jetpack_social_post_already_shared":true,"jetpack_social_options":{"image_generator_settings":{"template":"highway","default_image_id":0,"font":"","enabled":false},"version":2},"jetpack_post_was_ever_published":false},"categories":[21],"tags":[],"class_list":["post-68302","post","type-post","status-publish","format-standard","has-post-thumbnail","category-sp-news"],"jetpack_publicize_connections":[],"jetpack-related-posts":[],"jetpack_shortlink":"https:\/\/wp.me\/p7Eq1F-hLE","jetpack_sharing_enabled":true,"jetpack_featured_media_url":"https:\/\/i0.wp.com\/guialimeira.com.br\/news\/wp-content\/uploads\/2026\/06\/Governo-de-Sao-Paulo-forma-mais-de-1-mil-novos.jpg?fit=1024%2C683&ssl=1","_links":{"self":[{"href":"https:\/\/guialimeira.com.br\/news\/wp-json\/wp\/v2\/posts\/68302","targetHints":{"allow":["GET"]}}],"collection":[{"href":"https:\/\/guialimeira.com.br\/news\/wp-json\/wp\/v2\/posts"}],"about":[{"href":"https:\/\/guialimeira.com.br\/news\/wp-json\/wp\/v2\/types\/post"}],"author":[{"embeddable":true,"href":"https:\/\/guialimeira.com.br\/news\/wp-json\/wp\/v2\/users\/1"}],"replies":[{"embeddable":true,"href":"https:\/\/guialimeira.com.br\/news\/wp-json\/wp\/v2\/comments?post=68302"}],"version-history":[{"count":0,"href":"https:\/\/guialimeira.com.br\/news\/wp-json\/wp\/v2\/posts\/68302\/revisions"}],"wp:featuredmedia":[{"embeddable":true,"href":"https:\/\/guialimeira.com.br\/news\/wp-json\/wp\/v2\/media\/68303"}],"wp:attachment":[{"href":"https:\/\/guialimeira.com.br\/news\/wp-json\/wp\/v2\/media?parent=68302"}],"wp:term":[{"taxonomy":"category","embeddable":true,"href":"https:\/\/guialimeira.com.br\/news\/wp-json\/wp\/v2\/categories?post=68302"},{"taxonomy":"post_tag","embeddable":true,"href":"https:\/\/guialimeira.com.br\/news\/wp-json\/wp\/v2\/tags?post=68302"}],"curies":[{"name":"wp","href":"https:\/\/api.w.org\/{rel}","templated":true}]}}