{"id":68297,"date":"2026-06-08T13:27:55","date_gmt":"2026-06-08T16:27:55","guid":{"rendered":"https:\/\/guialimeira.com.br\/teatro-vitoria-sedia-encontro-literario-gratuito-com-o-premiado-escritor-itamar-vieira-junior\/"},"modified":"2026-06-08T13:27:55","modified_gmt":"2026-06-08T16:27:55","slug":"teatro-vitoria-sedia-encontro-literario-gratuito-com-o-premiado-escritor-itamar-vieira-junior","status":"publish","type":"post","link":"https:\/\/guialimeira.com.br\/news\/teatro-vitoria-sedia-encontro-literario-gratuito-com-o-premiado-escritor-itamar-vieira-junior\/","title":{"rendered":"Teatro Vit\u00f3ria sedia encontro liter\u00e1rio gratuito com o premiado escritor Itamar Vieira J\u00fanior"},"content":{"rendered":"<p> <br \/>\n<\/p>\n<div>\n                <main class=\"\">&#13;<br \/>\n                    &#13;<br \/>\n&#13;<br \/>\n&#13;<br \/>\n&#13;<br \/>\n&#13;<br \/>\n&#13;<br \/>\n    <img data-recalc-dims=\"1\" decoding=\"async\" src=\"https:\/\/i0.wp.com\/ecrie.com.br\/sistema\/conteudos\/imagem\/m_137_0_1_08062026132245.jpg?w=696&#038;ssl=1\" alt=\"Teatro Vit\u00f3ria sedia encontro liter\u00e1rio gratuito com o premiado escritor Itamar Vieira J\u00fanior\"\/>&#13;<br \/>\n&#13;<br \/>\n&#13;<\/p>\n<p data-path-to-node=\"8\">O Teatro Vit\u00f3ria sedia na quarta-feira, dia 17 de junho, o encontro liter\u00e1rio \u201cAs realidades e o encantamento na Trilogia da Terra\u201d, com a presen\u00e7a do escritor Itamar Vieira J\u00fanior. O evento gratuito integra o projeto \u201cExtens\u00e3o Circuito\u201d do Sesc Piracicaba, que visa expandir o acesso \u00e0 cultura e o incentivo \u00e0 leitura na regi\u00e3o, contando com o apoio da Prefeitura de Limeira e integrando as comemora\u00e7\u00f5es de 21 anos da Academia Limeirense de Letras (ALLe).<\/p>\n<p>&#13;<\/p>\n<p data-path-to-node=\"9\">Durante a atividade, que ocorre das 19h30 \u00e0s 21h30, o autor comentar\u00e1 seu mais recente romance, \u201cCora\u00e7\u00e3o sem Medo\u201d, e apresentar\u00e1 ao p\u00fablico os temas, personagens e universos que comp\u00f5em a sua consagrada trilogia. Primeiro escritor brasileiro a figurar entre os finalistas do prestigiado pr\u00eamio internacional <em data-path-to-node=\"9\" data-index-in-node=\"309\">International Booker Prize<\/em>, concedido no Reino Unido, Itamar aborda em suas obras quest\u00f5es sociais, hist\u00f3ricas e culturais do Brasil, combinando realismo, mem\u00f3ria, ancestralidade e elementos de encantamento.<\/p>\n<p>&#13;<\/p>\n<p data-path-to-node=\"10\">A abertura do evento acontece \u00e0s 19h com uma apresenta\u00e7\u00e3o musical da Chicago Jazz Band. A media\u00e7\u00e3o do debate liter\u00e1rio ser\u00e1 conduzida por Fabiana Fioretti de Moura Shiraga, professora especialista em Literatura Brasileira e integrante do coletivo limeirense TemSarau.<\/p>\n<p>&#13;<\/p>\n<h3 data-path-to-node=\"11\"><strong data-path-to-node=\"11\" data-index-in-node=\"0\">Sobre o Autor e Premia\u00e7\u00f5es<\/strong><\/h3>\n<p>&#13;<\/p>\n<p data-path-to-node=\"12\">Itamar Vieira J\u00fanior \u00e9 escritor e pesquisador, reconhecido amplamente pela cr\u00edtica nacional e internacional. Seu romance \u201cTorto Arado\u201d foi o vencedor dos pr\u00eamios Jabuti e Oceanos em 2020, al\u00e9m do Pr\u00eamio Montluc R\u00e9sistance et Libert\u00e9 na Fran\u00e7a em 2024. \u00c9 autor tamb\u00e9m de \u201cSalvar o Fogo\u201d (vencedor do Pr\u00eamio Jabuti 2024), da colet\u00e2nea de contos \u201cDoramar ou a Odisseia\u201d e do livro infantil \u201cChupim\u201d.<\/p>\n<p>&#13;<\/p>\n<p data-path-to-node=\"14\"><strong data-path-to-node=\"14\" data-index-in-node=\"0\">Servi\u00e7o:<\/strong><\/p>\n<p>&#13;<\/p>\n<ul data-path-to-node=\"15\">&#13;<\/p>\n<li>&#13;\n<p data-path-to-node=\"15,0,0\"><strong data-path-to-node=\"15,0,0\" data-index-in-node=\"0\">Evento:<\/strong> Encontro Liter\u00e1rio \u201cAs realidades e o encantamento na Trilogia da Terra\u201d<\/p>\n<p>&#13;\n<\/li>\n<p>&#13;<\/p>\n<li>&#13;\n<p data-path-to-node=\"15,1,0\"><strong data-path-to-node=\"15,1,0\" data-index-in-node=\"0\">Convidado:<\/strong> Escritor Itamar Vieira J\u00fanior<\/p>\n<p>&#13;\n<\/li>\n<p>&#13;<\/p>\n<li>&#13;\n<p data-path-to-node=\"15,2,0\"><strong data-path-to-node=\"15,2,0\" data-index-in-node=\"0\">Data:<\/strong> 17 de junho (quarta-feira)<\/p>\n<p>&#13;\n<\/li>\n<p>&#13;<\/p>\n<li>&#13;\n<p data-path-to-node=\"15,3,0\"><strong data-path-to-node=\"15,3,0\" data-index-in-node=\"0\">Hor\u00e1rio:<\/strong> Das 19h30 \u00e0s 21h30 (Abertura dos port\u00f5es \u00e0s 19h com show da Chicago Jazz Band)<\/p>\n<p>&#13;\n<\/li>\n<p>&#13;<\/p>\n<li>&#13;\n<p data-path-to-node=\"15,4,0\"><strong data-path-to-node=\"15,4,0\" data-index-in-node=\"0\">Local:<\/strong> Teatro Vit\u00f3ria (Pra\u00e7a Toledo Barros, s\/n\u00ba &#8211; Centro, Limeira\/SP)<\/p>\n<p>&#13;\n<\/li>\n<p>&#13;<\/p>\n<li>&#13;\n<p data-path-to-node=\"15,5,0\"><strong data-path-to-node=\"15,5,0\" data-index-in-node=\"0\">Entrada:<\/strong> Gratuita e aberta ao p\u00fablico geral<\/p>\n<p>&#13;\n<\/li>\n<p>&#13;<\/p>\n<li>&#13;\n<p data-path-to-node=\"15,6,0\"><strong data-path-to-node=\"15,6,0\" data-index-in-node=\"0\">Classifica\u00e7\u00e3o:<\/strong> Livre<\/p>\n<p>&#13;\n<\/li>\n<p>&#13;<\/p>\n<li>&#13;\n<p data-path-to-node=\"15,7,0\"><strong data-path-to-node=\"15,7,0\" data-index-in-node=\"0\">Acesso:<\/strong> Por ordem de chegada, limitada \u00e0 lota\u00e7\u00e3o do teatro (<strong data-path-to-node=\"15,7,0\" data-index-in-node=\"60\">n\u00e3o h\u00e1 necessidade de retirada antecipada de ingressos<\/strong>)<\/p>\n<p>&#13;\n<\/li>\n<p>&#13;<\/p>\n<li>&#13;\n<p data-path-to-node=\"15,8,0\"><strong data-path-to-node=\"15,8,0\" data-index-in-node=\"0\">Realiza\u00e7\u00e3o:<\/strong> Sesc Piracicaba, com o apoio da Academia Limeirense de Letras e Prefeitura de Limeira (Secretarias de Cultura e de Turismo e Eventos)<\/p>\n<p>&#13;\n<\/li>\n<p>&#13;\n<\/ul>\n<p>&#13;<br \/>\n&#13;<br \/>\n&#13;<br \/>\n&#13;<\/p>\n<article class=\"conteudo-relacionado no-print\">&#13;<br \/>\n        &#13;<br \/>\n&#13;<br \/>\n        &#13;<br \/>\n    <\/article>\n<p>&#13;<br \/>\n&#13;<br \/>\n                <\/main><\/p><\/div>\n<p><br \/>\n<br \/><a href=\"https:\/\/limeira.sp.gov.br\/teatro-vitoria-sedia-encontro-literario-gratuito-com-o-premiado-escritor-itamar-vieira-junior\" rel=\"noopener\">Informa\u00e7\u00f5es da PML <\/a><\/p>\n","protected":false},"excerpt":{"rendered":"<p>&#13; &#13; &#13; &#13; &#13; &#13; &#13; &#13; &#13; &#13; O Teatro Vit\u00f3ria sedia na quarta-feira, dia 17 de junho, o encontro liter\u00e1rio \u201cAs realidades e o encantamento na Trilogia da Terra\u201d, com a presen\u00e7a do escritor Itamar Vieira J\u00fanior. O evento gratuito integra o projeto \u201cExtens\u00e3o Circuito\u201d do Sesc Piracicaba, que visa expandir o [&hellip;]<\/p>\n","protected":false},"author":1,"featured_media":68298,"comment_status":"","ping_status":"open","sticky":false,"template":"","format":"standard","meta":{"_jetpack_newsletter_access":"","_jetpack_dont_email_post_to_subs":false,"_jetpack_newsletter_tier_id":0,"_jetpack_memberships_contains_paywalled_content":false,"_mbp_banners":[],"_jetpack_feature_clip_id":0,"_jetpack_memberships_contains_paid_content":false,"footnotes":"","jetpack_publicize_message":"","jetpack_publicize_feature_enabled":true,"jetpack_social_post_already_shared":true,"jetpack_social_options":{"image_generator_settings":{"template":"highway","default_image_id":0,"font":"","enabled":false},"version":2},"jetpack_post_was_ever_published":false},"categories":[16],"tags":[],"class_list":["post-68297","post","type-post","status-publish","format-standard","has-post-thumbnail","category-local"],"jetpack_publicize_connections":[],"jetpack-related-posts":[],"jetpack_shortlink":"https:\/\/wp.me\/p7Eq1F-hLz","jetpack_sharing_enabled":true,"jetpack_featured_media_url":"https:\/\/i0.wp.com\/guialimeira.com.br\/news\/wp-content\/uploads\/2026\/06\/m_137_0_1_08062026132245.jpg?fit=1024%2C704&ssl=1","_links":{"self":[{"href":"https:\/\/guialimeira.com.br\/news\/wp-json\/wp\/v2\/posts\/68297","targetHints":{"allow":["GET"]}}],"collection":[{"href":"https:\/\/guialimeira.com.br\/news\/wp-json\/wp\/v2\/posts"}],"about":[{"href":"https:\/\/guialimeira.com.br\/news\/wp-json\/wp\/v2\/types\/post"}],"author":[{"embeddable":true,"href":"https:\/\/guialimeira.com.br\/news\/wp-json\/wp\/v2\/users\/1"}],"replies":[{"embeddable":true,"href":"https:\/\/guialimeira.com.br\/news\/wp-json\/wp\/v2\/comments?post=68297"}],"version-history":[{"count":0,"href":"https:\/\/guialimeira.com.br\/news\/wp-json\/wp\/v2\/posts\/68297\/revisions"}],"wp:featuredmedia":[{"embeddable":true,"href":"https:\/\/guialimeira.com.br\/news\/wp-json\/wp\/v2\/media\/68298"}],"wp:attachment":[{"href":"https:\/\/guialimeira.com.br\/news\/wp-json\/wp\/v2\/media?parent=68297"}],"wp:term":[{"taxonomy":"category","embeddable":true,"href":"https:\/\/guialimeira.com.br\/news\/wp-json\/wp\/v2\/categories?post=68297"},{"taxonomy":"post_tag","embeddable":true,"href":"https:\/\/guialimeira.com.br\/news\/wp-json\/wp\/v2\/tags?post=68297"}],"curies":[{"name":"wp","href":"https:\/\/api.w.org\/{rel}","templated":true}]}}