{"id":68293,"date":"2026-06-08T13:17:08","date_gmt":"2026-06-08T16:17:08","guid":{"rendered":"https:\/\/guialimeira.com.br\/palacete-levy-recebe-a-partir-desta-segunda-feira-exposicao-jussaratomica-da-artista-autodidata-jussara-santucci-boucas\/"},"modified":"2026-06-08T13:17:08","modified_gmt":"2026-06-08T16:17:08","slug":"palacete-levy-recebe-a-partir-desta-segunda-feira-exposicao-jussaratomica-da-artista-autodidata-jussara-santucci-boucas","status":"publish","type":"post","link":"https:\/\/guialimeira.com.br\/news\/palacete-levy-recebe-a-partir-desta-segunda-feira-exposicao-jussaratomica-da-artista-autodidata-jussara-santucci-boucas\/","title":{"rendered":"Palacete Levy recebe a partir desta segunda-feira exposi\u00e7\u00e3o &quot;JussarAt\u00f4mica&quot; da artista autodidata Jussara Santucci Bou\u00e7as"},"content":{"rendered":"<p> <br \/>\n<br \/><img data-recalc-dims=\"1\" decoding=\"async\" src=\"https:\/\/i0.wp.com\/ecrie.com.br\/sistema\/conteudos\/imagem\/m_137_0_1_08062026131530.jpeg?w=696&#038;ssl=1\" \/><\/p>\n<p data-path-to-node=\"2\">O Palacete Levy recebe a exposi&ccedil;&atilde;o &#8220;JussarAt&ocirc;mica: Em estilo livre pintando emo&ccedil;&otilde;es!&#8221;, primeira mostra individual da artista autodidata Jussara Santucci Bou&ccedil;as. A atra&ccedil;&atilde;o permanece aberta ao p&uacute;blico de 8 a 30 de junho, consolidando as galerias do espa&ccedil;o como importantes polos de fomento &agrave;s artes visuais e de valoriza&ccedil;&atilde;o dos talentos locais.<\/p>\n<p data-path-to-node=\"3\">A exposi&ccedil;&atilde;o marca a consolida&ccedil;&atilde;o da identidade art&iacute;stica de Jussara, que pratica sua arte h&aacute; mais de 15 anos. Por meio de uma proposta em estilo livre, as obras expostas traduzem sentimentos, viv&ecirc;ncias e percep&ccedil;&otilde;es &iacute;ntimas da autora em tra&ccedil;os e cores que convidam o visitante &agrave; reflex&atilde;o e &agrave; conex&atilde;o emocional direta com as telas.<\/p>\n<p data-path-to-node=\"4\">A escolha do Palacete Levy para acolher o acervo reflete a proposta da administra&ccedil;&atilde;o municipal de abrir os pr&eacute;dios hist&oacute;ricos para a ocupa&ccedil;&atilde;o cultural e o fortalecimento de novos nomes da cena art&iacute;stica. &#8220;O caminho para consolidar o meu pr&oacute;prio estilo foi feito de muitas tentativas, erros e persist&ecirc;ncia, at&eacute; que eu finalmente encontrasse a minha verdadeira identidade art&iacute;stica. Com muito esfor&ccedil;o e dedica&ccedil;&atilde;o, esse sonho se tornou realidade&#8221;, destacou a artista Jussara Santucci Bou&ccedil;as.<\/p>\n<p data-path-to-node=\"6\"><strong data-path-to-node=\"6\" data-index-in-node=\"0\">Servi&ccedil;o:<\/strong><\/p>\n<ul data-path-to-node=\"7\">\n<li>\n<p data-path-to-node=\"7,0,0\"><strong data-path-to-node=\"7,0,0\" data-index-in-node=\"0\">Evento:<\/strong> Exposi&ccedil;&atilde;o &#8220;JussarAt&ocirc;mica: Em estilo livre pintando emo&ccedil;&otilde;es!&#8221;<\/p>\n<\/li>\n<li>\n<p data-path-to-node=\"7,1,0\"><strong data-path-to-node=\"7,1,0\" data-index-in-node=\"0\">Artista:<\/strong> Jussara Santucci Bou&ccedil;as<\/p>\n<\/li>\n<li>\n<p data-path-to-node=\"7,2,0\"><strong data-path-to-node=\"7,2,0\" data-index-in-node=\"0\">Per&iacute;odo de Visita&ccedil;&atilde;o:<\/strong> De 8 a 30 de junho de 2026<\/p>\n<\/li>\n<li>\n<p data-path-to-node=\"7,3,0\"><strong data-path-to-node=\"7,3,0\" data-index-in-node=\"0\">Local:<\/strong> Palacete Levy (Largo da Boa Morte, 11 &#8211; Centro, Limeira\/SP)<\/p>\n<\/li>\n<li>\n<p data-path-to-node=\"7,4,0\"><strong data-path-to-node=\"7,4,0\" data-index-in-node=\"0\">Entrada:<\/strong> Gratuita<\/p>\n<\/li>\n<li>\n<p data-path-to-node=\"7,5,0\"><strong data-path-to-node=\"7,5,0\" data-index-in-node=\"0\">Apoio:<\/strong> Prefeitura de Limeira, por meio da Secretaria de Cultura<\/p>\n<\/li>\n<\/ul>\n<p><br \/>\n<br \/><a href=\"https:\/\/limeira.sp.gov.br\/palacete-levy-recebe-a-partir-desta-segunda-feira-exposicao-jussaratomica-da-artista-autodidata-jussara-santucci-boucas\" rel=\"noopener\">Informa\u00e7\u00f5es da PML <\/a><\/p>\n","protected":false},"excerpt":{"rendered":"<p>O Palacete Levy recebe a exposi&ccedil;&atilde;o &#8220;JussarAt&ocirc;mica: Em estilo livre pintando emo&ccedil;&otilde;es!&#8221;, primeira mostra individual da artista autodidata Jussara Santucci Bou&ccedil;as. A atra&ccedil;&atilde;o permanece aberta ao p&uacute;blico de 8 a 30 de junho, consolidando as galerias do espa&ccedil;o como importantes polos de fomento &agrave;s artes visuais e de valoriza&ccedil;&atilde;o dos talentos locais. A exposi&ccedil;&atilde;o marca [&hellip;]<\/p>\n","protected":false},"author":1,"featured_media":68294,"comment_status":"","ping_status":"open","sticky":false,"template":"","format":"standard","meta":{"_jetpack_newsletter_access":"","_jetpack_dont_email_post_to_subs":false,"_jetpack_newsletter_tier_id":0,"_jetpack_memberships_contains_paywalled_content":false,"_mbp_banners":[],"_jetpack_feature_clip_id":0,"_jetpack_memberships_contains_paid_content":false,"footnotes":"","jetpack_publicize_message":"","jetpack_publicize_feature_enabled":true,"jetpack_social_post_already_shared":true,"jetpack_social_options":{"image_generator_settings":{"template":"highway","default_image_id":0,"font":"","enabled":false},"version":2},"jetpack_post_was_ever_published":false},"categories":[16],"tags":[],"class_list":["post-68293","post","type-post","status-publish","format-standard","has-post-thumbnail","category-local"],"jetpack_publicize_connections":[],"jetpack-related-posts":[],"jetpack_shortlink":"https:\/\/wp.me\/p7Eq1F-hLv","jetpack_sharing_enabled":true,"jetpack_featured_media_url":"https:\/\/i0.wp.com\/guialimeira.com.br\/news\/wp-content\/uploads\/2026\/06\/m_137_0_1_08062026131530.jpeg?fit=1024%2C576&ssl=1","_links":{"self":[{"href":"https:\/\/guialimeira.com.br\/news\/wp-json\/wp\/v2\/posts\/68293","targetHints":{"allow":["GET"]}}],"collection":[{"href":"https:\/\/guialimeira.com.br\/news\/wp-json\/wp\/v2\/posts"}],"about":[{"href":"https:\/\/guialimeira.com.br\/news\/wp-json\/wp\/v2\/types\/post"}],"author":[{"embeddable":true,"href":"https:\/\/guialimeira.com.br\/news\/wp-json\/wp\/v2\/users\/1"}],"replies":[{"embeddable":true,"href":"https:\/\/guialimeira.com.br\/news\/wp-json\/wp\/v2\/comments?post=68293"}],"version-history":[{"count":0,"href":"https:\/\/guialimeira.com.br\/news\/wp-json\/wp\/v2\/posts\/68293\/revisions"}],"wp:featuredmedia":[{"embeddable":true,"href":"https:\/\/guialimeira.com.br\/news\/wp-json\/wp\/v2\/media\/68294"}],"wp:attachment":[{"href":"https:\/\/guialimeira.com.br\/news\/wp-json\/wp\/v2\/media?parent=68293"}],"wp:term":[{"taxonomy":"category","embeddable":true,"href":"https:\/\/guialimeira.com.br\/news\/wp-json\/wp\/v2\/categories?post=68293"},{"taxonomy":"post_tag","embeddable":true,"href":"https:\/\/guialimeira.com.br\/news\/wp-json\/wp\/v2\/tags?post=68293"}],"curies":[{"name":"wp","href":"https:\/\/api.w.org\/{rel}","templated":true}]}}