{"id":68289,"date":"2026-06-08T12:21:09","date_gmt":"2026-06-08T15:21:09","guid":{"rendered":"https:\/\/guialimeira.com.br\/carretas-de-mamografia-retomam-atendimento-apos-o-feriado-veja-os-municipios-contemplados\/"},"modified":"2026-06-08T12:21:09","modified_gmt":"2026-06-08T15:21:09","slug":"carretas-de-mamografia-retomam-atendimento-apos-o-feriado-veja-os-municipios-contemplados","status":"publish","type":"post","link":"https:\/\/guialimeira.com.br\/news\/carretas-de-mamografia-retomam-atendimento-apos-o-feriado-veja-os-municipios-contemplados\/","title":{"rendered":"Carretas de Mamografia retomam atendimento ap\u00f3s o feriado; veja os munic\u00edpios contemplados"},"content":{"rendered":"<p> <br \/>\n<br \/><img data-recalc-dims=\"1\" decoding=\"async\" src=\"https:\/\/i0.wp.com\/www.agenciasp.sp.gov.br\/wp-content\/uploads\/2024\/12\/54135323406_496ab10228_k.jpg?w=696&#038;ssl=1\" \/><\/p>\n<div>\n<p class=\"wp-block-paragraph\">As <a href=\"https:\/\/www.agenciasp.sp.gov.br\/carretas-e-telefone-facilitam-acesso-a-mamografia-gratuita-em-sp\/\" rel=\"noopener\">Carretas de Mamografia<\/a>, iniciativa do Governo de S\u00e3o Paulo, completam os servi\u00e7os do m\u00eas de junho com exames gratuitos nos munic\u00edpios de Po\u00e1, Riol\u00e2ndia, Cajati, Gabriel Monteiro, Mairinque, Franco da Rocha, Pirangi, Sete Barras, Nova Castilho e Igarat\u00e1.<\/p>\n<p class=\"wp-block-paragraph\"><a href=\"https:\/\/www.poupatempo.sp.gov.br\/carta\/B7ED6C20-6D1B-481B-8693-35AD62D16E42\" target=\"_blank\" rel=\"noreferrer noopener\">Veja aqui o itiner\u00e1rio das Carretas de Mamografia<\/a>.<\/p>\n<p class=\"wp-block-paragraph\">Seguindo as novas normas de rastreamento, <a href=\"https:\/\/www.agenciasp.sp.gov.br\/no-poupatempo-sete-em-cada-dez-colaboradores-sao-mulheres\/\" rel=\"noopener\">o programa Mulheres de Peito passa a atender mulheres de 50 a 74 anos apenas com a apresenta\u00e7\u00e3o do RG e do cart\u00e3o SUS<\/a>. J\u00e1 as pacientes entre 35 e 49 anos e acima de 74 anos devem apresentar pedido m\u00e9dico. Antes da atualiza\u00e7\u00e3o, o atendimento sem solicita\u00e7\u00e3o m\u00e9dica era realizado at\u00e9 os 69 anos, enquanto mulheres a partir dos 70 anos precisavam de pedido m\u00e9dico.<\/p>\n<p class=\"wp-block-paragraph\">O atendimento das carretas \u00e9 direcionado a mulheres com idade superior a 35 anos, desde que n\u00e3o tenham realizado exame de mamografia nos \u00faltimos 12 meses.<\/p>\n<p class=\"wp-block-paragraph\">O servi\u00e7o funciona de segunda a sexta-feira, das 8h \u00e0s 17h, com a distribui\u00e7\u00e3o de at\u00e9 50 senhas por dia. Aos s\u00e1bados, o atendimento ocorre das 8h \u00e0s 12h, com at\u00e9 25 senhas, exceto feriados. A entrega das senhas \u00e9 feita por demanda espont\u00e2nea e por ordem de chegada.<\/p>\n<p class=\"wp-block-paragraph\">Em caso de altera\u00e7\u00e3o no exame, as pacientes s\u00e3o encaminhadas a um servi\u00e7o de refer\u00eancia do SUS para a realiza\u00e7\u00e3o de exames complementares ou tratamento.<\/p>\n<p class=\"wp-block-paragraph\"><a href=\"https:\/\/www.agenciasp.sp.gov.br\/carretas-de-mamografia-iniciam-2026-com-ampliacao-da-faixa-etaria-para-rastreio-do-cancer-de-mama\/\" rel=\"noopener\">As Carretas de Mamografia registraram um aumento de 76% nos exames de preven\u00e7\u00e3o e diagn\u00f3stico do c\u00e2ncer de mama<\/a> no Estado de S\u00e3o Paulo, em 2025. Foram realizados 60.831 exames, frente a 34.605 em 2024.<\/p>\n<p class=\"wp-block-paragraph\">O itiner\u00e1rio completo das carretas pode ser consultado no site e no aplicativo do <a href=\"https:\/\/www.agenciasp.sp.gov.br\/sp-encerra-ano-com-mais-de-130-mil-carteiras-de-identificacao-emitidas-para-pessoas-com-tea\/\" rel=\"noopener\">Poupatempo<\/a>, dispon\u00edveis para Android e iOS.<\/p>\n<p class=\"wp-block-paragraph\">O Programa Mulheres de Peito informa que todos os servi\u00e7os prestados na Carreta de Mamografia s\u00e3o totalmente gratuitos, inclusive a realiza\u00e7\u00e3o dos exames e a entrega dos resultados. Em caso de d\u00favidas, acesse: <strong><a href=\"https:\/\/ouvidoria.saude.sp.gov.br\" target=\"_blank\" rel=\"noopener\">ouvidoria.saude.sp.gov.br<\/a><\/strong>.<\/p>\n<h3 class=\"wp-block-heading\">Mulheres de Peito<\/h3>\n<p class=\"wp-block-paragraph\">Al\u00e9m das carretas, mulheres paulistas de 50 a 74 anos tamb\u00e9m podem agendar gratuitamente a mamografia pelo SUS, sem necessidade de pedido m\u00e9dico, por meio do telefone 0800 779 0000. O agendamento \u00e9 realizado pelo Sistema Informatizado de Regula\u00e7\u00e3o do Estado de S\u00e3o Paulo.<\/p>\n<h4 class=\"wp-block-heading\">Carreta da Mamografia em Po\u00e1<\/h4>\n<p class=\"wp-block-paragraph\">Data: 9 a 20 de junho<br \/>Hor\u00e1rio: segunda a sexta-feira, das 8h \u00e0s 17h, e, aos s\u00e1bados, das 8h \u00e0s 12h (exceto feriados)<br \/>Endere\u00e7o: Av. Ant\u00f4nio Massa, 150 \u2013 Pra\u00e7a dos Eventos \u2013 Po\u00e1 \u2013 SP<\/p>\n<h4 class=\"wp-block-heading\">Carreta da Mamografia em Riol\u00e2ndia<\/h4>\n<p class=\"wp-block-paragraph\">Data: 9 a 20 de junho<br \/>Hor\u00e1rio: segunda a sexta-feira, das 8h \u00e0s 17h, e, aos s\u00e1bados, das 8h \u00e0s 12h (exceto feriados)<br \/>Endere\u00e7o: Avenida 13, 1253 \u2013 Centro \u2013 Riol\u00e2ndia \u2013 SP<\/p>\n<h4 class=\"wp-block-heading\">Carreta da Mamografia em Cajati<\/h4>\n<p class=\"wp-block-paragraph\">Data: 9 a 20 de junho<br \/>Hor\u00e1rio: segunda a sexta-feira, das 8h \u00e0s 17h, e, aos s\u00e1bados, das 8h \u00e0s 12h (exceto feriados)<br \/>Endere\u00e7o: Avenida Luiz de Lima, 50 \u2013 Centro \u2013 Cajati \u2013 SP<\/p>\n<h4 class=\"wp-block-heading\">Carreta da Mamografia em Gabriel Monteiro<\/h4>\n<p class=\"wp-block-paragraph\">Data: 9 a 20 de junho<br \/>Hor\u00e1rio: segunda a sexta-feira, das 8h \u00e0s 17h, e, aos s\u00e1bados, das 8h \u00e0s 12h (exceto feriados)<br \/>Endere\u00e7o: Rua Lavradores, 190 \u2013 Centro \u2013 Gabriel Monteiro \u2013 SP<\/p>\n<h4 class=\"wp-block-heading\">Carreta da Mamografia em Mairinque<\/h4>\n<p class=\"wp-block-paragraph\">Data: 9 a 20 de junho<br \/>Hor\u00e1rio: segunda a sexta-feira, das 8h \u00e0s 17h, e, aos s\u00e1bados, das 8h \u00e0s 12h (exceto feriados)<br \/>Endere\u00e7o: Estrada Vicinal Municipal Governador Mario Covas, km 12,5 \u2013 Mairinque \u2013 SP<\/p>\n<h4 class=\"wp-block-heading\">Carreta da Mamografia em Franco da Rocha<\/h4>\n<p class=\"wp-block-paragraph\">Data: 23 de junho a 4 de julho<br \/>Hor\u00e1rio: segunda a sexta-feira, das 8h \u00e0s 17h, e, aos s\u00e1bados, das 8h \u00e0s 12h (exceto feriados)<br \/>Endere\u00e7o: Rua Nelson Rodrigues, 400 \u2013 Parque Municipal Benedito de Morais \u2013 Franco da Rocha \u2013 SP<\/p>\n<h4 class=\"wp-block-heading\">Carreta da Mamografia em Pirangi<\/h4>\n<p class=\"wp-block-paragraph\">Data: 23 de junho a 4 de julho<br \/>Hor\u00e1rio: segunda a sexta-feira, das 8h \u00e0s 17h, e, aos s\u00e1bados, das 8h \u00e0s 12h (exceto feriados)<br \/>Endere\u00e7o: Pra\u00e7a Bar\u00e3o do Rio Branco \u2013 Centro \u2013 Pirangi \u2013 SP<\/p>\n<h4 class=\"wp-block-heading\">Carreta da Mamografia em Sete Barras<\/h4>\n<p class=\"wp-block-paragraph\">Data: 23 de junho a 4 de julho<br \/>Hor\u00e1rio: segunda a sexta-feira, das 8h \u00e0s 17h, e, aos s\u00e1bados, das 8h \u00e0s 12h (exceto feriados)<br \/>Endere\u00e7o: Rodovia SP-139, km 18 \u2013 Bairro Itopamirim \u2013 Sete Barras -SP<\/p>\n<h4 class=\"wp-block-heading\">Carreta da Mamografia em Nova Castilho<\/h4>\n<p class=\"wp-block-paragraph\">Data: 23 de junho a 4 de julho<br \/>Hor\u00e1rio: segunda a sexta-feira, das 8h \u00e0s 17h, e, aos s\u00e1bados, das 8h \u00e0s 12h (exceto feriados)<br \/>Endere\u00e7o: Avenida Sete de Setembro, 381 \u2013 Em frente a UBS Prof\u00ba Paulo Ricoy de Camargo \u2013 Nova Castilho \u2013 SP<\/p>\n<h4 class=\"wp-block-heading\">Carreta da Mamografia em Igarat\u00e1<\/h4>\n<p class=\"wp-block-paragraph\">Data: 23 de junho a 4 de julho<br \/>Hor\u00e1rio: segunda a sexta-feira, das 8h \u00e0s 17h, e, aos s\u00e1bados, das 8h \u00e0s 12h (exceto feriados)<br \/>Endere\u00e7o: Avenida Benedito Rodrigues de Freitas, 70 \u2013 Pra\u00e7a Luis Carlos Louren\u00e7o \u2013 Igarat\u00e1 \u2013 SP<\/p>\n<h3 class=\"wp-block-heading\">SP Por Todas<\/h3>\n<p class=\"wp-block-paragraph\"><a href=\"https:\/\/www.agenciasp.sp.gov.br\/governo-de-sao-paulo-reforca-protecao-as-mulheres-com-inicio-do-novo-circuito-integrado-sp-por-todas\/\" rel=\"noopener\">SP Por Todas \u00e9 um movimento promovido pelo Governo do Estado de S\u00e3o Paulo<\/a> para ampliar a visibilidade das pol\u00edticas p\u00fablicas para mulheres, bem como a rede de prote\u00e7\u00e3o, acolhimento e autonomia profissional e financeira que viabiliza servi\u00e7os exclusivos para elas.<\/p>\n<p class=\"wp-block-paragraph\">Essas frentes est\u00e3o nos pilares da gest\u00e3o e incluem novas solu\u00e7\u00f5es lan\u00e7adas em mar\u00e7o de 2024. Um dos destaques \u00e9 o <a href=\"https:\/\/www.agenciasp.sp.gov.br\/saiba-como-acessar-o-auxilio-aluguel-para-mulheres-vitimas-de-violencia-em-sp\/\" rel=\"noopener\">aux\u00edlio-aluguel de R$ 500 para v\u00edtimas de viol\u00eancia dom\u00e9stica<\/a>. Tamb\u00e9m houve amplia\u00e7\u00e3o do monitoramento permanente de agressores com uso de tornozeleiras; o lan\u00e7amento do <a href=\"https:\/\/www.agenciasp.sp.gov.br\/sp-mulher-segura-aplicativo-do-governo-de-sp-permite-registrar-boletins-de-ocorrencia-e-acionar-botao-do-panico-contra-agressores\/\" rel=\"noopener\">aplicativo SPMulher Segura<\/a>, que conecta a pol\u00edcia de forma direta e \u00e1gil caso o agressor se aproxime; e a cria\u00e7\u00e3o de novas salas da Delegacia da Defesa da Mulher 24 horas.<\/p>\n<p class=\"wp-block-paragraph\">O Governo do Estado ampliou linhas de cr\u00e9dito para elas e ampliou a entrega das <a href=\"https:\/\/www.agenciasp.sp.gov.br\/governo-de-sp-amplia-rede-de-acolhimento-com-15-novas-casas-da-mulher-paulista-em-2024\/\" rel=\"noopener\">Casas da Mulher Paulista<\/a>, que oferecem servi\u00e7os de apoio psicol\u00f3gico e capacita\u00e7\u00e3o profissional. A gest\u00e3o paulista ainda implementou o <a href=\"https:\/\/www.agenciasp.sp.gov.br\/protocolo-nao-se-cale-chega-a-mais-de-100-mil-profissionais-capacitados-para-atender-mulheres-em-risco-em-sp\/\" rel=\"noopener\">protocolo N\u00e3o Se Cale<\/a> para acolhimento imediato e combate \u00e0 importuna\u00e7\u00e3o sexual em bares, restaurantes, casas de show e similares, formando equipes em um curso online oferecido gratuitamente aos profissionais do setor.<\/p>\n<\/p><\/div>\n<p><br \/>\n<br \/><a href=\"https:\/\/www.agenciasp.sp.gov.br\/carretas-de-mamografia-retomam-atendimento-apos-o-feriado-veja-os-municipios-contemplados\/\" rel=\"noopener\">Informa\u00e7\u00f5es GOV.SP<\/a><\/p>\n","protected":false},"excerpt":{"rendered":"<p>As Carretas de Mamografia, iniciativa do Governo de S\u00e3o Paulo, completam os servi\u00e7os do m\u00eas de junho com exames gratuitos nos munic\u00edpios de Po\u00e1, Riol\u00e2ndia, Cajati, Gabriel Monteiro, Mairinque, Franco da Rocha, Pirangi, Sete Barras, Nova Castilho e Igarat\u00e1. Veja aqui o itiner\u00e1rio das Carretas de Mamografia. Seguindo as novas normas de rastreamento, o programa [&hellip;]<\/p>\n","protected":false},"author":1,"featured_media":31864,"comment_status":"","ping_status":"open","sticky":false,"template":"","format":"standard","meta":{"_jetpack_newsletter_access":"","_jetpack_dont_email_post_to_subs":false,"_jetpack_newsletter_tier_id":0,"_jetpack_memberships_contains_paywalled_content":false,"_mbp_banners":[],"_jetpack_feature_clip_id":0,"_jetpack_memberships_contains_paid_content":false,"footnotes":"","jetpack_publicize_message":"","jetpack_publicize_feature_enabled":true,"jetpack_social_post_already_shared":true,"jetpack_social_options":{"image_generator_settings":{"template":"highway","default_image_id":0,"font":"","enabled":false},"version":2},"jetpack_post_was_ever_published":false},"categories":[21],"tags":[],"class_list":["post-68289","post","type-post","status-publish","format-standard","has-post-thumbnail","category-sp-news"],"jetpack_publicize_connections":[],"jetpack-related-posts":[],"jetpack_shortlink":"https:\/\/wp.me\/p7Eq1F-hLr","jetpack_sharing_enabled":true,"jetpack_featured_media_url":"https:\/\/i0.wp.com\/guialimeira.com.br\/news\/wp-content\/uploads\/2025\/04\/Dez-municipios-paulistas-recebem-as-Carretas-de-Mamografia-em-maio.jpg?fit=1920%2C1280&ssl=1","_links":{"self":[{"href":"https:\/\/guialimeira.com.br\/news\/wp-json\/wp\/v2\/posts\/68289","targetHints":{"allow":["GET"]}}],"collection":[{"href":"https:\/\/guialimeira.com.br\/news\/wp-json\/wp\/v2\/posts"}],"about":[{"href":"https:\/\/guialimeira.com.br\/news\/wp-json\/wp\/v2\/types\/post"}],"author":[{"embeddable":true,"href":"https:\/\/guialimeira.com.br\/news\/wp-json\/wp\/v2\/users\/1"}],"replies":[{"embeddable":true,"href":"https:\/\/guialimeira.com.br\/news\/wp-json\/wp\/v2\/comments?post=68289"}],"version-history":[{"count":0,"href":"https:\/\/guialimeira.com.br\/news\/wp-json\/wp\/v2\/posts\/68289\/revisions"}],"wp:featuredmedia":[{"embeddable":true,"href":"https:\/\/guialimeira.com.br\/news\/wp-json\/wp\/v2\/media\/31864"}],"wp:attachment":[{"href":"https:\/\/guialimeira.com.br\/news\/wp-json\/wp\/v2\/media?parent=68289"}],"wp:term":[{"taxonomy":"category","embeddable":true,"href":"https:\/\/guialimeira.com.br\/news\/wp-json\/wp\/v2\/categories?post=68289"},{"taxonomy":"post_tag","embeddable":true,"href":"https:\/\/guialimeira.com.br\/news\/wp-json\/wp\/v2\/tags?post=68289"}],"curies":[{"name":"wp","href":"https:\/\/api.w.org\/{rel}","templated":true}]}}