{"id":68287,"date":"2026-06-08T11:37:11","date_gmt":"2026-06-08T14:37:11","guid":{"rendered":"https:\/\/guialimeira.com.br\/estudantes-de-escola-municipal-recebem-orientacoes-sobre-saude-dengue-e-prevencao-de-acidentes\/"},"modified":"2026-06-08T11:37:11","modified_gmt":"2026-06-08T14:37:11","slug":"estudantes-de-escola-municipal-recebem-orientacoes-sobre-saude-dengue-e-prevencao-de-acidentes","status":"publish","type":"post","link":"https:\/\/guialimeira.com.br\/news\/estudantes-de-escola-municipal-recebem-orientacoes-sobre-saude-dengue-e-prevencao-de-acidentes\/","title":{"rendered":"Estudantes de escola municipal recebem orienta\u00e7\u00f5es sobre sa\u00fade, dengue e preven\u00e7\u00e3o de acidentes"},"content":{"rendered":"<p> <br \/>\n<br \/><img data-recalc-dims=\"1\" decoding=\"async\" src=\"https:\/\/i0.wp.com\/ecrie.com.br\/sistema\/conteudos\/imagem\/m_137_0_1_08062026113436.jpeg?w=696&#038;ssl=1\" \/><\/p>\n<p>A equipe da Unidade B&aacute;sica de Sa&uacute;de (UBS) Nova Limeira realizou na segunda-feira (1&ordm;) uma s&eacute;rie de palestras para os alunos da Emeief Deovaldo Teixeira de Carvalho. A a&ccedil;&atilde;o faz parte do Programa Sa&uacute;de na Escola (PSE), desenvolvido em parceria entre as &aacute;reas da Sa&uacute;de e da Educa&ccedil;&atilde;o.<\/p>\n<p>Durante as atividades, os estudantes receberam orienta&ccedil;&otilde;es sobre sa&uacute;de bucal, preven&ccedil;&atilde;o de viol&ecirc;ncias e acidentes, al&eacute;m de informa&ccedil;&otilde;es sobre dengue e doen&ccedil;as negligenciadas. As palestras foram conduzidas por profissionais da UBS, que abordaram temas relacionados &agrave; promo&ccedil;&atilde;o da sa&uacute;de, preven&ccedil;&atilde;o de doen&ccedil;as e ado&ccedil;&atilde;o de h&aacute;bitos saud&aacute;veis.<\/p>\n<p>A iniciativa tem como objetivo aproximar os servi&ccedil;os de sa&uacute;de do ambiente escolar, contribuindo para a forma&ccedil;&atilde;o de crian&ccedil;as e adolescentes mais conscientes sobre os cuidados com a pr&oacute;pria sa&uacute;de e a import&acirc;ncia da preven&ccedil;&atilde;o.<\/p>\n<p>Essa iniciativa est&aacute; alinhada ao Objetivo de Desenvolvimento Sustent&aacute;vel (ODS) 3 que promove sa&uacute;de e bem-estar para a toda a popula&ccedil;&atilde;o.<\/p>\n<p>&nbsp;<\/p>\n<p><br \/>\n<br \/><a href=\"https:\/\/limeira.sp.gov.br\/estudantes-de-escola-municipal-recebem-orientacoes-sobre-saude-dengue-e-prevencao-de-acidentes\" rel=\"noopener\">Informa\u00e7\u00f5es da PML <\/a><\/p>\n","protected":false},"excerpt":{"rendered":"<p>A equipe da Unidade B&aacute;sica de Sa&uacute;de (UBS) Nova Limeira realizou na segunda-feira (1&ordm;) uma s&eacute;rie de palestras para os alunos da Emeief Deovaldo Teixeira de Carvalho. A a&ccedil;&atilde;o faz parte do Programa Sa&uacute;de na Escola (PSE), desenvolvido em parceria entre as &aacute;reas da Sa&uacute;de e da Educa&ccedil;&atilde;o. Durante as atividades, os estudantes receberam orienta&ccedil;&otilde;es [&hellip;]<\/p>\n","protected":false},"author":1,"featured_media":68288,"comment_status":"","ping_status":"open","sticky":false,"template":"","format":"standard","meta":{"_jetpack_newsletter_access":"","_jetpack_dont_email_post_to_subs":false,"_jetpack_newsletter_tier_id":0,"_jetpack_memberships_contains_paywalled_content":false,"_mbp_banners":[],"_jetpack_feature_clip_id":0,"_jetpack_memberships_contains_paid_content":false,"footnotes":"","jetpack_publicize_message":"","jetpack_publicize_feature_enabled":true,"jetpack_social_post_already_shared":true,"jetpack_social_options":{"image_generator_settings":{"template":"highway","default_image_id":0,"font":"","enabled":false},"version":2},"jetpack_post_was_ever_published":false},"categories":[16],"tags":[],"class_list":["post-68287","post","type-post","status-publish","format-standard","has-post-thumbnail","category-local"],"jetpack_publicize_connections":[],"jetpack-related-posts":[],"jetpack_shortlink":"https:\/\/wp.me\/p7Eq1F-hLp","jetpack_sharing_enabled":true,"jetpack_featured_media_url":"https:\/\/i0.wp.com\/guialimeira.com.br\/news\/wp-content\/uploads\/2026\/06\/m_137_0_1_08062026113436.jpeg?fit=1024%2C768&ssl=1","_links":{"self":[{"href":"https:\/\/guialimeira.com.br\/news\/wp-json\/wp\/v2\/posts\/68287","targetHints":{"allow":["GET"]}}],"collection":[{"href":"https:\/\/guialimeira.com.br\/news\/wp-json\/wp\/v2\/posts"}],"about":[{"href":"https:\/\/guialimeira.com.br\/news\/wp-json\/wp\/v2\/types\/post"}],"author":[{"embeddable":true,"href":"https:\/\/guialimeira.com.br\/news\/wp-json\/wp\/v2\/users\/1"}],"replies":[{"embeddable":true,"href":"https:\/\/guialimeira.com.br\/news\/wp-json\/wp\/v2\/comments?post=68287"}],"version-history":[{"count":0,"href":"https:\/\/guialimeira.com.br\/news\/wp-json\/wp\/v2\/posts\/68287\/revisions"}],"wp:featuredmedia":[{"embeddable":true,"href":"https:\/\/guialimeira.com.br\/news\/wp-json\/wp\/v2\/media\/68288"}],"wp:attachment":[{"href":"https:\/\/guialimeira.com.br\/news\/wp-json\/wp\/v2\/media?parent=68287"}],"wp:term":[{"taxonomy":"category","embeddable":true,"href":"https:\/\/guialimeira.com.br\/news\/wp-json\/wp\/v2\/categories?post=68287"},{"taxonomy":"post_tag","embeddable":true,"href":"https:\/\/guialimeira.com.br\/news\/wp-json\/wp\/v2\/tags?post=68287"}],"curies":[{"name":"wp","href":"https:\/\/api.w.org\/{rel}","templated":true}]}}