{"id":68282,"date":"2026-06-08T11:20:08","date_gmt":"2026-06-08T14:20:08","guid":{"rendered":"https:\/\/guialimeira.com.br\/olimpia-e-o-segundo-municipio-paulista-a-receber-o-circuito-integrado-sp-por-todas\/"},"modified":"2026-06-08T11:20:08","modified_gmt":"2026-06-08T14:20:08","slug":"olimpia-e-o-segundo-municipio-paulista-a-receber-o-circuito-integrado-sp-por-todas","status":"publish","type":"post","link":"https:\/\/guialimeira.com.br\/news\/olimpia-e-o-segundo-municipio-paulista-a-receber-o-circuito-integrado-sp-por-todas\/","title":{"rendered":"Ol\u00edmpia \u00e9 o segundo munic\u00edpio paulista a receber o Circuito Integrado SP Por Todas"},"content":{"rendered":"<p> <br \/>\n<br \/><img data-recalc-dims=\"1\" decoding=\"async\" src=\"https:\/\/i0.wp.com\/www.agenciasp.sp.gov.br\/wp-content\/uploads\/2026\/05\/circuito-integrado-sp-por-todas-scaled.jpeg?w=696&#038;ssl=1\" \/><\/p>\n<div>\n<p class=\"wp-block-paragraph\">O Governo do Estado de S\u00e3o Paulo leva o Circuito Integrado de Prote\u00e7\u00e3o \u00e0s Mulheres \u2013 SP Por Todas para Ol\u00edmpia. A carreta de atendimento ficar\u00e1 na cidade entre os dias 8 e 12 de junho.<\/p>\n<p class=\"wp-block-paragraph\">A iniciativa concentra, em uma \u00fanica estrutura, suporte psicossocial, seguran\u00e7a p\u00fablica e orienta\u00e7\u00e3o jur\u00eddica, reunindo esfor\u00e7os da Defensoria P\u00fablica, Minist\u00e9rio P\u00fablico, Judici\u00e1rio e rede municipal. O principal objetivo \u00e9 reduzir a chamada \u201crota cr\u00edtica\u201d da v\u00edtima \u2013 o caminho muitas vezes longo, burocr\u00e1tico e fragmentado que ela percorre em busca de socorro. Com o Circuito, o processo \u00e9 iniciado de forma r\u00e1pida, segura e articulada.<\/p>\n<p class=\"wp-block-paragraph\">Durante a passagem por Ol\u00edmpia, as mulheres que forem at\u00e9 o Circuito ter\u00e3o escuta qualificada, avalia\u00e7\u00e3o de risco, orienta\u00e7\u00e3o sobre direitos, apoio para registro de ocorr\u00eancia, encaminhamentos \u00e0 rede de sa\u00fade e assist\u00eancia social. A depender do caso, \u00e9 realizado inclusive o pedido de medida protetiva e tomadas as demais provid\u00eancias junto aos \u00f3rg\u00e3os competentes.<\/p>\n<p class=\"wp-block-paragraph\"><strong>LEIA TAMB\u00c9M: <\/strong><a href=\"https:\/\/www.agenciasp.sp.gov.br\/circuito-integrado-sp-por-todas-estreia-em-franca-acelera-resposta-a-casos-de-violencia-domestica-com-prisoes-e-b-o-s-contra-agressores\/\" rel=\"noopener\">Circuito Integrado SP Por Todas: estreia em Franca acelera resposta a casos de viol\u00eancia dom\u00e9stica com pris\u00f5es e B.O.s contra agressores<\/a><\/p>\n<blockquote class=\"wp-block-quote is-layout-flow wp-block-quote-is-layout-flow\">\n<p class=\"wp-block-paragraph\">\u201cQuando uma mulher decide pedir ajuda, ela precisa passar por v\u00e1rios \u00f3rg\u00e3os, repetir sua hist\u00f3ria e enfrentar barreiras que podem faz\u00ea-la desistir ou trazer desconfortos. A nossa proposta \u00e9 garantir acolhimento e dar agilidade aos encaminhamentos, sempre com seguran\u00e7a e respeito\u201d, afirma a secret\u00e1ria de Pol\u00edticas para a Mulher, Adriana Liporoni.<\/p>\n<\/blockquote>\n<h3 class=\"wp-block-heading\">Balan\u00e7o positivo e expans\u00e3o<\/h3>\n<p class=\"wp-block-paragraph\">O munic\u00edpio \u00e9 o segundo a receber a carreta do Circuito, lan\u00e7ada oficialmente no fim de maio, em Franca. At\u00e9 o fim do ano, a unidade dever\u00e1 percorrer mais de 20 cidades paulistas, fortalecendo a presen\u00e7a do Estado nos territ\u00f3rios e ampliando o acesso das mulheres aos servi\u00e7os de prote\u00e7\u00e3o. At\u00e9 o fim do ano, a unidade m\u00f3vel dever\u00e1 percorrer mais de 20 cidades paulistas.<\/p>\n<p class=\"wp-block-paragraph\">\u201cOs primeiros resultados mostram que a presen\u00e7a do Estado no territ\u00f3rio faz diferen\u00e7a. Quando a mulher encontra acolhimento, orienta\u00e7\u00e3o e resposta no mesmo espa\u00e7o, conseguimos agir com mais rapidez e evitar que ela enfrente sozinha um momento de extrema vulnerabilidade\u201d, destaca Adriana Liporoni.<\/p>\n<h3 class=\"wp-block-heading\">Hor\u00e1rio exclusivo para a imprensa<\/h3>\n<p class=\"wp-block-paragraph\">Para garantir o respeito e a privacidade das v\u00edtimas, n\u00e3o s\u00e3o permitidas imagens de atendimentos reais, grava\u00e7\u00f5es do fluxo interno de funcionamento ou entrevistas com as mulheres assistidas. No entanto, foi reservado um hor\u00e1rio exclusivo para a imprensa no dia 8 de junho, das 10h \u00e0s 12h30. Neste per\u00edodo, os jornalistas poder\u00e3o conhecer o equipamento e registrar imagens da estrutura.<\/p>\n<h3 class=\"wp-block-heading\">Servi\u00e7o:<\/h3>\n<p class=\"wp-block-paragraph\"><strong>Circuito Integrado SP Por Todas em Ol\u00edmpia<\/strong><\/p>\n<p class=\"wp-block-paragraph\">Local: Pra\u00e7a Rui Barbosa, 54 \u2013 Centro \u2013 Ol\u00edmpia\/SP<\/p>\n<p class=\"wp-block-paragraph\">Datas e Hor\u00e1rios:<\/p>\n<p class=\"wp-block-paragraph\">8 de junho (segunda-feira):<\/p>\n<ul class=\"wp-block-list\">\n<li>10h \u00e0s 12h30: Visita\u00e7\u00e3o da estrutura e atendimento \u00e0 imprensa<\/li>\n<li>13h \u00e0s 17h: Atendimento ao p\u00fablico<\/li>\n<li>9 a 12 de junho: atendimento ao p\u00fablico, das 9h \u00e0s 17h<\/li>\n<\/ul>\n<h3 class=\"wp-block-heading\">SP Por Todas<\/h3>\n<p class=\"wp-block-paragraph\">S\u00e3o Paulo Por Todas \u00e9 um movimento promovido pelo Governo do Estado de S\u00e3o Paulo para ampliar a visibilidade das pol\u00edticas p\u00fablicas voltadas \u00e0s mulheres, fortalecendo a rede de prote\u00e7\u00e3o, acolhimento e promo\u00e7\u00e3o da autonomia profissional e financeira em todo o estado. Mais informa\u00e7\u00f5es: <a href=\"https:\/\/www.spportodas.sp.gov.br\" data-type=\"link\" data-id=\"www.spportodas.sp.gov.br\" target=\"_blank\" rel=\"noopener\">www.spportodas.sp.gov.br<\/a><\/p>\n<\/p><\/div>\n<p><br \/>\n<br \/><a href=\"https:\/\/www.agenciasp.sp.gov.br\/olimpia-circuito-integrado-sp-por-todas\/\" rel=\"noopener\">Informa\u00e7\u00f5es GOV.SP<\/a><\/p>\n","protected":false},"excerpt":{"rendered":"<p>O Governo do Estado de S\u00e3o Paulo leva o Circuito Integrado de Prote\u00e7\u00e3o \u00e0s Mulheres \u2013 SP Por Todas para Ol\u00edmpia. A carreta de atendimento ficar\u00e1 na cidade entre os dias 8 e 12 de junho. A iniciativa concentra, em uma \u00fanica estrutura, suporte psicossocial, seguran\u00e7a p\u00fablica e orienta\u00e7\u00e3o jur\u00eddica, reunindo esfor\u00e7os da Defensoria P\u00fablica, [&hellip;]<\/p>\n","protected":false},"author":1,"featured_media":68283,"comment_status":"","ping_status":"open","sticky":false,"template":"","format":"standard","meta":{"_jetpack_newsletter_access":"","_jetpack_dont_email_post_to_subs":false,"_jetpack_newsletter_tier_id":0,"_jetpack_memberships_contains_paywalled_content":false,"_mbp_banners":[],"_jetpack_feature_clip_id":0,"_jetpack_memberships_contains_paid_content":false,"footnotes":"","jetpack_publicize_message":"","jetpack_publicize_feature_enabled":true,"jetpack_social_post_already_shared":true,"jetpack_social_options":{"image_generator_settings":{"template":"highway","default_image_id":0,"font":"","enabled":false},"version":2},"jetpack_post_was_ever_published":false},"categories":[21],"tags":[],"class_list":["post-68282","post","type-post","status-publish","format-standard","has-post-thumbnail","category-sp-news"],"jetpack_publicize_connections":[],"jetpack-related-posts":[],"jetpack_shortlink":"https:\/\/wp.me\/p7Eq1F-hLk","jetpack_sharing_enabled":true,"jetpack_featured_media_url":"https:\/\/i0.wp.com\/guialimeira.com.br\/news\/wp-content\/uploads\/2026\/06\/Olimpia-e-o-segundo-municipio-paulista-a-receber-o-Circuito.jpeg?fit=2560%2C1707&ssl=1","_links":{"self":[{"href":"https:\/\/guialimeira.com.br\/news\/wp-json\/wp\/v2\/posts\/68282","targetHints":{"allow":["GET"]}}],"collection":[{"href":"https:\/\/guialimeira.com.br\/news\/wp-json\/wp\/v2\/posts"}],"about":[{"href":"https:\/\/guialimeira.com.br\/news\/wp-json\/wp\/v2\/types\/post"}],"author":[{"embeddable":true,"href":"https:\/\/guialimeira.com.br\/news\/wp-json\/wp\/v2\/users\/1"}],"replies":[{"embeddable":true,"href":"https:\/\/guialimeira.com.br\/news\/wp-json\/wp\/v2\/comments?post=68282"}],"version-history":[{"count":0,"href":"https:\/\/guialimeira.com.br\/news\/wp-json\/wp\/v2\/posts\/68282\/revisions"}],"wp:featuredmedia":[{"embeddable":true,"href":"https:\/\/guialimeira.com.br\/news\/wp-json\/wp\/v2\/media\/68283"}],"wp:attachment":[{"href":"https:\/\/guialimeira.com.br\/news\/wp-json\/wp\/v2\/media?parent=68282"}],"wp:term":[{"taxonomy":"category","embeddable":true,"href":"https:\/\/guialimeira.com.br\/news\/wp-json\/wp\/v2\/categories?post=68282"},{"taxonomy":"post_tag","embeddable":true,"href":"https:\/\/guialimeira.com.br\/news\/wp-json\/wp\/v2\/tags?post=68282"}],"curies":[{"name":"wp","href":"https:\/\/api.w.org\/{rel}","templated":true}]}}