{"id":68279,"date":"2026-06-08T11:05:52","date_gmt":"2026-06-08T14:05:52","guid":{"rendered":"https:\/\/guialimeira.com.br\/marcio-do-estacionamento-confere-aplicacao-de-emenda-enviada-ao-dispensario-santa-isabel\/"},"modified":"2026-06-08T11:05:52","modified_gmt":"2026-06-08T14:05:52","slug":"marcio-do-estacionamento-confere-aplicacao-de-emenda-enviada-ao-dispensario-santa-isabel","status":"publish","type":"post","link":"https:\/\/guialimeira.com.br\/news\/marcio-do-estacionamento-confere-aplicacao-de-emenda-enviada-ao-dispensario-santa-isabel\/","title":{"rendered":"Marcio do Estacionamento confere aplica\u00e7\u00e3o de emenda enviada ao Dispens\u00e1rio Santa Isabel"},"content":{"rendered":"<p>Marcio do Estacionamento confere aplica\u00e7\u00e3o de emenda enviada ao Dispens\u00e1rio Santa Isabel<\/p>\n<p>O vereador M\u00e1rcio do Estacionamento (DC) visitou nesta sexta-feira, 5 de junho, as instala\u00e7\u00f5es do Dispens\u00e1rio Assistencial Santa Isabel (Dasi) para acompanhar a aplica\u00e7\u00e3o da Emenda N\u00ba 346 \u00e0 Lei Ordin\u00e1ria N\u00ba 7223\/2025\u00a0 no valor de R$ 100 mil. O recurso viabilizou a abertura de 60 vagas em cursos de corte e costura e artesanato, destinados a mulheres de baixa renda de Limeira. Fundado em 1996, o Dasi \u00e9 amplamente reconhecido na cidade pelo seu hist\u00f3rico de trabalho volunt\u00e1rio e filantr\u00f3pico.<\/p>\n<p>Segundo o vereador, com o recurso, a institui\u00e7\u00e3o estruturou um projeto que vai al\u00e9m da capacita\u00e7\u00e3o t\u00e9cnica, oferecendo suporte integral \u00e0s participantes. O montante custeia uma equipe multidisciplinar formada por psic\u00f3loga, assistente social, psicopedagoga e terapeuta ocupacional. As aulas acontecem uma vez por semana, com turmas \u00e0s segundas, ter\u00e7as e quartas-feiras, sempre das 8h30 \u00e0s 11h30. O projeto \u00e9 realizado diretamente na sede da entidade, localizada na Rua Ademar Pereira de Barros, 598, no Parque Hip\u00f3lito.<\/p>\n<p>O projeto atua em quatro pilares fundamentais para o desenvolvimento das assistidas: gera\u00e7\u00e3o de renda; aprendizado pr\u00e1tico focado na autonomia financeira, ocupa\u00e7\u00e3o terap\u00eautica; est\u00edmulo \u00e0 mente por meio de atividades manuais, resgate da autoestima; fortalecimento da identidade e valoriza\u00e7\u00e3o pessoal,\u00a0 conviv\u00eancia social; Integra\u00e7\u00e3o e troca de experi\u00eancias em grupo.<\/p>\n<p>&#8220;Ver a alegria e a dedica\u00e7\u00e3o dessas mulheres comprova que investir no terceiro setor transforma vidas&#8221;, destacou o vereador. &#8220;Esses R$ 100 mil n\u00e3o compram apenas insumos, eles financiam uma rede de apoio profissional com psic\u00f3loga e assistentes que devolvem a dignidade e o protagonismo a essas fam\u00edlias de Limeira&#8221;, afirmou M\u00e1rcio do Estacionamento.<\/p>\n<p>Segundo o parlamentar, os cursos seguem em andamento e as interessadas em obter mais informa\u00e7\u00f5es podem entrar em contato com o Dispens\u00e1rio Santa Isabel pelo WhatsApp (19) 99181-9773.<\/p>\n<p>Do Gabinete Parlamentar &#8211; Vereador M\u00e1rcio do Estacionamento (DC)<\/p>\n<p>*Fotos do Gabinete Parlamentar<\/p>\n<p>As mat\u00e9rias de origem dos Gabinetes Parlamentares s\u00e3o de inteira\u00a0 responsabilidade dos parlamentares e de suas assessorias. S\u00e3o devidamente assinadas e n\u00e3o refletem, necessariamente, a opini\u00e3o institucional da C\u00e2mara Municipal de Limeira.<\/p>\n<hr>\n<p><em>Fonte: <a href=\"https:\/\/www.limeira.sp.leg.br\/noticias\/view\/2026-06-08_marcio-do-estacionamento-confere-aplicacao-de-emenda-enviada-ao-dispensario-santa-isabel\" target=\"_blank\" rel=\"noopener\">C\u00e2mara Municipal de Limeira<\/a><\/em><\/p>\n","protected":false},"excerpt":{"rendered":"<p>Marcio do Estacionamento confere aplica\u00e7\u00e3o de emenda enviada ao Dispens\u00e1rio Santa Isabel<\/p>\n<p>O vereador M\u00e1rcio do Estacionamento (DC) visitou nesta sexta-feira, 5 de junho, as instala\u00e7\u00f5es do Dispens\u00e1rio Assistencial Santa Isabel (Dasi) para acompanhar a aplica\u00e7\u00e3o da Emenda N\u00ba 346 \u00e0 Lei Ordin\u00e1ria N\u00ba 722<\/p>\n","protected":false},"author":4,"featured_media":68278,"comment_status":"","ping_status":"open","sticky":false,"template":"","format":"standard","meta":{"_jetpack_newsletter_access":"","_jetpack_dont_email_post_to_subs":false,"_jetpack_newsletter_tier_id":0,"_jetpack_memberships_contains_paywalled_content":false,"_mbp_banners":[],"_jetpack_feature_clip_id":0,"_jetpack_memberships_contains_paid_content":false,"footnotes":"","jetpack_publicize_message":"","jetpack_publicize_feature_enabled":true,"jetpack_social_post_already_shared":true,"jetpack_social_options":{"image_generator_settings":{"template":"highway","default_image_id":0,"font":"","enabled":false},"version":2},"jetpack_post_was_ever_published":false},"categories":[19],"tags":[],"class_list":["post-68279","post","type-post","status-publish","format-standard","has-post-thumbnail","category-politica"],"jetpack_publicize_connections":[],"jetpack-related-posts":[],"jetpack_shortlink":"https:\/\/wp.me\/p7Eq1F-hLh","jetpack_sharing_enabled":true,"jetpack_featured_media_url":"https:\/\/i0.wp.com\/guialimeira.com.br\/news\/wp-content\/uploads\/2026\/06\/noticia-camara-23.jpg?fit=1280%2C640&ssl=1","_links":{"self":[{"href":"https:\/\/guialimeira.com.br\/news\/wp-json\/wp\/v2\/posts\/68279","targetHints":{"allow":["GET"]}}],"collection":[{"href":"https:\/\/guialimeira.com.br\/news\/wp-json\/wp\/v2\/posts"}],"about":[{"href":"https:\/\/guialimeira.com.br\/news\/wp-json\/wp\/v2\/types\/post"}],"author":[{"embeddable":true,"href":"https:\/\/guialimeira.com.br\/news\/wp-json\/wp\/v2\/users\/4"}],"replies":[{"embeddable":true,"href":"https:\/\/guialimeira.com.br\/news\/wp-json\/wp\/v2\/comments?post=68279"}],"version-history":[{"count":0,"href":"https:\/\/guialimeira.com.br\/news\/wp-json\/wp\/v2\/posts\/68279\/revisions"}],"wp:featuredmedia":[{"embeddable":true,"href":"https:\/\/guialimeira.com.br\/news\/wp-json\/wp\/v2\/media\/68278"}],"wp:attachment":[{"href":"https:\/\/guialimeira.com.br\/news\/wp-json\/wp\/v2\/media?parent=68279"}],"wp:term":[{"taxonomy":"category","embeddable":true,"href":"https:\/\/guialimeira.com.br\/news\/wp-json\/wp\/v2\/categories?post=68279"},{"taxonomy":"post_tag","embeddable":true,"href":"https:\/\/guialimeira.com.br\/news\/wp-json\/wp\/v2\/tags?post=68279"}],"curies":[{"name":"wp","href":"https:\/\/api.w.org\/{rel}","templated":true}]}}