{"id":68269,"date":"2026-06-08T09:55:49","date_gmt":"2026-06-08T12:55:49","guid":{"rendered":"https:\/\/guialimeira.com.br\/prefeitura-de-limeira-garante-prioridade-legal-no-atendimento-digital\/"},"modified":"2026-06-08T09:55:49","modified_gmt":"2026-06-08T12:55:49","slug":"prefeitura-de-limeira-garante-prioridade-legal-no-atendimento-digital","status":"publish","type":"post","link":"https:\/\/guialimeira.com.br\/news\/prefeitura-de-limeira-garante-prioridade-legal-no-atendimento-digital\/","title":{"rendered":"Prefeitura de Limeira garante prioridade legal no atendimento digital"},"content":{"rendered":"<p> <br \/>\n<\/p>\n<div>\n                <main class=\"\">&#13;<br \/>\n                    &#13;<br \/>\n&#13;<br \/>\n&#13;<br \/>\n&#13;<br \/>\n&#13;<br \/>\n&#13;<br \/>\n    <img data-recalc-dims=\"1\" decoding=\"async\" src=\"https:\/\/i0.wp.com\/ecrie.com.br\/sistema\/conteudos\/imagem\/m_137_0_1_08062026095437.jpeg?w=696&#038;ssl=1\" alt=\"Prefeitura de Limeira garante prioridade legal no atendimento digital\"\/>&#13;<br \/>\n&#13;<br \/>\n&#13;<\/p>\n<p style=\"text-align: justify;\">A Prefeitura de Limeira aprimorou o sistema de atendimento digital para garantir que cidad\u00e3os com direito a tratamento priorit\u00e1rio sejam prontamente identificados e atendidos tamb\u00e9m pela internet. A novidade est\u00e1 no Limeira Digital, canal oficial de protocolos e solicita\u00e7\u00f5es do munic\u00edpio, que passou a contar com a funcionalidade gest\u00e3o de prioridades legais. Para acessar, basta entrar em <a href=\"https:\/\/ecrie.com.br\/sistema\/digital.limeira.sp.gov.br\" rel=\"noopener\">digital.limeira.sp.gov.br<\/a>.<\/p>\n<p>&#13;<\/p>\n<p style=\"text-align: justify;\">Com a atualiza\u00e7\u00e3o, quem tem direito a atendimento priorit\u00e1rio por for\u00e7a de lei, como idosos acima de 80 anos, pessoas com defici\u00eancia ou doen\u00e7as graves e doadores de sangue, pode informar essa condi\u00e7\u00e3o no momento em que registra uma solicita\u00e7\u00e3o. O sistema organiza automaticamente as demandas com marcadores visuais, garantindo que os servidores respons\u00e1veis pela an\u00e1lise identifiquem e tratem cada caso conforme a legisla\u00e7\u00e3o vigente.<\/p>\n<p>&#13;<\/p>\n<p style=\"text-align: justify;\">&#8220;Esta atualiza\u00e7\u00e3o representa um passo importante para que a tecnologia esteja verdadeiramente a servi\u00e7o das pessoas, especialmente daquelas que mais precisam de aten\u00e7\u00e3o e cuidado&#8221;, afirma o prefeito Murilo F\u00e9lix.<\/p>\n<p>&#13;<\/p>\n<p style=\"text-align: justify;\"><strong>Como funciona na pr\u00e1tica<\/strong><\/p>\n<p>&#13;<\/p>\n<p style=\"text-align: justify;\">Ao abrir um protocolo no Limeira Digital, o cidad\u00e3o pode indicar se possui direito a atendimento priorit\u00e1rio e, se quiser, anexar um documento que comprove sua condi\u00e7\u00e3o. O sistema classifica as solicita\u00e7\u00f5es em quatro categorias: prioridade m\u00e1xima para pessoas com 80 anos ou mais; segunda prioridade para demais situa\u00e7\u00f5es previstas em lei; terceira prioridade para doadores de sangue; e fila comum para os demais casos.<\/p>\n<p>&#13;<\/p>\n<p style=\"text-align: justify;\">Os servidores municipais t\u00eam acesso a essa classifica\u00e7\u00e3o durante a an\u00e1lise dos processos e podem validar, solicitar documenta\u00e7\u00e3o adicional ou, se necess\u00e1rio, rever a prioridade atribu\u00edda. Todas as a\u00e7\u00f5es ficam registradas no hist\u00f3rico do protocolo, assegurando transpar\u00eancia e rastreabilidade em cada etapa do atendimento.<\/p>\n<p>&#13;<\/p>\n<p style=\"text-align: justify;\">&#8220;Quem j\u00e1 tem esse direito no atendimento presencial precisa ter a mesma garantia nos canais digitais. Limeira avan\u00e7a na digitaliza\u00e7\u00e3o sem abrir m\u00e3o do atendimento humanizado e do respeito aos direitos de cada cidad\u00e3o&#8221;, destaca o secret\u00e1rio municipal de Tecnologia e Efici\u00eancia, Roger Willians.<\/p>\n<p>&#13;<br \/>\n&#13;<br \/>\n&#13;<br \/>\n&#13;<\/p>\n<article class=\"conteudo-relacionado no-print\">&#13;<br \/>\n        &#13;<br \/>\n&#13;<br \/>\n        &#13;<br \/>\n    <\/article>\n<p>&#13;<br \/>\n&#13;<br \/>\n                <\/main><\/p><\/div>\n<p><br \/>\n<br \/><a href=\"https:\/\/limeira.sp.gov.br\/prefeitura-de-limeira-garante-prioridade-legal-no-atendimento-digital\" rel=\"noopener\">Informa\u00e7\u00f5es da PML <\/a><\/p>\n","protected":false},"excerpt":{"rendered":"<p>&#13; &#13; &#13; &#13; &#13; &#13; &#13; &#13; &#13; &#13; A Prefeitura de Limeira aprimorou o sistema de atendimento digital para garantir que cidad\u00e3os com direito a tratamento priorit\u00e1rio sejam prontamente identificados e atendidos tamb\u00e9m pela internet. A novidade est\u00e1 no Limeira Digital, canal oficial de protocolos e solicita\u00e7\u00f5es do munic\u00edpio, que passou a contar [&hellip;]<\/p>\n","protected":false},"author":1,"featured_media":68270,"comment_status":"","ping_status":"open","sticky":false,"template":"","format":"standard","meta":{"_jetpack_newsletter_access":"","_jetpack_dont_email_post_to_subs":false,"_jetpack_newsletter_tier_id":0,"_jetpack_memberships_contains_paywalled_content":false,"_mbp_banners":[],"_jetpack_feature_clip_id":0,"_jetpack_memberships_contains_paid_content":false,"footnotes":"","jetpack_publicize_message":"","jetpack_publicize_feature_enabled":true,"jetpack_social_post_already_shared":true,"jetpack_social_options":{"image_generator_settings":{"template":"highway","default_image_id":0,"font":"","enabled":false},"version":2},"jetpack_post_was_ever_published":false},"categories":[16],"tags":[],"class_list":["post-68269","post","type-post","status-publish","format-standard","has-post-thumbnail","category-local"],"jetpack_publicize_connections":[],"jetpack-related-posts":[],"jetpack_shortlink":"https:\/\/wp.me\/p7Eq1F-hL7","jetpack_sharing_enabled":true,"jetpack_featured_media_url":"https:\/\/i0.wp.com\/guialimeira.com.br\/news\/wp-content\/uploads\/2026\/06\/m_137_0_1_08062026095437.jpeg?fit=1024%2C576&ssl=1","_links":{"self":[{"href":"https:\/\/guialimeira.com.br\/news\/wp-json\/wp\/v2\/posts\/68269","targetHints":{"allow":["GET"]}}],"collection":[{"href":"https:\/\/guialimeira.com.br\/news\/wp-json\/wp\/v2\/posts"}],"about":[{"href":"https:\/\/guialimeira.com.br\/news\/wp-json\/wp\/v2\/types\/post"}],"author":[{"embeddable":true,"href":"https:\/\/guialimeira.com.br\/news\/wp-json\/wp\/v2\/users\/1"}],"replies":[{"embeddable":true,"href":"https:\/\/guialimeira.com.br\/news\/wp-json\/wp\/v2\/comments?post=68269"}],"version-history":[{"count":0,"href":"https:\/\/guialimeira.com.br\/news\/wp-json\/wp\/v2\/posts\/68269\/revisions"}],"wp:featuredmedia":[{"embeddable":true,"href":"https:\/\/guialimeira.com.br\/news\/wp-json\/wp\/v2\/media\/68270"}],"wp:attachment":[{"href":"https:\/\/guialimeira.com.br\/news\/wp-json\/wp\/v2\/media?parent=68269"}],"wp:term":[{"taxonomy":"category","embeddable":true,"href":"https:\/\/guialimeira.com.br\/news\/wp-json\/wp\/v2\/categories?post=68269"},{"taxonomy":"post_tag","embeddable":true,"href":"https:\/\/guialimeira.com.br\/news\/wp-json\/wp\/v2\/tags?post=68269"}],"curies":[{"name":"wp","href":"https:\/\/api.w.org\/{rel}","templated":true}]}}