{"id":68265,"date":"2026-06-08T09:30:51","date_gmt":"2026-06-08T12:30:51","guid":{"rendered":"https:\/\/guialimeira.com.br\/limeira-mantem-indice-satisfatorio-de-infestacao-do-aedes-aegypti-aponta-levantamento\/"},"modified":"2026-06-08T09:30:51","modified_gmt":"2026-06-08T12:30:51","slug":"limeira-mantem-indice-satisfatorio-de-infestacao-do-aedes-aegypti-aponta-levantamento","status":"publish","type":"post","link":"https:\/\/guialimeira.com.br\/news\/limeira-mantem-indice-satisfatorio-de-infestacao-do-aedes-aegypti-aponta-levantamento\/","title":{"rendered":"Limeira mant\u00e9m \u00edndice satisfat\u00f3rio de infesta\u00e7\u00e3o do Aedes aegypti, aponta levantamento"},"content":{"rendered":"<p> <br \/>\n<\/p>\n<div id=\"\">&#13;<br \/>\n                    &#13;<br \/>\n&#13;<br \/>\n&#13;<br \/>\n&#13;<br \/>\n&#13;<br \/>\n&#13;<br \/>\n    <img data-recalc-dims=\"1\" decoding=\"async\" src=\"https:\/\/i0.wp.com\/ecrie.com.br\/sistema\/conteudos\/imagem\/m_137_0_1_16032026155956.jpg?w=696&#038;ssl=1\" alt=\"Limeira mant\u00e9m \u00edndice satisfat\u00f3rio de infesta\u00e7\u00e3o do Aedes aegypti, aponta levantamento\"\/>&#13;<br \/>\n&#13;<br \/>\n&#13;<\/p>\n<p>\u00a0<\/p>\n<p>&#13;<\/p>\n<p style=\"text-align: justify;\"><span style=\"color: #000000;\"><span style=\"font-family: Arial, sans-serif;\"><span style=\"font-size: medium;\">Limeira manteve \u00edndice satisfat\u00f3rio de infesta\u00e7\u00e3o do mosquito <\/span><\/span><\/span><em><span style=\"color: #000000;\"><span style=\"font-family: Arial, sans-serif;\"><span style=\"font-size: medium;\">Aedes aegypti<\/span><\/span><\/span><\/em><span style=\"color: #000000;\"><span style=\"font-family: Arial, sans-serif;\"><span style=\"font-size: medium;\">, transmissor da dengue, segundo levantamento realizado pela Divis\u00e3o de Vigil\u00e2ncia de Zoonoses da Secretaria de Sa\u00fade. A Avalia\u00e7\u00e3o de Densidade Larv\u00e1ria (ADL), conduzida em abril, apontou \u00cdndice de Infesta\u00e7\u00e3o Predial de 0,4%, abaixo do limite de 1% preconizado pelo Minist\u00e9rio da Sa\u00fade para classifica\u00e7\u00e3o satisfat\u00f3ria.<\/span><\/span><\/span><\/p>\n<p>&#13;<\/p>\n<p style=\"text-align: justify;\"><span style=\"color: #000000;\"><span style=\"font-family: Arial, sans-serif;\"><span style=\"font-size: medium;\">Ao todo, foram vistoriados 5.024 im\u00f3veis distribu\u00eddos em oito \u00e1reas urbanas do munic\u00edpio. Todas as regi\u00f5es avaliadas permaneceram na faixa considerada satisfat\u00f3ria para o risco de transmiss\u00e3o da dengue.<\/span><\/span><\/span><\/p>\n<p>&#13;<\/p>\n<p style=\"text-align: justify;\"><span style=\"color: #000000;\"><span style=\"font-family: Arial, sans-serif;\"><span style=\"font-size: medium;\">Durante o trabalho, os agentes identificaram 416 recipientes com potencial para acumular \u00e1gua. Destes, 315 continham \u00e1gua no momento da vistoria, o que representa 75,7% dos recipientes encontrados em situa\u00e7\u00e3o de risco. Foram localizados 23 recipientes com larvas de mosquitos, sendo que 19 apresentaram resultado positivo para <\/span><\/span><\/span><em><span style=\"color: #000000;\"><span style=\"font-family: Arial, sans-serif;\"><span style=\"font-size: medium;\">Aedes aegypti<\/span><\/span><\/span><\/em><span style=\"color: #000000;\"><span style=\"font-family: Arial, sans-serif;\"><span style=\"font-size: medium;\">.<\/span><\/span><\/span><\/p>\n<p>&#13;<\/p>\n<p style=\"text-align: justify;\"><span style=\"color: #000000;\"><span style=\"font-family: Arial, sans-serif;\"><span style=\"font-size: medium;\">O levantamento tamb\u00e9m mostrou que 69% dos recipientes encontrados pertenciam ao grupo de materiais m\u00f3veis, como garrafas retorn\u00e1veis, vasos de plantas, pratos de vasos, baldes e outros utens\u00edlios que poderiam ser mantidos secos e em locais cobertos. Outros 18,7% eram recipientes pass\u00edveis de remo\u00e7\u00e3o, como latas, frascos inserv\u00edveis e entulho. Entre os objetos com \u00e1gua mais frequentemente encontrados pelos agentes estavam latas e frascos inserv\u00edveis, garrafas retorn\u00e1veis, pratos de vasos e recipientes reutiliz\u00e1veis.<\/span><\/span><\/span><\/p>\n<p>&#13;<\/p>\n<p style=\"text-align: justify;\"><span style=\"color: #000000;\"><span style=\"font-family: Arial, sans-serif;\"><span style=\"font-size: medium;\"><strong>Casos de dengue<\/strong><\/span><\/span><\/span><\/p>\n<p>&#13;<\/p>\n<p style=\"text-align: justify;\"><span style=\"color: #000000;\"><span style=\"font-family: Arial, sans-serif;\"><span style=\"font-size: medium;\">De janeiro a maio deste ano, Limeira registrou 131 casos confirmados de dengue, n\u00famero muito inferior aos 5.912 casos contabilizados no mesmo per\u00edodo de 2025, o que representa uma redu\u00e7\u00e3o de 97,8%. Outro dado relevante \u00e9 a queda na mortalidade pela doen\u00e7a: enquanto no ano passado o munic\u00edpio contabilizava 10 \u00f3bitos nesse intervalo, em 2026 n\u00e3o h\u00e1 registro de mortes por dengue at\u00e9 o momento.<\/span><\/span><\/span><\/p>\n<p>&#13;<\/p>\n<p style=\"text-align: justify;\"><span style=\"color: #000000;\"><span style=\"font-family: Arial, sans-serif;\"><span style=\"font-size: medium;\">Apesar dos indicadores positivos, a Secretaria de Sa\u00fade ressalta que a manuten\u00e7\u00e3o desse cen\u00e1rio depende do engajamento permanente da popula\u00e7\u00e3o. A orienta\u00e7\u00e3o \u00e9 que moradores realizem vistorias semanais em im\u00f3veis residenciais e comerciais, eliminem poss\u00edveis criadouros do mosquito Aedes aegypti, descartem corretamente materiais sem utilidade e mantenham cobertos ou protegidos recipientes que possam acumular \u00e1gua.<\/span><\/span><\/span><\/p>\n<p>&#13;<\/p>\n<p style=\"text-align: justify;\"><span style=\"color: #000000;\"><span style=\"font-family: Arial, sans-serif;\"><span style=\"font-size: medium;\"><strong>Vacina<\/strong><\/span><\/span><\/span><\/p>\n<p>&#13;<\/p>\n<p style=\"text-align: justify;\"><span style=\"color: #000000;\"><span style=\"font-family: Arial, sans-serif;\"><span style=\"font-size: medium;\">A Secretaria de Sa\u00fade disponibiliza atualmente duas vacinas contra a dengue. A primeira \u00e9 a vacina produzida pelo Instituto Butantan, destinada a profissionais de sa\u00fade com at\u00e9 59 anos e \u00e0 popula\u00e7\u00e3o em geral de 59 anos de idade. O imunizante \u00e9 aplicado em dose \u00fanica nas Unidades B\u00e1sicas de Sa\u00fade (UBSs) Morro Azul, Planalto, Dores 2, Nova Europa e Vista Alegre, al\u00e9m de estar dispon\u00edvel durante os plant\u00f5es e a\u00e7\u00f5es itinerantes de vacina\u00e7\u00e3o.<\/span><\/span><\/span><\/p>\n<p>&#13;<\/p>\n<p style=\"text-align: justify;\"><span style=\"color: #000000;\"><span style=\"font-family: Arial, sans-serif;\"><span style=\"font-size: medium;\">Para crian\u00e7as e adolescentes de 10 a 14 anos, a rede municipal oferece a vacina Qdenga, desenvolvida no Jap\u00e3o. Nesse caso, o esquema vacinal \u00e9 composto por duas doses. O imunizante est\u00e1 dispon\u00edvel nas UBSs Ab\u00edlio Pedro, Aeroporto, Campo Belo, Cecap, Dores 1, Graminha, Pq. Hip\u00f3lito, Novo Horizonte e Nova Su\u00ed\u00e7a, bem como nos plant\u00f5es e nas iniciativas itinerantes. Menores de idade devem estar acompanhados pelos pais ou respons\u00e1veis no momento da vacina\u00e7\u00e3o.<\/span><\/span><\/span><\/p>\n<p>&#13;<\/p>\n<p style=\"text-align: justify;\"><span style=\"color: #000000;\"><span style=\"font-family: Arial, sans-serif;\"><span style=\"font-size: medium;\">Em ambas as situa\u00e7\u00f5es, \u00e9 necess\u00e1rio apresentar documento oficial com foto, Cart\u00e3o de Vacina\u00e7\u00e3o e Cart\u00e3o SUS.<\/span><\/span><\/span><\/p>\n<p>&#13;<br \/>\n&#13;<\/p>\n<p style=\"text-align: justify;\">\u00a0<\/p>\n<p>&#13;<br \/>\n&#13;<br \/>\n&#13;<br \/>\n&#13;<\/p>\n<article class=\"conteudo-relacionado no-print\">&#13;<br \/>\n        &#13;<br \/>\n&#13;<br \/>\n        &#13;<br \/>\n    <\/article>\n<p>&#13;<br \/>\n&#13;\n                <\/p><\/div>\n<p><br \/>\n<br \/><a href=\"https:\/\/limeira.sp.gov.br\/limeira-mantem-indice-satisfatorio-de-infestacao-do-aedes-aegypti-aponta-levantamento\" rel=\"noopener\">Informa\u00e7\u00f5es da PML <\/a><\/p>\n","protected":false},"excerpt":{"rendered":"<p>&#13; &#13; &#13; &#13; &#13; &#13; &#13; &#13; &#13; &#13; \u00a0 &#13; Limeira manteve \u00edndice satisfat\u00f3rio de infesta\u00e7\u00e3o do mosquito Aedes aegypti, transmissor da dengue, segundo levantamento realizado pela Divis\u00e3o de Vigil\u00e2ncia de Zoonoses da Secretaria de Sa\u00fade. A Avalia\u00e7\u00e3o de Densidade Larv\u00e1ria (ADL), conduzida em abril, apontou \u00cdndice de Infesta\u00e7\u00e3o Predial de 0,4%, abaixo [&hellip;]<\/p>\n","protected":false},"author":1,"featured_media":58549,"comment_status":"","ping_status":"open","sticky":false,"template":"","format":"standard","meta":{"_jetpack_newsletter_access":"","_jetpack_dont_email_post_to_subs":false,"_jetpack_newsletter_tier_id":0,"_jetpack_memberships_contains_paywalled_content":false,"_mbp_banners":[],"_jetpack_feature_clip_id":0,"_jetpack_memberships_contains_paid_content":false,"footnotes":"","jetpack_publicize_message":"","jetpack_publicize_feature_enabled":true,"jetpack_social_post_already_shared":true,"jetpack_social_options":{"image_generator_settings":{"template":"highway","default_image_id":0,"font":"","enabled":false},"version":2},"jetpack_post_was_ever_published":false},"categories":[16],"tags":[],"class_list":["post-68265","post","type-post","status-publish","format-standard","has-post-thumbnail","category-local"],"jetpack_publicize_connections":[],"jetpack-related-posts":[],"jetpack_shortlink":"https:\/\/wp.me\/p7Eq1F-hL3","jetpack_sharing_enabled":true,"jetpack_featured_media_url":"https:\/\/i0.wp.com\/guialimeira.com.br\/news\/wp-content\/uploads\/2026\/03\/m_137_0_1_16032026155956.jpg?fit=1024%2C681&ssl=1","_links":{"self":[{"href":"https:\/\/guialimeira.com.br\/news\/wp-json\/wp\/v2\/posts\/68265","targetHints":{"allow":["GET"]}}],"collection":[{"href":"https:\/\/guialimeira.com.br\/news\/wp-json\/wp\/v2\/posts"}],"about":[{"href":"https:\/\/guialimeira.com.br\/news\/wp-json\/wp\/v2\/types\/post"}],"author":[{"embeddable":true,"href":"https:\/\/guialimeira.com.br\/news\/wp-json\/wp\/v2\/users\/1"}],"replies":[{"embeddable":true,"href":"https:\/\/guialimeira.com.br\/news\/wp-json\/wp\/v2\/comments?post=68265"}],"version-history":[{"count":0,"href":"https:\/\/guialimeira.com.br\/news\/wp-json\/wp\/v2\/posts\/68265\/revisions"}],"wp:featuredmedia":[{"embeddable":true,"href":"https:\/\/guialimeira.com.br\/news\/wp-json\/wp\/v2\/media\/58549"}],"wp:attachment":[{"href":"https:\/\/guialimeira.com.br\/news\/wp-json\/wp\/v2\/media?parent=68265"}],"wp:term":[{"taxonomy":"category","embeddable":true,"href":"https:\/\/guialimeira.com.br\/news\/wp-json\/wp\/v2\/categories?post=68265"},{"taxonomy":"post_tag","embeddable":true,"href":"https:\/\/guialimeira.com.br\/news\/wp-json\/wp\/v2\/tags?post=68265"}],"curies":[{"name":"wp","href":"https:\/\/api.w.org\/{rel}","templated":true}]}}