{"id":68203,"date":"2026-06-07T15:37:24","date_gmt":"2026-06-07T18:37:24","guid":{"rendered":"https:\/\/guialimeira.com.br\/?p=68203"},"modified":"2026-06-07T15:37:24","modified_gmt":"2026-06-07T18:37:24","slug":"cordeiropolis-run-agita-domingo-7-nas-comemoracoes-de-78-anos-prefeitura-municipal-de-cordeiropolis","status":"publish","type":"post","link":"https:\/\/guialimeira.com.br\/news\/cordeiropolis-run-agita-domingo-7-nas-comemoracoes-de-78-anos-prefeitura-municipal-de-cordeiropolis\/","title":{"rendered":"Cordeir\u00f3polis RUN agita domingo (7) nas comemora\u00e7\u00f5es de 78 anos \u2013 Prefeitura Municipal de Cordeir\u00f3polis"},"content":{"rendered":"<p> <br \/>\n<\/p>\n<div>\n<p>A Prefeitura de Cordeir\u00f3polis, por meio da Secretaria de Esporte e Lazer, promoveu neste domingo (7) a Cordeir\u00f3polis RUN. O evento teve corrida de 5 e 10 quil\u00f4metros e caminhada de 5 quil\u00f4metros e faz parte das comemora\u00e7\u00f5es de 78 anos do munic\u00edpio. Mais de 300 pessoas participaram da iniciativa, que teve a sa\u00edda do Gin\u00e1sio de Esportes \u201cGovernador Orestes Qu\u00e9rcia\u201d, no Centro.<\/p>\n<p>Durante a corrida, a prefeita Cristina Saad e a secret\u00e1ria Layla Penas anunciaram a cria\u00e7\u00e3o dos trof\u00e9us \u201cC\u00e9lia Marsola\u201d e \u201cAldo Magrin\u201d, para atletas de Cordeir\u00f3polis. \u201cEstamos retomando a realiza\u00e7\u00e3o de corridas de rua em grande estilo. Homenagear esses dois gigantes do nosso esporte \u00e9 reconhec\u00ea-los por serem, h\u00e1 anos, inspira\u00e7\u00e3o para jovens atletas\u201d, afirmou a prefeita.<\/p>\n<p>Al\u00e9m da premia\u00e7\u00e3o geral das categorias masculino e feminino, de cada prova, foram entregues trof\u00e9us para os melhores lugares de cada categoria por idade. Todos os participantes foram premiados com medalhas. A iniciativa \u00e9 promovida pela prefeitura, em parceria com a Mix Sport, TicketBR, Horta na Hora, Jemaq, Supermercado RM, Star Prote\u00e7\u00e3o Veicular, Sicredi e Ver Aposentadoria.<\/p>\n<p>Estiveram presentes no evento os vereadores Paulo C\u00e9sar Morais, Valmir Sanches, Vilson Caleffi e C\u00edcero Saraiva, al\u00e9m de secret\u00e1rios e servidores municipais.<\/p>\n<figure class=\"wp-block-gallery has-nested-images columns-default is-cropped wp-block-gallery-1 is-layout-flex wp-block-gallery-is-layout-flex\">\n<figure class=\"wp-block-image size-large\"><\/figure>\n<figure class=\"wp-block-image size-large\"><img data-recalc-dims=\"1\" decoding=\"async\" loading=\"lazy\" width=\"696\" height=\"392\" data-id=\"32816\" src=\"https:\/\/i0.wp.com\/guialimeira.com.br\/wp-content\/uploads\/2026\/06\/1780857443_169_Cordeiropolis-RUN-agita-domingo-7-nas-comemoracoes-de-78-anos.jpeg?resize=696%2C392&#038;ssl=1\" alt=\"\" class=\"wp-image-32816\" \/><\/figure>\n<figure class=\"wp-block-image size-large\"><img data-recalc-dims=\"1\" decoding=\"async\" data-attachment-id=\"32815\" data-permalink=\"https:\/\/guialimeira.com.br\/news\/maes-solo-enfrentam-barreiras-na-garantia-de-direitos-aos-filhos\/captura_de_tela_2025-05-09_as_20-01-46_0-jpg\/\" data-orig-file=\"https:\/\/i0.wp.com\/guialimeira.com.br\/news\/wp-content\/uploads\/2025\/05\/captura_de_tela_2025-05-09_as_20.01.46_0.jpg?fit=1600%2C800&amp;ssl=1\" data-orig-size=\"1600,800\" data-comments-opened=\"1\" data-image-meta=\"{&quot;aperture&quot;:&quot;0&quot;,&quot;credit&quot;:&quot;&quot;,&quot;camera&quot;:&quot;&quot;,&quot;caption&quot;:&quot;&quot;,&quot;created_timestamp&quot;:&quot;0&quot;,&quot;copyright&quot;:&quot;&quot;,&quot;focal_length&quot;:&quot;0&quot;,&quot;iso&quot;:&quot;0&quot;,&quot;shutter_speed&quot;:&quot;0&quot;,&quot;title&quot;:&quot;&quot;,&quot;orientation&quot;:&quot;0&quot;}\" data-image-title=\"captura_de_tela_2025-05-09_as_20.01.46_0.jpg\" data-image-description=\"\" data-image-caption=\"\" data-large-file=\"https:\/\/i0.wp.com\/guialimeira.com.br\/news\/wp-content\/uploads\/2025\/05\/captura_de_tela_2025-05-09_as_20.01.46_0.jpg?fit=696%2C348&amp;ssl=1\" loading=\"lazy\" width=\"696\" height=\"392\" data-id=\"32815\" src=\"https:\/\/i0.wp.com\/guialimeira.com.br\/wp-content\/uploads\/2026\/06\/1780857443_365_Cordeiropolis-RUN-agita-domingo-7-nas-comemoracoes-de-78-anos.jpeg?resize=696%2C392&#038;ssl=1\" alt=\"\" class=\"wp-image-32815\" \/><\/figure>\n<figure class=\"wp-block-image size-large\"><img data-recalc-dims=\"1\" decoding=\"async\" loading=\"lazy\" width=\"696\" height=\"392\" data-id=\"32814\" src=\"https:\/\/i0.wp.com\/guialimeira.com.br\/wp-content\/uploads\/2026\/06\/1780857443_354_Cordeiropolis-RUN-agita-domingo-7-nas-comemoracoes-de-78-anos.jpeg?resize=696%2C392&#038;ssl=1\" alt=\"\" class=\"wp-image-32814\" \/><\/figure>\n<figure class=\"wp-block-image size-large\"><img data-recalc-dims=\"1\" decoding=\"async\" data-attachment-id=\"32813\" data-permalink=\"https:\/\/guialimeira.com.br\/news\/hoje-e-dia-lei-aurea-e-centenario-de-rubem-fonseca-sao-destaques\/escravidao_no_brasil-jpg\/\" data-orig-file=\"https:\/\/i0.wp.com\/guialimeira.com.br\/news\/wp-content\/uploads\/2025\/05\/escravidao_no_brasil.jpg?fit=1600%2C800&amp;ssl=1\" data-orig-size=\"1600,800\" data-comments-opened=\"1\" data-image-meta=\"{&quot;aperture&quot;:&quot;0&quot;,&quot;credit&quot;:&quot;&quot;,&quot;camera&quot;:&quot;&quot;,&quot;caption&quot;:&quot;&quot;,&quot;created_timestamp&quot;:&quot;0&quot;,&quot;copyright&quot;:&quot;&quot;,&quot;focal_length&quot;:&quot;0&quot;,&quot;iso&quot;:&quot;0&quot;,&quot;shutter_speed&quot;:&quot;0&quot;,&quot;title&quot;:&quot;&quot;,&quot;orientation&quot;:&quot;0&quot;}\" data-image-title=\"escravidao_no_brasil.jpg\" data-image-description=\"\" data-image-caption=\"\" data-large-file=\"https:\/\/i0.wp.com\/guialimeira.com.br\/news\/wp-content\/uploads\/2025\/05\/escravidao_no_brasil.jpg?fit=696%2C348&amp;ssl=1\" loading=\"lazy\" width=\"696\" height=\"392\" data-id=\"32813\" src=\"https:\/\/i0.wp.com\/guialimeira.com.br\/wp-content\/uploads\/2026\/06\/1780857443_333_Cordeiropolis-RUN-agita-domingo-7-nas-comemoracoes-de-78-anos.jpeg?resize=696%2C392&#038;ssl=1\" alt=\"\" class=\"wp-image-32813\" \/><\/figure>\n<figure class=\"wp-block-image size-large\"><img data-recalc-dims=\"1\" decoding=\"async\" loading=\"lazy\" width=\"696\" height=\"392\" data-id=\"32812\" src=\"https:\/\/i0.wp.com\/guialimeira.com.br\/wp-content\/uploads\/2026\/06\/1780857443_947_Cordeiropolis-RUN-agita-domingo-7-nas-comemoracoes-de-78-anos.jpeg?resize=696%2C392&#038;ssl=1\" alt=\"\" class=\"wp-image-32812\" \/><\/figure>\n<figure class=\"wp-block-image size-large\"><img data-recalc-dims=\"1\" decoding=\"async\" loading=\"lazy\" width=\"696\" height=\"392\" data-id=\"32811\" src=\"https:\/\/i0.wp.com\/guialimeira.com.br\/wp-content\/uploads\/2026\/06\/1780857443_763_Cordeiropolis-RUN-agita-domingo-7-nas-comemoracoes-de-78-anos.jpeg?resize=696%2C392&#038;ssl=1\" alt=\"\" class=\"wp-image-32811\" \/><\/figure>\n<figure class=\"wp-block-image size-large\"><img data-recalc-dims=\"1\" decoding=\"async\" data-attachment-id=\"32810\" data-permalink=\"https:\/\/guialimeira.com.br\/news\/flamengo-vence-com-gol-de-arrascaeta-e-lidera-o-brasileiro\/54509699437_e82fe75266_o-jpg\/\" data-orig-file=\"https:\/\/i0.wp.com\/guialimeira.com.br\/news\/wp-content\/uploads\/2025\/05\/54509699437_e82fe75266_o.jpg?fit=1600%2C800&amp;ssl=1\" data-orig-size=\"1600,800\" data-comments-opened=\"1\" data-image-meta=\"{&quot;aperture&quot;:&quot;0&quot;,&quot;credit&quot;:&quot;&quot;,&quot;camera&quot;:&quot;&quot;,&quot;caption&quot;:&quot;&quot;,&quot;created_timestamp&quot;:&quot;0&quot;,&quot;copyright&quot;:&quot;&quot;,&quot;focal_length&quot;:&quot;0&quot;,&quot;iso&quot;:&quot;0&quot;,&quot;shutter_speed&quot;:&quot;0&quot;,&quot;title&quot;:&quot;&quot;,&quot;orientation&quot;:&quot;0&quot;}\" data-image-title=\"54509699437_e82fe75266_o.jpg\" data-image-description=\"\" data-image-caption=\"\" data-large-file=\"https:\/\/i0.wp.com\/guialimeira.com.br\/news\/wp-content\/uploads\/2025\/05\/54509699437_e82fe75266_o.jpg?fit=696%2C348&amp;ssl=1\" loading=\"lazy\" width=\"696\" height=\"392\" data-id=\"32810\" src=\"https:\/\/i0.wp.com\/guialimeira.com.br\/wp-content\/uploads\/2026\/06\/1780857443_671_Cordeiropolis-RUN-agita-domingo-7-nas-comemoracoes-de-78-anos.jpeg?resize=696%2C392&#038;ssl=1\" alt=\"\" class=\"wp-image-32810\" \/><\/figure>\n<figure class=\"wp-block-image size-large\"><img data-recalc-dims=\"1\" decoding=\"async\" loading=\"lazy\" width=\"696\" height=\"392\" data-id=\"32809\" src=\"https:\/\/i0.wp.com\/guialimeira.com.br\/wp-content\/uploads\/2026\/06\/1780857443_66_Cordeiropolis-RUN-agita-domingo-7-nas-comemoracoes-de-78-anos.jpeg?resize=696%2C392&#038;ssl=1\" alt=\"\" class=\"wp-image-32809\" \/><\/figure>\n<figure class=\"wp-block-image size-large\"><img data-recalc-dims=\"1\" decoding=\"async\" data-attachment-id=\"32808\" data-permalink=\"https:\/\/guialimeira.com.br\/news\/flamengo-goleia-real-brasilia-por-4-a-0-no-brasileirao-feminino\/54510399564_993fb437b5_o-jpg\/\" data-orig-file=\"https:\/\/i0.wp.com\/guialimeira.com.br\/news\/wp-content\/uploads\/2025\/05\/54510399564_993fb437b5_o.jpg?fit=1600%2C800&amp;ssl=1\" data-orig-size=\"1600,800\" data-comments-opened=\"1\" data-image-meta=\"{&quot;aperture&quot;:&quot;0&quot;,&quot;credit&quot;:&quot;&quot;,&quot;camera&quot;:&quot;&quot;,&quot;caption&quot;:&quot;&quot;,&quot;created_timestamp&quot;:&quot;0&quot;,&quot;copyright&quot;:&quot;&quot;,&quot;focal_length&quot;:&quot;0&quot;,&quot;iso&quot;:&quot;0&quot;,&quot;shutter_speed&quot;:&quot;0&quot;,&quot;title&quot;:&quot;&quot;,&quot;orientation&quot;:&quot;0&quot;}\" data-image-title=\"54510399564_993fb437b5_o.jpg\" data-image-description=\"\" data-image-caption=\"\" data-large-file=\"https:\/\/i0.wp.com\/guialimeira.com.br\/news\/wp-content\/uploads\/2025\/05\/54510399564_993fb437b5_o.jpg?fit=696%2C348&amp;ssl=1\" loading=\"lazy\" width=\"696\" height=\"392\" data-id=\"32808\" src=\"https:\/\/i0.wp.com\/guialimeira.com.br\/wp-content\/uploads\/2026\/06\/1780857443_491_Cordeiropolis-RUN-agita-domingo-7-nas-comemoracoes-de-78-anos.jpeg?resize=696%2C392&#038;ssl=1\" alt=\"\" class=\"wp-image-32808\" \/><\/figure>\n<figure class=\"wp-block-image size-large\"><img data-recalc-dims=\"1\" decoding=\"async\" loading=\"lazy\" width=\"696\" height=\"392\" data-id=\"32807\" src=\"https:\/\/i0.wp.com\/guialimeira.com.br\/wp-content\/uploads\/2026\/06\/1780857443_312_Cordeiropolis-RUN-agita-domingo-7-nas-comemoracoes-de-78-anos.jpeg?resize=696%2C392&#038;ssl=1\" alt=\"\" class=\"wp-image-32807\" \/><\/figure>\n<\/figure><\/div>\n<p><br \/>\n<br \/><a href=\"https:\/\/cordeiropolis.sp.gov.br\/cordeiropolis-run-agita-domingo-7-nas-comemoracoes-de-78-anos\/\" rel=\"noopener\">Informa\u00e7\u00f5es Cordeir\u00f3polis <\/a><\/p>\n","protected":false},"excerpt":{"rendered":"<p>A Prefeitura de Cordeir\u00f3polis, por meio da Secretaria de Esporte e Lazer, promoveu neste domingo (7) a Cordeir\u00f3polis RUN. O evento teve corrida de 5 e 10 quil\u00f4metros e caminhada de 5 quil\u00f4metros e faz parte das comemora\u00e7\u00f5es de 78 anos do munic\u00edpio. Mais de 300 pessoas participaram da iniciativa, que teve a sa\u00edda do [&hellip;]<\/p>\n","protected":false},"author":1,"featured_media":68204,"comment_status":"closed","ping_status":"open","sticky":false,"template":"","format":"standard","meta":{"_jetpack_newsletter_access":"","_jetpack_dont_email_post_to_subs":false,"_jetpack_newsletter_tier_id":0,"_jetpack_memberships_contains_paywalled_content":false,"_mbp_banners":[],"_jetpack_feature_clip_id":0,"_jetpack_memberships_contains_paid_content":false,"footnotes":"","jetpack_publicize_message":"","jetpack_publicize_feature_enabled":true,"jetpack_social_post_already_shared":true,"jetpack_social_options":{"image_generator_settings":{"template":"highway","default_image_id":0,"font":"","enabled":false},"version":2},"jetpack_post_was_ever_published":false},"categories":[20],"tags":[],"class_list":["post-68203","post","type-post","status-publish","format-standard","has-post-thumbnail","category-regiao"],"jetpack_publicize_connections":[],"jetpack-related-posts":[],"jetpack_shortlink":"https:\/\/wp.me\/p7Eq1F-hK3","jetpack_sharing_enabled":true,"jetpack_featured_media_url":"https:\/\/i0.wp.com\/guialimeira.com.br\/news\/wp-content\/uploads\/2026\/06\/Cordeiropolis-RUN-agita-domingo-7-nas-comemoracoes-de-78-anos.jpeg?fit=1024%2C576&ssl=1","_links":{"self":[{"href":"https:\/\/guialimeira.com.br\/news\/wp-json\/wp\/v2\/posts\/68203","targetHints":{"allow":["GET"]}}],"collection":[{"href":"https:\/\/guialimeira.com.br\/news\/wp-json\/wp\/v2\/posts"}],"about":[{"href":"https:\/\/guialimeira.com.br\/news\/wp-json\/wp\/v2\/types\/post"}],"author":[{"embeddable":true,"href":"https:\/\/guialimeira.com.br\/news\/wp-json\/wp\/v2\/users\/1"}],"replies":[{"embeddable":true,"href":"https:\/\/guialimeira.com.br\/news\/wp-json\/wp\/v2\/comments?post=68203"}],"version-history":[{"count":1,"href":"https:\/\/guialimeira.com.br\/news\/wp-json\/wp\/v2\/posts\/68203\/revisions"}],"predecessor-version":[{"id":68205,"href":"https:\/\/guialimeira.com.br\/news\/wp-json\/wp\/v2\/posts\/68203\/revisions\/68205"}],"wp:featuredmedia":[{"embeddable":true,"href":"https:\/\/guialimeira.com.br\/news\/wp-json\/wp\/v2\/media\/68204"}],"wp:attachment":[{"href":"https:\/\/guialimeira.com.br\/news\/wp-json\/wp\/v2\/media?parent=68203"}],"wp:term":[{"taxonomy":"category","embeddable":true,"href":"https:\/\/guialimeira.com.br\/news\/wp-json\/wp\/v2\/categories?post=68203"},{"taxonomy":"post_tag","embeddable":true,"href":"https:\/\/guialimeira.com.br\/news\/wp-json\/wp\/v2\/tags?post=68203"}],"curies":[{"name":"wp","href":"https:\/\/api.w.org\/{rel}","templated":true}]}}