{"id":68192,"date":"2026-06-07T13:54:06","date_gmt":"2026-06-07T16:54:06","guid":{"rendered":"https:\/\/guialimeira.com.br\/nova-ferramenta-permite-que-produtor-rural-de-sp-possa-mapear-danos-em-vegetacao-nativa-decorrentes-de-interferencias-ambientais\/"},"modified":"2026-06-07T13:54:06","modified_gmt":"2026-06-07T16:54:06","slug":"nova-ferramenta-permite-que-produtor-rural-de-sp-possa-mapear-danos-em-vegetacao-nativa-decorrentes-de-interferencias-ambientais","status":"publish","type":"post","link":"https:\/\/guialimeira.com.br\/news\/nova-ferramenta-permite-que-produtor-rural-de-sp-possa-mapear-danos-em-vegetacao-nativa-decorrentes-de-interferencias-ambientais\/","title":{"rendered":"Nova ferramenta permite que produtor rural de SP possa mapear danos em vegeta\u00e7\u00e3o nativa decorrentes de interfer\u00eancias ambientais"},"content":{"rendered":"<p> <br \/>\n<br \/><img data-recalc-dims=\"1\" decoding=\"async\" src=\"https:\/\/i0.wp.com\/www.agenciasp.sp.gov.br\/wp-content\/uploads\/2024\/09\/Captura-de-Tela-2024-09-04-as-14.09.57.png?w=696&#038;ssl=1\" \/><\/p>\n<div data-id=\"753696f\" data-element_type=\"widget\" data-e-type=\"widget\" data-widget_type=\"text-editor.default\">\n<p>\n\t\t\t\t\t\t\t\t\tEm meados de 2024, o estado de S\u00e3o Paulo sofreu um grande aumento no n\u00famero de inc\u00eandios n\u00e3o volunt\u00e1rios em \u00e1reas rurais, que se alastraram pelas \u00e1reas produtivas e de vegeta\u00e7\u00e3o nativa\t\t\t\t\t\t\t\t<\/p>\n<\/p><\/div>\n<div data-id=\"5a922b4\" data-element_type=\"widget\" data-e-type=\"widget\" data-widget_type=\"theme-post-content.default\">\n<div class=\"elementor-widget-container\">\n<p class=\"wp-block-paragraph\">A Secretaria de Agricultura e Abastecimento do Estado de S\u00e3o Paulo lan\u00e7ou uma nova ferramenta dentro do sistema do CAR Online (Cadastro Ambiental Rural): a camada tem\u00e1tica chamada \u201cFatores de Perturba\u00e7\u00e3o\u201d. Essa novidade muda a forma como as \u00e1reas de vegeta\u00e7\u00e3o nativa que sofreram algum dano s\u00e3o declaradas e analisadas pelo Estado, alinhando as imagens de sat\u00e9lite com a realidade do campo.<\/p>\n<p class=\"wp-block-paragraph\">Na pr\u00e1tica, esses fatores s\u00e3o incidentes que danificaram a vegeta\u00e7\u00e3o nativa da propriedade ap\u00f3s 22 de julho de 2008, mas que ainda precisam ser regularizadas. Essa nova camada \u00e9 aplicada exclusivamente em cima das \u00e1reas de vegeta\u00e7\u00e3o nativa registradas (como \u00c1rea de Preserva\u00e7\u00e3o Permanente, Reserva Legal ou \u00c1reas de Uso Restrito) e possui travas de seguran\u00e7a. O sistema impede que a marca\u00e7\u00e3o invada rios (hidrografia), \u00e1reas de infraestrutura ou outras coberturas do solo j\u00e1 existentes no banco de dados.<\/p>\n<p class=\"wp-block-paragraph\">Os principais problemas que agora podem ser sinalizados diretamente no sistema s\u00e3o:<\/p>\n<ul class=\"wp-block-list\">\n<li>Inc\u00eandios;<\/li>\n<li>Ocorr\u00eancia de gado e outros animais herb\u00edvoros;<\/li>\n<li>Ocorr\u00eancia de formigas cortadeiras;<\/li>\n<li>Ocorr\u00eancia de esp\u00e9cies ex\u00f3ticas com potencial de invas\u00e3o;<\/li>\n<li>Intemp\u00e9ries clim\u00e1ticas;<\/li>\n<li>Toxidez por res\u00edduos e deriva de agrot\u00f3xicos;<\/li>\n<li>Outros fatores de perturba\u00e7\u00e3o ambiental.<\/li>\n<\/ul>\n<p class=\"wp-block-paragraph\">Em meados de 2024, por exemplo, o estado de S\u00e3o Paulo sofreu um grande aumento no n\u00famero de inc\u00eandios n\u00e3o volunt\u00e1rios em \u00e1reas rurais, que se alastraram pelas \u00e1reas produtivas e de vegeta\u00e7\u00e3o nativa, situa\u00e7\u00e3o agravada pelas condi\u00e7\u00f5es clim\u00e1ticas daquele momento. Everton Aparecido da Silva Ferreira, chefe da Divis\u00e3o de Adequa\u00e7\u00e3o Ambiental da Coordenadoria de Regulariza\u00e7\u00e3o Ambiental Rural, explica que isso gerou uma grande preocupa\u00e7\u00e3o por parte dos propriet\u00e1rios rurais, inclusive quanto aos desdobramentos de uma poss\u00edvel fiscaliza\u00e7\u00e3o ambiental dessas \u00e1reas.<\/p>\n<p class=\"wp-block-paragraph\">\u201cA implementa\u00e7\u00e3o da camada fatores de perturba\u00e7\u00e3o, no CAR, vai ao encontro de demandas como essa, ao possibilitar que a vegeta\u00e7\u00e3o nativa que tenha sofrido inc\u00eandio n\u00e3o volunt\u00e1rio, por exemplo, seja vetorizada a \u00e1rea que foi danificada e o produtor rural possa junto ao sistema elaborar o respectivo projeto de recomposi\u00e7\u00e3o nos prazos e condi\u00e7\u00f5es do Programa de Regulariza\u00e7\u00e3o Ambiental, e posterior assinatura de Termo de Compromisso\u201d, completou Everton.<\/p>\n<p class=\"wp-block-paragraph\">Esse registro preciso de acidentes e imprevistos evita mal-entendidos burocr\u00e1ticos, traz total transpar\u00eancia para o processo da repara\u00e7\u00e3o do dano ambiental e garante seguran\u00e7a jur\u00eddica para quem produz. Al\u00e9m disso, a ferramenta d\u00e1 muito mais precis\u00e3o para os produtores rurais afetados, elaborarem seus projetos de recupera\u00e7\u00e3o ambiental sob medida para cada propriedade e entrega ao Estado um banco de dados poderoso para monitorar a real capacidade de regenera\u00e7\u00e3o da vegeta\u00e7\u00e3o paulista que foi afetada.<\/p>\n<\/p><\/div>\n<\/p><\/div>\n<p><br \/>\n<br \/><a href=\"https:\/\/www.agenciasp.sp.gov.br\/nova-ferramenta-permite-que-produtor-rural-de-sp-possa-mapear-danos-em-vegetacao-nativa-decorrentes-de-interferencias-ambientais\/\" rel=\"noopener\">Informa\u00e7\u00f5es GOV.SP<\/a><\/p>\n","protected":false},"excerpt":{"rendered":"<p>Em meados de 2024, o estado de S\u00e3o Paulo sofreu um grande aumento no n\u00famero de inc\u00eandios n\u00e3o volunt\u00e1rios em \u00e1reas rurais, que se alastraram pelas \u00e1reas produtivas e de vegeta\u00e7\u00e3o nativa A Secretaria de Agricultura e Abastecimento do Estado de S\u00e3o Paulo lan\u00e7ou uma nova ferramenta dentro do sistema do CAR Online (Cadastro Ambiental [&hellip;]<\/p>\n","protected":false},"author":1,"featured_media":68193,"comment_status":"","ping_status":"open","sticky":false,"template":"","format":"standard","meta":{"_jetpack_newsletter_access":"","_jetpack_dont_email_post_to_subs":false,"_jetpack_newsletter_tier_id":0,"_jetpack_memberships_contains_paywalled_content":false,"_mbp_banners":[],"_jetpack_feature_clip_id":0,"_jetpack_memberships_contains_paid_content":false,"footnotes":"","jetpack_publicize_message":"","jetpack_publicize_feature_enabled":true,"jetpack_social_post_already_shared":true,"jetpack_social_options":{"image_generator_settings":{"template":"highway","default_image_id":0,"font":"","enabled":false},"version":2},"jetpack_post_was_ever_published":false},"categories":[21],"tags":[],"class_list":["post-68192","post","type-post","status-publish","format-standard","has-post-thumbnail","category-sp-news"],"jetpack_publicize_connections":[],"jetpack-related-posts":[],"jetpack_shortlink":"https:\/\/wp.me\/p7Eq1F-hJS","jetpack_sharing_enabled":true,"jetpack_featured_media_url":"https:\/\/i0.wp.com\/guialimeira.com.br\/news\/wp-content\/uploads\/2026\/06\/Nova-ferramenta-permite-que-produtor-rural-de-SP-possa-mapear.png?fit=1552%2C936&ssl=1","_links":{"self":[{"href":"https:\/\/guialimeira.com.br\/news\/wp-json\/wp\/v2\/posts\/68192","targetHints":{"allow":["GET"]}}],"collection":[{"href":"https:\/\/guialimeira.com.br\/news\/wp-json\/wp\/v2\/posts"}],"about":[{"href":"https:\/\/guialimeira.com.br\/news\/wp-json\/wp\/v2\/types\/post"}],"author":[{"embeddable":true,"href":"https:\/\/guialimeira.com.br\/news\/wp-json\/wp\/v2\/users\/1"}],"replies":[{"embeddable":true,"href":"https:\/\/guialimeira.com.br\/news\/wp-json\/wp\/v2\/comments?post=68192"}],"version-history":[{"count":0,"href":"https:\/\/guialimeira.com.br\/news\/wp-json\/wp\/v2\/posts\/68192\/revisions"}],"wp:featuredmedia":[{"embeddable":true,"href":"https:\/\/guialimeira.com.br\/news\/wp-json\/wp\/v2\/media\/68193"}],"wp:attachment":[{"href":"https:\/\/guialimeira.com.br\/news\/wp-json\/wp\/v2\/media?parent=68192"}],"wp:term":[{"taxonomy":"category","embeddable":true,"href":"https:\/\/guialimeira.com.br\/news\/wp-json\/wp\/v2\/categories?post=68192"},{"taxonomy":"post_tag","embeddable":true,"href":"https:\/\/guialimeira.com.br\/news\/wp-json\/wp\/v2\/tags?post=68192"}],"curies":[{"name":"wp","href":"https:\/\/api.w.org\/{rel}","templated":true}]}}