{"id":68188,"date":"2026-06-07T12:53:20","date_gmt":"2026-06-07T15:53:20","guid":{"rendered":"https:\/\/guialimeira.com.br\/exposicao-leva-amostra-do-acervo-do-museu-ipiranga-ao-metro-de-sp\/"},"modified":"2026-06-07T12:53:20","modified_gmt":"2026-06-07T15:53:20","slug":"exposicao-leva-amostra-do-acervo-do-museu-ipiranga-ao-metro-de-sp","status":"publish","type":"post","link":"https:\/\/guialimeira.com.br\/news\/exposicao-leva-amostra-do-acervo-do-museu-ipiranga-ao-metro-de-sp\/","title":{"rendered":"Exposi\u00e7\u00e3o leva amostra do acervo do Museu Ipiranga ao Metr\u00f4 de SP"},"content":{"rendered":"<p> <br \/>\n<\/p>\n<div>\n<p class=\"wp-block-paragraph\">A esta\u00e7\u00e3o Alto do Ipiranga, da Linha 2-Verde do Metr\u00f4, recebe a exposi\u00e7\u00e3o in\u00e9dita \u201cO Museu do Ipiranga \u00e9 para todo mundo!\u201d. A iniciativa \u00e9 uma parceria com o Museu do Ipiranga que amplia o acesso \u00e0 cultura com uma linguagem acess\u00edvel e integrada ao cotidiano dos passageiros. A nova instala\u00e7\u00e3o ocupa uma \u00e1rea de circula\u00e7\u00e3o da esta\u00e7\u00e3o com pain\u00e9is visuais, frases e perguntas que despertam a curiosidade de quem passa pelo local, convidando \u00e0 reflex\u00e3o sobre a hist\u00f3ria do Brasil e o papel dos museus na sociedade. A proposta \u00e9 aproximar os passageiros da institui\u00e7\u00e3o e mostrar que o Museu do Ipiranga est\u00e1 ao alcance de todos.<\/p>\n<p class=\"wp-block-paragraph\">Com identidade visual renovada e comunica\u00e7\u00e3o mais direta, a exposi\u00e7\u00e3o substitui a ambienta\u00e7\u00e3o anterior da esta\u00e7\u00e3o e aposta em conte\u00fados acess\u00edveis e provocativos \u2014 como curiosidades sobre o edif\u00edcio-monumento \u2014 para dialogar com diferentes perfis de p\u00fablico e desmistificar a experi\u00eancia museol\u00f3gica. <\/p>\n<p class=\"wp-block-paragraph\">Um dos pain\u00e9is esclarece uma d\u00favida muito frequente \u2013 \u201cD. Pedro I nunca morou neste edif\u00edcio!\u201d \u2013 e dialoga com as impress\u00f5es gerais do p\u00fablico sobre o que \u00e9 museu, como a hist\u00f3ria do Brasil \u00e9 contada e qual o papel de uma institui\u00e7\u00e3o como essa na cidade.<\/p>\n<p class=\"wp-block-paragraph\">Ao longo do percurso, os passageiros encontram tamb\u00e9m conte\u00fados sobre os bastidores do trabalho nos museus, incluindo processos como coleta, cataloga\u00e7\u00e3o e conserva\u00e7\u00e3o de acervos, al\u00e9m de temas presentes nas exposi\u00e7\u00f5es de longa dura\u00e7\u00e3o, como trabalho, territ\u00f3rio e cultura material brasileira.<\/p>\n<figure class=\"wp-block-image size-full\"><img data-recalc-dims=\"1\" fetchpriority=\"high\" decoding=\"async\" width=\"696\" height=\"522\" src=\"https:\/\/i0.wp.com\/www.agenciasp.sp.gov.br\/wp-content\/uploads\/2026\/06\/WhatsApp-Image-2026-06-02-at-17.31.30-1024x768-1.jpeg?resize=696%2C522&#038;ssl=1\" alt=\"\" class=\"wp-image-149327\" srcset=\"https:\/\/www.agenciasp.sp.gov.br\/wp-content\/uploads\/2026\/06\/WhatsApp-Image-2026-06-02-at-17.31.30-1024x768-1.jpeg 1024w, https:\/\/www.agenciasp.sp.gov.br\/wp-content\/uploads\/2026\/06\/WhatsApp-Image-2026-06-02-at-17.31.30-1024x768-1-300x225.jpeg 300w, https:\/\/www.agenciasp.sp.gov.br\/wp-content\/uploads\/2026\/06\/WhatsApp-Image-2026-06-02-at-17.31.30-1024x768-1-768x576.jpeg 768w, https:\/\/www.agenciasp.sp.gov.br\/wp-content\/uploads\/2026\/06\/WhatsApp-Image-2026-06-02-at-17.31.30-1024x768-1-150x113.jpeg 150w\" sizes=\"(max-width: 1024px) 100vw, 1024px\"\/><\/figure>\n<p class=\"wp-block-paragraph\">A iniciativa do Metr\u00f4 e do Museu do Ipiranga visa democratizar o acesso \u00e0 cultura, levando conhecimento para al\u00e9m dos espa\u00e7os tradicionais. Com grande fluxo di\u00e1rio de pessoas, a esta\u00e7\u00e3o se transforma em uma vitrine do museu e em um convite constante \u00e0 visita\u00e7\u00e3o.<\/p>\n<p class=\"wp-block-paragraph\"><strong>SERVI\u00c7O<\/strong><\/p>\n<p class=\"wp-block-paragraph\"><strong>Exposi\u00e7\u00e3o: O Museu do Ipiranga \u00e9 para todo mundo!<br \/>Local:<\/strong>\u00a0Esta\u00e7\u00e3o Alto do Ipiranga \u2013 Linha 2-Verde<br \/><strong>In\u00edcio:<\/strong>\u00a03 de junho de 2026, quarta-feira<br \/><strong>Dura\u00e7\u00e3o:<\/strong>\u00a0previs\u00e3o de 5 anos<\/p>\n<figure class=\"wp-block-image size-full\"><img data-recalc-dims=\"1\" loading=\"lazy\" decoding=\"async\" width=\"696\" height=\"464\" src=\"https:\/\/i0.wp.com\/www.agenciasp.sp.gov.br\/wp-content\/uploads\/2026\/06\/WhatsApp-Image-2026-06-02-at-17.31.33-2-1024x682-1.jpeg?resize=696%2C464&#038;ssl=1\" alt=\"\" class=\"wp-image-149328\" srcset=\"https:\/\/www.agenciasp.sp.gov.br\/wp-content\/uploads\/2026\/06\/WhatsApp-Image-2026-06-02-at-17.31.33-2-1024x682-1.jpeg 1024w, https:\/\/www.agenciasp.sp.gov.br\/wp-content\/uploads\/2026\/06\/WhatsApp-Image-2026-06-02-at-17.31.33-2-1024x682-1-300x200.jpeg 300w, https:\/\/www.agenciasp.sp.gov.br\/wp-content\/uploads\/2026\/06\/WhatsApp-Image-2026-06-02-at-17.31.33-2-1024x682-1-768x512.jpeg 768w, https:\/\/www.agenciasp.sp.gov.br\/wp-content\/uploads\/2026\/06\/WhatsApp-Image-2026-06-02-at-17.31.33-2-1024x682-1-150x100.jpeg 150w\" sizes=\"auto, (max-width: 1024px) 100vw, 1024px\"\/><\/figure>\n<figure class=\"wp-block-image size-full\"><img data-recalc-dims=\"1\" loading=\"lazy\" decoding=\"async\" width=\"696\" height=\"464\" src=\"https:\/\/i0.wp.com\/www.agenciasp.sp.gov.br\/wp-content\/uploads\/2026\/06\/WhatsApp-Image-2026-06-02-at-17.31.34-1024x682-1.jpeg?resize=696%2C464&#038;ssl=1\" alt=\"\" class=\"wp-image-149329\" srcset=\"https:\/\/www.agenciasp.sp.gov.br\/wp-content\/uploads\/2026\/06\/WhatsApp-Image-2026-06-02-at-17.31.34-1024x682-1.jpeg 1024w, https:\/\/www.agenciasp.sp.gov.br\/wp-content\/uploads\/2026\/06\/WhatsApp-Image-2026-06-02-at-17.31.34-1024x682-1-300x200.jpeg 300w, https:\/\/www.agenciasp.sp.gov.br\/wp-content\/uploads\/2026\/06\/WhatsApp-Image-2026-06-02-at-17.31.34-1024x682-1-768x512.jpeg 768w, https:\/\/www.agenciasp.sp.gov.br\/wp-content\/uploads\/2026\/06\/WhatsApp-Image-2026-06-02-at-17.31.34-1024x682-1-150x100.jpeg 150w\" sizes=\"auto, (max-width: 1024px) 100vw, 1024px\"\/><\/figure>\n<\/p><\/div>\n<p><br \/>\n<br \/><a href=\"https:\/\/www.agenciasp.sp.gov.br\/exposicao-leva-amostra-do-acervo-do-museu-ipiranga-ao-metro-de-sp\/\" rel=\"noopener\">Informa\u00e7\u00f5es GOV.SP<\/a><\/p>\n","protected":false},"excerpt":{"rendered":"<p>A esta\u00e7\u00e3o Alto do Ipiranga, da Linha 2-Verde do Metr\u00f4, recebe a exposi\u00e7\u00e3o in\u00e9dita \u201cO Museu do Ipiranga \u00e9 para todo mundo!\u201d. A iniciativa \u00e9 uma parceria com o Museu do Ipiranga que amplia o acesso \u00e0 cultura com uma linguagem acess\u00edvel e integrada ao cotidiano dos passageiros. A nova instala\u00e7\u00e3o ocupa uma \u00e1rea de [&hellip;]<\/p>\n","protected":false},"author":1,"featured_media":68189,"comment_status":"","ping_status":"open","sticky":false,"template":"","format":"standard","meta":{"_jetpack_newsletter_access":"","_jetpack_dont_email_post_to_subs":false,"_jetpack_newsletter_tier_id":0,"_jetpack_memberships_contains_paywalled_content":false,"_mbp_banners":[],"_jetpack_feature_clip_id":0,"_jetpack_memberships_contains_paid_content":false,"footnotes":"","jetpack_publicize_message":"","jetpack_publicize_feature_enabled":true,"jetpack_social_post_already_shared":true,"jetpack_social_options":{"image_generator_settings":{"template":"highway","default_image_id":0,"font":"","enabled":false},"version":2},"jetpack_post_was_ever_published":false},"categories":[21],"tags":[],"class_list":["post-68188","post","type-post","status-publish","format-standard","has-post-thumbnail","category-sp-news"],"jetpack_publicize_connections":[],"jetpack-related-posts":[],"jetpack_shortlink":"https:\/\/wp.me\/p7Eq1F-hJO","jetpack_sharing_enabled":true,"jetpack_featured_media_url":"https:\/\/i0.wp.com\/guialimeira.com.br\/news\/wp-content\/uploads\/2026\/06\/Exposicao-leva-amostra-do-acervo-do-Museu-Ipiranga-ao-Metro.jpeg?fit=1024%2C768&ssl=1","_links":{"self":[{"href":"https:\/\/guialimeira.com.br\/news\/wp-json\/wp\/v2\/posts\/68188","targetHints":{"allow":["GET"]}}],"collection":[{"href":"https:\/\/guialimeira.com.br\/news\/wp-json\/wp\/v2\/posts"}],"about":[{"href":"https:\/\/guialimeira.com.br\/news\/wp-json\/wp\/v2\/types\/post"}],"author":[{"embeddable":true,"href":"https:\/\/guialimeira.com.br\/news\/wp-json\/wp\/v2\/users\/1"}],"replies":[{"embeddable":true,"href":"https:\/\/guialimeira.com.br\/news\/wp-json\/wp\/v2\/comments?post=68188"}],"version-history":[{"count":0,"href":"https:\/\/guialimeira.com.br\/news\/wp-json\/wp\/v2\/posts\/68188\/revisions"}],"wp:featuredmedia":[{"embeddable":true,"href":"https:\/\/guialimeira.com.br\/news\/wp-json\/wp\/v2\/media\/68189"}],"wp:attachment":[{"href":"https:\/\/guialimeira.com.br\/news\/wp-json\/wp\/v2\/media?parent=68188"}],"wp:term":[{"taxonomy":"category","embeddable":true,"href":"https:\/\/guialimeira.com.br\/news\/wp-json\/wp\/v2\/categories?post=68188"},{"taxonomy":"post_tag","embeddable":true,"href":"https:\/\/guialimeira.com.br\/news\/wp-json\/wp\/v2\/tags?post=68188"}],"curies":[{"name":"wp","href":"https:\/\/api.w.org\/{rel}","templated":true}]}}