{"id":68127,"date":"2026-06-06T16:28:24","date_gmt":"2026-06-06T19:28:24","guid":{"rendered":"https:\/\/guialimeira.com.br\/crescimento-da-producao-leva-eucalipto-ao-grupo-dos-produtos-mais-valiosos-do-campo-paulista\/"},"modified":"2026-06-06T16:28:24","modified_gmt":"2026-06-06T19:28:24","slug":"crescimento-da-producao-leva-eucalipto-ao-grupo-dos-produtos-mais-valiosos-do-campo-paulista","status":"publish","type":"post","link":"https:\/\/guialimeira.com.br\/news\/crescimento-da-producao-leva-eucalipto-ao-grupo-dos-produtos-mais-valiosos-do-campo-paulista\/","title":{"rendered":"Crescimento da produ\u00e7\u00e3o leva eucalipto ao grupo dos produtos mais valiosos do campo paulista\u00a0"},"content":{"rendered":"<p> <br \/>\n<br \/><img data-recalc-dims=\"1\" decoding=\"async\" src=\"https:\/\/i0.wp.com\/www.agenciasp.sp.gov.br\/wp-content\/uploads\/2026\/06\/texto-eucalipto-1024x682-1.jpeg?w=696&#038;ssl=1\" \/><\/p>\n<div>\n<p class=\"wp-block-paragraph\">O cultivo de eucalipto vive um momento de expans\u00e3o em S\u00e3o Paulo. Com crescimento da produ\u00e7\u00e3o e da gera\u00e7\u00e3o de riqueza no campo, a cultura fortalece uma cadeia produtiva estrat\u00e9gica que abastece a ind\u00fastria, impulsiona as exporta\u00e7\u00f5es e contribui para o desenvolvimento regional. Dados do Instituto de Economia Agr\u00edcola (IEA-Apta) apontam aumento de 14% na produ\u00e7\u00e3o paulista da cultura. O desempenho tamb\u00e9m se refletiu no Valor da Produ\u00e7\u00e3o Agropecu\u00e1ria (VPA), que alcan\u00e7ou R$ 2,9 bilh\u00f5es, resultado superior ao registrado no ano anterior.<\/p>\n<p class=\"wp-block-paragraph\">O cultivo do eucalipto abastece diferentes segmentos da economia, sendo destinado \u00e0 fabrica\u00e7\u00e3o de papel e celulose, \u00e0 gera\u00e7\u00e3o de energia por biomassa e carv\u00e3o vegetal e ao fornecimento de mat\u00e9ria-prima para a constru\u00e7\u00e3o civil e a ind\u00fastria moveleira. A cultura tamb\u00e9m \u00e9 utilizada na produ\u00e7\u00e3o de \u00f3leos essenciais e se destaca pela r\u00e1pida capacidade de crescimento e renova\u00e7\u00e3o.<\/p>\n<p class=\"wp-block-paragraph\">Principal esp\u00e9cie da silvicultura paulista, o eucalipto ocupa mais de 77% de toda a \u00e1rea de florestas plantadas do estado. S\u00e3o pouco mais de 1 milh\u00e3o de hectares cultivados, o que coloca S\u00e3o Paulo como o terceiro maior produtor nacional, atr\u00e1s apenas de Minas Gerais e Mato Grosso do Sul. A produ\u00e7\u00e3o atingiu 23,9 milh\u00f5es de metros c\u00fabicos, volume 14,6% superior ao registrado no ciclo anterior.<\/p>\n<p class=\"wp-block-paragraph\">As regi\u00f5es que mais se destacam no cultivo s\u00e3o sudoeste paulista, centro-oeste e no Vale do Paranapanema, \u00e1reas que apresentam condi\u00e7\u00f5es edafoclim\u00e1ticas favor\u00e1veis e relativa disponibilidade de terras, em cidades como Agudos, Itapetininga, Itatinga, Angatuba, Botucatu, Len\u00e7\u00f3is Paulista, Bofete, Cabr\u00e1lia Paulista, Cap\u00e3o Bonito, Itarar\u00e9 e Paranapanema, importantes p\u00f3los da silvicultura no estado.<\/p>\n<p class=\"wp-block-paragraph\">O crescimento da produ\u00e7\u00e3o tamb\u00e9m impulsiona a balan\u00e7a comercial do agroneg\u00f3cio paulista, com os produtos florestais ocupando a terceira maior participa\u00e7\u00e3o nas exporta\u00e7\u00f5es de S\u00e3o Paulo. O grupo \u00e9 superado apenas pelo complexo sucroalcooleiro e pelo setor de carnes. Em abril de 2026, este setor alcan\u00e7ou US$1,14 bilh\u00e3o em valor exportado, representando 13,6% do total de produtos exportados, com celulose respondendo por 66,3% e papel por 27,9% desta participa\u00e7\u00e3o.<\/p>\n<p class=\"wp-block-paragraph\">O setor tamb\u00e9m celebrou o incremento nos n\u00fameros da produ\u00e7\u00e3o do eucalipto paulista. Fernanda Abilio, presidente da C\u00e2mara Setorial de Produtos Florestais de S\u00e3o Paulo e diretora-executiva da Florestar, associa\u00e7\u00e3o que representa os produtores florestais no estado, enfatizou a import\u00e2ncia da planta para todo o grupo e sua capacidade de movimentar a totalidade do ramo.<\/p>\n<p class=\"wp-block-paragraph\">\u201cA ind\u00fastria florestal paulista possui uma base produtiva consolidada, sustent\u00e1vel e altamente tecnificada, e majoritariamente de eucalipto. O crescimento observado no VPA e na produ\u00e7\u00e3o reflete n\u00e3o apenas a competitividade do setor, mas tamb\u00e9m sua capacidade de agregar valor, gerar empregos, movimentar exporta\u00e7\u00f5es e fornecer mat\u00e9ria-prima renov\u00e1vel para diferentes cadeias industriais. S\u00e3o Paulo re\u00fane produtividade, ind\u00fastria e log\u00edstica, o que mant\u00e9m o setor florestal entre os segmentos estrat\u00e9gicos do agro paulista\u201d, disse Fernanda.<\/p>\n<h3 class=\"wp-block-heading\">Al\u00e9m da produ\u00e7\u00e3o e exporta\u00e7\u00e3o: eucalipto \u00e9 aliado no desenvolvimento do agro paulista<\/h3>\n<p class=\"wp-block-paragraph\">A Secretaria de Agricultura e Abastecimento contribui para o crescimento e desenvolvimento da produ\u00e7\u00e3o do eucalipto, sobretudo com trabalhos de pesquisa realizados pela APTA REGIONAL, principalmente na rela\u00e7\u00e3o entre o sistema ILPF (Integra\u00e7\u00e3o Pecu\u00e1ria, Lavoura e Floresta), no aumento da produtividade, sustentabilidade e rentabilidade, nas unidades de Brotas, Itapetininga e Tiet\u00ea.<\/p>\n<p class=\"wp-block-paragraph\">Esses sistemas funcionam integrando o plantio de \u00e1rvores de eucalipto com culturas agr\u00edcolas, cria\u00e7\u00e3o de gado, agricultura regenerativa, como a recupera\u00e7\u00e3o de \u00e1reas biodegradadas, e o bem estar animal, no qual o eucalipto aparece como aliado do conforto t\u00e9rmico animal, reduzindo impactos do calor e favorecendo melhores condi\u00e7\u00f5es fisiol\u00f3gicas e produtivas dos rebanhos Nelore.<\/p>\n<\/p><\/div>\n<p><br \/>\n<br \/><a href=\"https:\/\/www.agenciasp.sp.gov.br\/crescimento-da-producao-leva-eucalipto-ao-grupo-dos-produtos-mais-valiosos-do-campo-paulista\/\" rel=\"noopener\">Informa\u00e7\u00f5es GOV.SP<\/a><\/p>\n","protected":false},"excerpt":{"rendered":"<p>O cultivo de eucalipto vive um momento de expans\u00e3o em S\u00e3o Paulo. Com crescimento da produ\u00e7\u00e3o e da gera\u00e7\u00e3o de riqueza no campo, a cultura fortalece uma cadeia produtiva estrat\u00e9gica que abastece a ind\u00fastria, impulsiona as exporta\u00e7\u00f5es e contribui para o desenvolvimento regional. Dados do Instituto de Economia Agr\u00edcola (IEA-Apta) apontam aumento de 14% na [&hellip;]<\/p>\n","protected":false},"author":1,"featured_media":68128,"comment_status":"","ping_status":"open","sticky":false,"template":"","format":"standard","meta":{"_jetpack_newsletter_access":"","_jetpack_dont_email_post_to_subs":false,"_jetpack_newsletter_tier_id":0,"_jetpack_memberships_contains_paywalled_content":false,"_mbp_banners":[],"_jetpack_feature_clip_id":0,"_jetpack_memberships_contains_paid_content":false,"footnotes":"","jetpack_publicize_message":"","jetpack_publicize_feature_enabled":true,"jetpack_social_post_already_shared":true,"jetpack_social_options":{"image_generator_settings":{"template":"highway","default_image_id":0,"font":"","enabled":false},"version":2},"jetpack_post_was_ever_published":false},"categories":[21],"tags":[],"class_list":["post-68127","post","type-post","status-publish","format-standard","has-post-thumbnail","category-sp-news"],"jetpack_publicize_connections":[],"jetpack-related-posts":[],"jetpack_shortlink":"https:\/\/wp.me\/p7Eq1F-hIP","jetpack_sharing_enabled":true,"jetpack_featured_media_url":"https:\/\/i0.wp.com\/guialimeira.com.br\/news\/wp-content\/uploads\/2026\/06\/Crescimento-da-producao-leva-eucalipto-ao-grupo-dos-produtos-mais.jpeg?fit=1024%2C682&ssl=1","_links":{"self":[{"href":"https:\/\/guialimeira.com.br\/news\/wp-json\/wp\/v2\/posts\/68127","targetHints":{"allow":["GET"]}}],"collection":[{"href":"https:\/\/guialimeira.com.br\/news\/wp-json\/wp\/v2\/posts"}],"about":[{"href":"https:\/\/guialimeira.com.br\/news\/wp-json\/wp\/v2\/types\/post"}],"author":[{"embeddable":true,"href":"https:\/\/guialimeira.com.br\/news\/wp-json\/wp\/v2\/users\/1"}],"replies":[{"embeddable":true,"href":"https:\/\/guialimeira.com.br\/news\/wp-json\/wp\/v2\/comments?post=68127"}],"version-history":[{"count":0,"href":"https:\/\/guialimeira.com.br\/news\/wp-json\/wp\/v2\/posts\/68127\/revisions"}],"wp:featuredmedia":[{"embeddable":true,"href":"https:\/\/guialimeira.com.br\/news\/wp-json\/wp\/v2\/media\/68128"}],"wp:attachment":[{"href":"https:\/\/guialimeira.com.br\/news\/wp-json\/wp\/v2\/media?parent=68127"}],"wp:term":[{"taxonomy":"category","embeddable":true,"href":"https:\/\/guialimeira.com.br\/news\/wp-json\/wp\/v2\/categories?post=68127"},{"taxonomy":"post_tag","embeddable":true,"href":"https:\/\/guialimeira.com.br\/news\/wp-json\/wp\/v2\/tags?post=68127"}],"curies":[{"name":"wp","href":"https:\/\/api.w.org\/{rel}","templated":true}]}}