{"id":68115,"date":"2026-06-06T14:25:11","date_gmt":"2026-06-06T17:25:11","guid":{"rendered":"https:\/\/guialimeira.com.br\/avo-de-62-anos-conquista-primeiro-certificado-de-sua-vida-com-o-caminho-da-capacitacao\/"},"modified":"2026-06-06T14:25:11","modified_gmt":"2026-06-06T17:25:11","slug":"avo-de-62-anos-conquista-primeiro-certificado-de-sua-vida-com-o-caminho-da-capacitacao","status":"publish","type":"post","link":"https:\/\/guialimeira.com.br\/news\/avo-de-62-anos-conquista-primeiro-certificado-de-sua-vida-com-o-caminho-da-capacitacao\/","title":{"rendered":"Av\u00f3 de 62 anos conquista primeiro certificado de sua vida com o Caminho da Capacita\u00e7\u00e3o"},"content":{"rendered":"<p> <br \/>\n<\/p>\n<div>\n<p class=\"wp-block-paragraph\">Aos 62 anos, Benedita Camargo Fortes viveu uma experi\u00eancia in\u00e9dita: recebeu o primeiro certificado de sua vida. Moradora de Jacupiranga, no Vale do Ribeira, ela concluiu o curso de Panifica\u00e7\u00e3o do programa Caminho da Capacita\u00e7\u00e3o, iniciativa do Fundo Social de S\u00e3o Paulo, e transformou um sonho antigo em realidade.<\/p>\n<p class=\"wp-block-paragraph\">Depois de d\u00e9cadas dedicadas ao trabalho e \u00e0 cria\u00e7\u00e3o dos filhos, Benedita voltou \u00e0 sala de aula e descobriu que o desejo de aprender n\u00e3o tem idade. O certificado, para ela, representa muito mais do que a conclus\u00e3o de um curso. Simboliza supera\u00e7\u00e3o, perseveran\u00e7a e a conquista de uma oportunidade que nunca havia tido.<\/p>\n<p class=\"wp-block-paragraph\">Com os estudos interrompidos ainda na inf\u00e2ncia, Benedita passou grande parte da vida priorizando o sustento da fam\u00edlia. A chance de retomar a aprendizagem surgiu quando a carreta de qualifica\u00e7\u00e3o profissional do Caminho da Capacita\u00e7\u00e3o chegou ao munic\u00edpio.<\/p>\n<p class=\"wp-block-paragraph\">\u201cEu estudei s\u00f3 at\u00e9 a quarta s\u00e9rie e quase n\u00e3o aprendi nada na vida. Minha vida foi trabalhar, trabalhar e trabalhar. Eu n\u00e3o tive essa oportunidade de estudar e fazer um curso. Esse \u00e9 o primeiro curso e \u00e9 muito emocionante. Eu me emociono s\u00f3 de falar com as meninas, de estar ali\u201d, afirma.<\/p>\n<p class=\"wp-block-paragraph\">Nas aulas realizadas na carreta de Panifica\u00e7\u00e3o instalada em Jacupiranga, Benedita encontrou acolhimento, incentivo e a confian\u00e7a necess\u00e1ria para enfrentar desafios que carregava desde a inf\u00e2ncia. Mesmo com dificuldades de leitura e escrita, contou com o apoio da professora e dos colegas para acompanhar as atividades e desenvolver novas habilidades.<\/p>\n<figure class=\"wp-block-image size-large\"><img data-recalc-dims=\"1\" fetchpriority=\"high\" decoding=\"async\" width=\"696\" height=\"322\" src=\"https:\/\/i0.wp.com\/www.agenciasp.sp.gov.br\/wp-content\/uploads\/2026\/06\/WhatsApp-Image-2026-06-02-at-17.32.03-1-1024x474.jpeg?resize=696%2C322&#038;ssl=1\" alt=\"\" class=\"wp-image-149005\" srcset=\"https:\/\/www.agenciasp.sp.gov.br\/wp-content\/uploads\/2026\/06\/WhatsApp-Image-2026-06-02-at-17.32.03-1-1024x474.jpeg 1024w, https:\/\/www.agenciasp.sp.gov.br\/wp-content\/uploads\/2026\/06\/WhatsApp-Image-2026-06-02-at-17.32.03-1-300x139.jpeg 300w, https:\/\/www.agenciasp.sp.gov.br\/wp-content\/uploads\/2026\/06\/WhatsApp-Image-2026-06-02-at-17.32.03-1-768x355.jpeg 768w, https:\/\/www.agenciasp.sp.gov.br\/wp-content\/uploads\/2026\/06\/WhatsApp-Image-2026-06-02-at-17.32.03-1-150x69.jpeg 150w, https:\/\/www.agenciasp.sp.gov.br\/wp-content\/uploads\/2026\/06\/WhatsApp-Image-2026-06-02-at-17.32.03-1.jpeg 1167w\" sizes=\"(max-width: 1024px) 100vw, 1024px\"\/><figcaption class=\"wp-element-caption\">Benedita Camargo Fortes, de 62 anos, concluiu o curso de Panifica\u00e7\u00e3o do programa Caminho da Capacita\u00e7\u00e3o<\/figcaption><\/figure>\n<p class=\"wp-block-paragraph\">\u201cEu gosto de colocar a m\u00e3o na massa. Sou mais de fazer do que de escrever. Para ser franca, eu estou me sentindo com 62 anos uma adolescente voltando a estudar\u201d, diz, sorrindo.<\/p>\n<p class=\"wp-block-paragraph\">M\u00e3e e av\u00f3, Benedita sempre incentivou filhos e netos a valorizarem os estudos, mesmo sem ter tido as mesmas oportunidades. Agora, v\u00ea a pr\u00f3pria hist\u00f3ria servir de inspira\u00e7\u00e3o para a fam\u00edlia e mostrar que nunca \u00e9 tarde para buscar novos caminhos. \u201cQuero mostrar para meus filhos e para minha fam\u00edlia que eu cheguei l\u00e1, que eu consegui. Que tive for\u00e7a de vontade e fui atr\u00e1s do meu sonho.\u201d<\/p>\n<p class=\"wp-block-paragraph\">Al\u00e9m da realiza\u00e7\u00e3o pessoal, ela j\u00e1 planeja transformar o aprendizado em uma fonte complementar de renda. A expectativa \u00e9 produzir e vender os pr\u00f3prios p\u00e3es, unindo autonomia financeira e satisfa\u00e7\u00e3o pessoal. \u201cPretendo fazer os p\u00e3es e ganhar um dinheirinho. Quero poder dizer: \u2018Eu fiz esse p\u00e3o, vendi e ganhei um dinheirinho\u2019. Ter uma renda extra vai ser muito gratificante.\u201d<\/p>\n<p class=\"wp-block-paragraph\">Ao olhar para a pr\u00f3pria trajet\u00f3ria, Benedita enxerga no certificado a concretiza\u00e7\u00e3o de um sonho cultivado ao longo de toda a vida e uma mensagem que faz quest\u00e3o de compartilhar com outras pessoas. \u201cSe voc\u00ea tem um sonho, corra atr\u00e1s. Voc\u00ea vai conseguir, assim como eu consegui. Nunca \u00e9 tarde.\u201d<\/p>\n<h3 class=\"wp-block-heading\">Caminho da Capacita\u00e7\u00e3o<\/h3>\n<p class=\"wp-block-paragraph\">O curso realizado por Benedita integrou o 20\u00ba ciclo do Caminho da Capacita\u00e7\u00e3o. Nesta etapa, a iniciativa atendeu 19 munic\u00edpios das regi\u00f5es administrativas de Registro e Itapeva. Ao todo, 1.187 alunos conclu\u00edram os cursos gratuitos e receberam certificado.<\/p>\n<figure class=\"wp-block-image size-large\"><img data-recalc-dims=\"1\" loading=\"lazy\" decoding=\"async\" width=\"696\" height=\"322\" src=\"https:\/\/i0.wp.com\/www.agenciasp.sp.gov.br\/wp-content\/uploads\/2026\/06\/WhatsApp-Image-2026-06-02-at-17.32.03-1024x474.jpeg?resize=696%2C322&#038;ssl=1\" alt=\"\" class=\"wp-image-149006\" srcset=\"https:\/\/www.agenciasp.sp.gov.br\/wp-content\/uploads\/2026\/06\/WhatsApp-Image-2026-06-02-at-17.32.03-1024x474.jpeg 1024w, https:\/\/www.agenciasp.sp.gov.br\/wp-content\/uploads\/2026\/06\/WhatsApp-Image-2026-06-02-at-17.32.03-300x139.jpeg 300w, https:\/\/www.agenciasp.sp.gov.br\/wp-content\/uploads\/2026\/06\/WhatsApp-Image-2026-06-02-at-17.32.03-768x355.jpeg 768w, https:\/\/www.agenciasp.sp.gov.br\/wp-content\/uploads\/2026\/06\/WhatsApp-Image-2026-06-02-at-17.32.03-150x69.jpeg 150w, https:\/\/www.agenciasp.sp.gov.br\/wp-content\/uploads\/2026\/06\/WhatsApp-Image-2026-06-02-at-17.32.03.jpeg 1167w\" sizes=\"auto, (max-width: 1024px) 100vw, 1024px\"\/><figcaption class=\"wp-element-caption\">Benedita Camargo Fortes, de 62 anos, concluiu o curso de Panifica\u00e7\u00e3o do programa Caminho da Capacita\u00e7\u00e3o<\/figcaption><\/figure>\n<p class=\"wp-block-paragraph\">Integrado ao programa SuperA\u00e7\u00e3o SP, do Governo do Estado de S\u00e3o Paulo, o Caminho da Capacita\u00e7\u00e3o tem como objetivo ampliar oportunidades de qualifica\u00e7\u00e3o profissional, estimular a gera\u00e7\u00e3o de renda, incentivar o empreendedorismo e contribuir para que mais de 100 mil fam\u00edlias superem a linha da pobreza.<\/p>\n<p class=\"wp-block-paragraph\">Desde o lan\u00e7amento, a iniciativa j\u00e1 passou por 290 munic\u00edpios, distribu\u00eddos em 15 regi\u00f5es do estado, e certificou mais de 14 mil pessoas.<\/p>\n<p class=\"wp-block-paragraph\">Mais informa\u00e7\u00f5es sobre cronograma, inscri\u00e7\u00f5es e munic\u00edpios atendidos est\u00e3o dispon\u00edveis no site: <a href=\"http:\/\/www.caminhodacapacitacao.sp.gov.br\" target=\"_blank\" rel=\"noopener\">http:\/\/www.caminhodacapacitacao.sp.gov.br<\/a> .<\/p>\n<\/p><\/div>\n<p><br \/>\n<br \/><a href=\"https:\/\/www.agenciasp.sp.gov.br\/avo-de-62-anos-conquista-primeiro-certificado-de-sua-vida-com-o-caminho-da-capacitacao\/\" rel=\"noopener\">Informa\u00e7\u00f5es GOV.SP<\/a><\/p>\n","protected":false},"excerpt":{"rendered":"<p>Aos 62 anos, Benedita Camargo Fortes viveu uma experi\u00eancia in\u00e9dita: recebeu o primeiro certificado de sua vida. Moradora de Jacupiranga, no Vale do Ribeira, ela concluiu o curso de Panifica\u00e7\u00e3o do programa Caminho da Capacita\u00e7\u00e3o, iniciativa do Fundo Social de S\u00e3o Paulo, e transformou um sonho antigo em realidade. Depois de d\u00e9cadas dedicadas ao trabalho [&hellip;]<\/p>\n","protected":false},"author":1,"featured_media":68116,"comment_status":"","ping_status":"open","sticky":false,"template":"","format":"standard","meta":{"_jetpack_newsletter_access":"","_jetpack_dont_email_post_to_subs":false,"_jetpack_newsletter_tier_id":0,"_jetpack_memberships_contains_paywalled_content":false,"_mbp_banners":[],"_jetpack_feature_clip_id":0,"_jetpack_memberships_contains_paid_content":false,"footnotes":"","jetpack_publicize_message":"","jetpack_publicize_feature_enabled":true,"jetpack_social_post_already_shared":true,"jetpack_social_options":{"image_generator_settings":{"template":"highway","default_image_id":0,"font":"","enabled":false},"version":2},"jetpack_post_was_ever_published":false},"categories":[21],"tags":[],"class_list":["post-68115","post","type-post","status-publish","format-standard","has-post-thumbnail","category-sp-news"],"jetpack_publicize_connections":[],"jetpack-related-posts":[],"jetpack_shortlink":"https:\/\/wp.me\/p7Eq1F-hID","jetpack_sharing_enabled":true,"jetpack_featured_media_url":"https:\/\/i0.wp.com\/guialimeira.com.br\/news\/wp-content\/uploads\/2026\/06\/Avo-de-62-anos-conquista-primeiro-certificado-de-sua-vida.jpeg?fit=1024%2C474&ssl=1","_links":{"self":[{"href":"https:\/\/guialimeira.com.br\/news\/wp-json\/wp\/v2\/posts\/68115","targetHints":{"allow":["GET"]}}],"collection":[{"href":"https:\/\/guialimeira.com.br\/news\/wp-json\/wp\/v2\/posts"}],"about":[{"href":"https:\/\/guialimeira.com.br\/news\/wp-json\/wp\/v2\/types\/post"}],"author":[{"embeddable":true,"href":"https:\/\/guialimeira.com.br\/news\/wp-json\/wp\/v2\/users\/1"}],"replies":[{"embeddable":true,"href":"https:\/\/guialimeira.com.br\/news\/wp-json\/wp\/v2\/comments?post=68115"}],"version-history":[{"count":0,"href":"https:\/\/guialimeira.com.br\/news\/wp-json\/wp\/v2\/posts\/68115\/revisions"}],"wp:featuredmedia":[{"embeddable":true,"href":"https:\/\/guialimeira.com.br\/news\/wp-json\/wp\/v2\/media\/68116"}],"wp:attachment":[{"href":"https:\/\/guialimeira.com.br\/news\/wp-json\/wp\/v2\/media?parent=68115"}],"wp:term":[{"taxonomy":"category","embeddable":true,"href":"https:\/\/guialimeira.com.br\/news\/wp-json\/wp\/v2\/categories?post=68115"},{"taxonomy":"post_tag","embeddable":true,"href":"https:\/\/guialimeira.com.br\/news\/wp-json\/wp\/v2\/tags?post=68115"}],"curies":[{"name":"wp","href":"https:\/\/api.w.org\/{rel}","templated":true}]}}