{"id":68100,"date":"2026-06-06T11:21:06","date_gmt":"2026-06-06T14:21:06","guid":{"rendered":"https:\/\/guialimeira.com.br\/tarifa-social-paulista-desconto-na-conta-de-agua-ajuda-moradores-das-comunidades-a-viverem-com-mais-dignidade\/"},"modified":"2026-06-06T11:21:06","modified_gmt":"2026-06-06T14:21:06","slug":"tarifa-social-paulista-desconto-na-conta-de-agua-ajuda-moradores-das-comunidades-a-viverem-com-mais-dignidade","status":"publish","type":"post","link":"https:\/\/guialimeira.com.br\/news\/tarifa-social-paulista-desconto-na-conta-de-agua-ajuda-moradores-das-comunidades-a-viverem-com-mais-dignidade\/","title":{"rendered":"Tarifa Social Paulista: desconto na conta de \u00e1gua ajuda moradores das comunidades a viverem com mais dignidade"},"content":{"rendered":"<p> <br \/>\n<\/p>\n<div>\n<p class=\"wp-block-paragraph\">A ro\u00e7adeira M\u00f4nica de Macedo Oliveira aproveitou o mutir\u00e3o da Sabesp realizado no munic\u00edpio de Itapecerica da Serra, cidade onde vive, para fazer seu cadastro e se beneficiar da Tarifa Social Paulista, programa do Governo de S\u00e3o Paulo que d\u00e1 desconto de at\u00e9 78% na conta de \u00e1gua e esgoto.<\/p>\n<p class=\"wp-block-paragraph\">\u201cEu vinha tentando fazer o cadastro na Tarifa Social h\u00e1 bastante tempo, porque o benef\u00edcio estava no nome do meu ex-marido, e no mutir\u00e3o consegui resolver isso em 5 minutos aqui. Vai ajudar muito na economia da gente, que \u00e9 de baixa renda\u201d, disse.\u00a0<\/p>\n<p class=\"wp-block-paragraph\">M\u00f4nica faz parte dos 6 milh\u00f5es de pessoas que foram beneficiadas em todo o estado de S\u00e3o Paulo pelo programa de desconto voltado \u00e0s fam\u00edlias em situa\u00e7\u00e3o de vulnerabilidade e que, desde 2024, dobrou o n\u00famero de pessoas atendidas.<\/p>\n<figure class=\"wp-block-image aligncenter size-full is-resized\"><img data-recalc-dims=\"1\" fetchpriority=\"high\" decoding=\"async\" width=\"650\" height=\"582\" src=\"https:\/\/i0.wp.com\/www.agenciasp.sp.gov.br\/wp-content\/uploads\/2026\/06\/WhatsApp-Image-2026-06-03-at-19.14.06-1.jpeg?resize=650%2C582&#038;ssl=1\" alt=\"\" class=\"wp-image-149414\" style=\"width:499px;height:auto\" srcset=\"https:\/\/www.agenciasp.sp.gov.br\/wp-content\/uploads\/2026\/06\/WhatsApp-Image-2026-06-03-at-19.14.06-1.jpeg 650w, https:\/\/www.agenciasp.sp.gov.br\/wp-content\/uploads\/2026\/06\/WhatsApp-Image-2026-06-03-at-19.14.06-1-300x269.jpeg 300w, https:\/\/www.agenciasp.sp.gov.br\/wp-content\/uploads\/2026\/06\/WhatsApp-Image-2026-06-03-at-19.14.06-1-150x134.jpeg 150w\" sizes=\"(max-width: 650px) 100vw, 650px\"\/><figcaption class=\"wp-element-caption\"><em>M\u00f4nica de Macedo participou do mutir\u00e3o em Itapecerica da Serra  Foto: Divulga\u00e7\u00e3o\/Governo de SP<\/em><\/figcaption><\/figure>\n<p class=\"wp-block-paragraph\">Al\u00e9m do desconto, a ro\u00e7adeira aproveitou o mutir\u00e3o para conseguir uma caixa d\u2019\u00e1gua gratuita, outro programa voltado \u00e0 resili\u00eancia h\u00eddrica na Grande S\u00e3o Paulo. \u201cA caixa, mesmo a menor, tem um valor excessivo, n\u00e3o tem como a gente pagar, e esse programa tem uma import\u00e2ncia imensa para n\u00f3s\u201d, afirmou.<\/p>\n<p class=\"wp-block-paragraph\">Uma grande parte das fam\u00edlias beneficiadas pela Tarifa Social Paulista s\u00e3o dos munic\u00edpios que comp\u00f5em a Regi\u00e3o Metropolitana de S\u00e3o Paulo, onde o desconto saltou 76% entre 2024 e 2026: de 2,7 milh\u00f5es para 4,5 milh\u00f5es de benefici\u00e1rios.<\/p>\n<p class=\"wp-block-paragraph\"><strong>LEIA TAMB\u00c9M: <\/strong><a href=\"https:\/\/www.agenciasp.sp.gov.br\/tarifa-social-paulista-numero-de-beneficiarios-chega-a-crescer-mais-de-10-vezes-em-cidades-de-sp\/\" rel=\"noopener\">Tarifa Social Paulista: n\u00famero de benefici\u00e1rios chega a crescer mais de 10 vezes em cidades de SP<\/a><\/p>\n<p class=\"wp-block-paragraph\">A aposentada Benedita de Sousa disse que ouviu o caminh\u00e3o da Sabesp passar por sua rua anunciando o cadastro para redu\u00e7\u00e3o da tarifa e resolveu ir ao mutir\u00e3o ver se conseguiria o desconto. \u201cMeu sal\u00e1rio \u00e9 de R$ 1.600, vivo sozinha e tenho diabetes e outros problemas de sa\u00fade, ent\u00e3o as contas de \u00e1gua e luz ficam pesadas para mim. Fui aprovada do mutir\u00e3o, no m\u00eas que vem j\u00e1 vai vir a conta com desconto. Esse dinheiro que sobra vai ajudar muito em outras coisas, \u00e9 uma \u00f3tima oportunidade para todos que precisam\u201d, garantiu.<\/p>\n<figure class=\"wp-block-image size-large is-resized\"><img data-recalc-dims=\"1\" loading=\"lazy\" decoding=\"async\" width=\"696\" height=\"448\" src=\"https:\/\/i0.wp.com\/www.agenciasp.sp.gov.br\/wp-content\/uploads\/2026\/06\/WhatsApp-Image-2026-06-03-at-19.14.54-2-1024x659.jpeg?resize=696%2C448&#038;ssl=1\" alt=\"\" class=\"wp-image-149415\" style=\"width:712px;height:auto\" srcset=\"https:\/\/www.agenciasp.sp.gov.br\/wp-content\/uploads\/2026\/06\/WhatsApp-Image-2026-06-03-at-19.14.54-2-1024x659.jpeg 1024w, https:\/\/www.agenciasp.sp.gov.br\/wp-content\/uploads\/2026\/06\/WhatsApp-Image-2026-06-03-at-19.14.54-2-300x193.jpeg 300w, https:\/\/www.agenciasp.sp.gov.br\/wp-content\/uploads\/2026\/06\/WhatsApp-Image-2026-06-03-at-19.14.54-2-768x494.jpeg 768w, https:\/\/www.agenciasp.sp.gov.br\/wp-content\/uploads\/2026\/06\/WhatsApp-Image-2026-06-03-at-19.14.54-2-150x97.jpeg 150w, https:\/\/www.agenciasp.sp.gov.br\/wp-content\/uploads\/2026\/06\/WhatsApp-Image-2026-06-03-at-19.14.54-2.jpeg 1277w\" sizes=\"auto, (max-width: 1024px) 100vw, 1024px\"\/><figcaption class=\"wp-element-caption\"><em>Benedita de Sousa disse que ouviu o caminh\u00e3o da Sabesp passar anunciando o cadastro da Tarifa Social Foto: Divulga\u00e7\u00e3o\/Governo de SP<\/em><\/figcaption><\/figure>\n<p class=\"wp-block-paragraph\"><strong>Como funciona a Tarifa Social Paulista<\/strong><\/p>\n<p class=\"wp-block-paragraph\">Estruturado pelo Governo de SP como pol\u00edtica de inclus\u00e3o, a Tarifa Social Paulista \u00e9 o maior programa social de saneamento do Brasil e garante descontos de at\u00e9 78% na conta de \u00e1gua e esgoto para fam\u00edlias vulner\u00e1veis.\u00a0<\/p>\n<p class=\"wp-block-paragraph\"><strong>O programa tem tr\u00eas faixas:<\/strong><\/p>\n<ul class=\"wp-block-list\">\n<li><strong>A categoria Vulner\u00e1vel<\/strong> oferece 78% de desconto para fam\u00edlias com renda per capita de at\u00e9 um quarto do sal\u00e1rio m\u00ednimo;<\/li>\n<li><strong>A Social I<\/strong> prev\u00ea 72% para fam\u00edlias com renda de at\u00e9 meio sal\u00e1rio m\u00ednimo, desempregados e benefici\u00e1rios do BPC;<\/li>\n<li><strong>E a Social II <\/strong>concede 50% para moradores de n\u00facleos urbanos informais pass\u00edveis de regulariza\u00e7\u00e3o.<\/li>\n<\/ul>\n<p class=\"wp-block-paragraph\">A ades\u00e3o \u00e9 autom\u00e1tica para quem tem o Cad\u00danico atualizado nas duas primeiras faixas. Na faixa social 2 n\u00e3o \u00e9 necess\u00e1rio o cadastro do Cad\u00danico. N\u00e3o \u00e9 preciso enviar documentos \u00e0 Sabesp. Benefici\u00e1rios do Benef\u00edcio de Presta\u00e7\u00e3o Continuada (BPC) tamb\u00e9m s\u00e3o inclu\u00eddos automaticamente.<\/p>\n<p class=\"wp-block-paragraph\">Os desempregados podem solicitar o benef\u00edcio pelo Sabesp F\u00e1cil, com validade de at\u00e9 12 meses mediante comprova\u00e7\u00e3o semestral. Para moradores de habita\u00e7\u00f5es coletivas, a solicita\u00e7\u00e3o tamb\u00e9m \u00e9 feita pelo Sabesp F\u00e1cil, com envio de documentos comprobat\u00f3rios. \u00c9 importante que a conta de \u00e1gua esteja no nome da pessoa cadastrada ou de um familiar que conste no mesmo cadastro.\u00a0<\/p>\n<p class=\"wp-block-paragraph\">Mais informa\u00e7\u00f5es em <a href=\"http:\/\/tarifasocialpaulista.sp.gov.br\/\" target=\"_blank\" rel=\"noopener\">tarifasocialpaulista.sp.gov.br<\/a>.<\/p>\n<\/p><\/div>\n<p><br \/>\n<br \/><a href=\"https:\/\/www.agenciasp.sp.gov.br\/tarifa-social-paulista-desconto-na-conta-de-agua-ajuda-moradores-das-comunidades-a-viverem-com-mais-dignidade\/\" rel=\"noopener\">Informa\u00e7\u00f5es GOV.SP<\/a><\/p>\n","protected":false},"excerpt":{"rendered":"<p>A ro\u00e7adeira M\u00f4nica de Macedo Oliveira aproveitou o mutir\u00e3o da Sabesp realizado no munic\u00edpio de Itapecerica da Serra, cidade onde vive, para fazer seu cadastro e se beneficiar da Tarifa Social Paulista, programa do Governo de S\u00e3o Paulo que d\u00e1 desconto de at\u00e9 78% na conta de \u00e1gua e esgoto. \u201cEu vinha tentando fazer o [&hellip;]<\/p>\n","protected":false},"author":1,"featured_media":68101,"comment_status":"","ping_status":"open","sticky":false,"template":"","format":"standard","meta":{"_jetpack_newsletter_access":"","_jetpack_dont_email_post_to_subs":false,"_jetpack_newsletter_tier_id":0,"_jetpack_memberships_contains_paywalled_content":false,"_mbp_banners":[],"_jetpack_feature_clip_id":0,"_jetpack_memberships_contains_paid_content":false,"footnotes":"","jetpack_publicize_message":"","jetpack_publicize_feature_enabled":true,"jetpack_social_post_already_shared":true,"jetpack_social_options":{"image_generator_settings":{"template":"highway","default_image_id":0,"font":"","enabled":false},"version":2},"jetpack_post_was_ever_published":false},"categories":[21],"tags":[],"class_list":["post-68100","post","type-post","status-publish","format-standard","has-post-thumbnail","category-sp-news"],"jetpack_publicize_connections":[],"jetpack-related-posts":[],"jetpack_shortlink":"https:\/\/wp.me\/p7Eq1F-hIo","jetpack_sharing_enabled":true,"jetpack_featured_media_url":"https:\/\/i0.wp.com\/guialimeira.com.br\/news\/wp-content\/uploads\/2026\/06\/Tarifa-Social-Paulista-desconto-na-conta-de-agua-ajuda-moradores.jpeg?fit=650%2C582&ssl=1","_links":{"self":[{"href":"https:\/\/guialimeira.com.br\/news\/wp-json\/wp\/v2\/posts\/68100","targetHints":{"allow":["GET"]}}],"collection":[{"href":"https:\/\/guialimeira.com.br\/news\/wp-json\/wp\/v2\/posts"}],"about":[{"href":"https:\/\/guialimeira.com.br\/news\/wp-json\/wp\/v2\/types\/post"}],"author":[{"embeddable":true,"href":"https:\/\/guialimeira.com.br\/news\/wp-json\/wp\/v2\/users\/1"}],"replies":[{"embeddable":true,"href":"https:\/\/guialimeira.com.br\/news\/wp-json\/wp\/v2\/comments?post=68100"}],"version-history":[{"count":0,"href":"https:\/\/guialimeira.com.br\/news\/wp-json\/wp\/v2\/posts\/68100\/revisions"}],"wp:featuredmedia":[{"embeddable":true,"href":"https:\/\/guialimeira.com.br\/news\/wp-json\/wp\/v2\/media\/68101"}],"wp:attachment":[{"href":"https:\/\/guialimeira.com.br\/news\/wp-json\/wp\/v2\/media?parent=68100"}],"wp:term":[{"taxonomy":"category","embeddable":true,"href":"https:\/\/guialimeira.com.br\/news\/wp-json\/wp\/v2\/categories?post=68100"},{"taxonomy":"post_tag","embeddable":true,"href":"https:\/\/guialimeira.com.br\/news\/wp-json\/wp\/v2\/tags?post=68100"}],"curies":[{"name":"wp","href":"https:\/\/api.w.org\/{rel}","templated":true}]}}