{"id":68096,"date":"2026-06-06T10:20:19","date_gmt":"2026-06-06T13:20:19","guid":{"rendered":"https:\/\/guialimeira.com.br\/governo-de-sp-inicia-trabalhos-em-cotia-para-implantacao-da-linha-22-marrom-de-metro\/"},"modified":"2026-06-06T10:20:19","modified_gmt":"2026-06-06T13:20:19","slug":"governo-de-sp-inicia-trabalhos-em-cotia-para-implantacao-da-linha-22-marrom-de-metro","status":"publish","type":"post","link":"https:\/\/guialimeira.com.br\/news\/governo-de-sp-inicia-trabalhos-em-cotia-para-implantacao-da-linha-22-marrom-de-metro\/","title":{"rendered":"Governo de SP inicia trabalhos em Cotia para implanta\u00e7\u00e3o da Linha 22-Marrom de metr\u00f4"},"content":{"rendered":"<p> <br \/>\n<\/p>\n<div>\n<p class=\"wp-block-paragraph\">O Governo de S\u00e3o Paulo iniciou os trabalhos para a implanta\u00e7\u00e3o de uma linha de metr\u00f4 em Cotia, com a realiza\u00e7\u00e3o de sondagens de solo para a futura Linha 22-Marrom. A atividade conduzida pelo Metr\u00f4 na \u00e1rea do Complexo do Gin\u00e1sio de Esportes da cidade marca o in\u00edcio concreto dos estudos t\u00e9cnicos necess\u00e1rios para viabilizar a chegada da linha que vai ligar este mun\u00edcipio e Osasco \u00e0 esta\u00e7\u00e3o Sumar\u00e9 (Linha 2-Verde), na Zona Oeste da Capital paulista.<\/p>\n<p class=\"wp-block-paragraph\">As sondagens consistem na perfura\u00e7\u00e3o do solo para coleta de dados geol\u00f3gicos e geot\u00e9cnicos, permitindo identificar as caracter\u00edsticas do terreno. Essas informa\u00e7\u00f5es s\u00e3o fundamentais para definir os m\u00e9todos construtivos, os equipamentos a serem utilizados e as solu\u00e7\u00f5es de engenharia mais adequadas para a futura linha subterr\u00e2nea.<\/p>\n<figure class=\"wp-block-image size-full\"><img data-recalc-dims=\"1\" fetchpriority=\"high\" decoding=\"async\" width=\"696\" height=\"385\" src=\"https:\/\/i0.wp.com\/www.agenciasp.sp.gov.br\/wp-content\/uploads\/2026\/06\/Imagem2-1024x566-1.png?resize=696%2C385&#038;ssl=1\" alt=\"\" class=\"wp-image-149562\" srcset=\"https:\/\/www.agenciasp.sp.gov.br\/wp-content\/uploads\/2026\/06\/Imagem2-1024x566-1.png 1024w, https:\/\/www.agenciasp.sp.gov.br\/wp-content\/uploads\/2026\/06\/Imagem2-1024x566-1-300x166.png 300w, https:\/\/www.agenciasp.sp.gov.br\/wp-content\/uploads\/2026\/06\/Imagem2-1024x566-1-768x425.png 768w, https:\/\/www.agenciasp.sp.gov.br\/wp-content\/uploads\/2026\/06\/Imagem2-1024x566-1-150x83.png 150w\" sizes=\"(max-width: 1024px) 100vw, 1024px\"\/><figcaption class=\"wp-element-caption\">Totalmente subterr\u00e2nea, a Linha 22-Marrom dever\u00e1 ter cerca de 29 quil\u00f4metros de extens\u00e3o e 19 esta\u00e7\u00f5es, conectando Cotia e Osasco \u00e0 esta\u00e7\u00e3o Sumar\u00e9, na Linha 2-Verde<\/figcaption><\/figure>\n<p class=\"wp-block-paragraph\"><strong>LEIA TAMB\u00c9M: <\/strong><a href=\"https:\/\/www.agenciasp.sp.gov.br\/corpus-christi-deve-registrar-o-maior-movimento-nas-rodovias-paulistas-em-2026\/\" rel=\"noopener\">Corpus Christi deve registrar o maior movimento nas rodovias paulistas em 2026<\/a><\/p>\n<p class=\"wp-block-paragraph\">Atualmente, a Linha 22-Marrom encontra-se na fase de contrata\u00e7\u00e3o do Projeto B\u00e1sico, que detalha tecnicamente a implanta\u00e7\u00e3o e antecede a contrata\u00e7\u00e3o das obras. Paralelamente, o projeto avan\u00e7a com a aprova\u00e7\u00e3o do Estudo de Impacto Ambiental (EIA\/RIMA).<\/p>\n<p class=\"wp-block-paragraph\">Al\u00e9m disso, a Licen\u00e7a Ambiental Pr\u00e9via j\u00e1 foi solicitada, e novas sondagens ser\u00e3o realizadas ao longo dos pr\u00f3ximos meses em diferentes pontos do tra\u00e7ado, consolidando a base t\u00e9cnica necess\u00e1ria para a evolu\u00e7\u00e3o do projeto.<\/p>\n<p class=\"wp-block-paragraph\"><strong>LEIA TAMB\u00c9M: <\/strong><a href=\"https:\/\/www.agenciasp.sp.gov.br\/melhorias-caminhoes-rodovia-anchiete\/\" rel=\"noopener\">Governo de SP amplia seguran\u00e7a no corredor de exporta\u00e7\u00e3o da Anchieta com melhorias para circula\u00e7\u00e3o de caminh\u00f5es de at\u00e9 30 metros<\/a><\/p>\n<h3 class=\"wp-block-heading\">Como ser\u00e1 a Linha 22-Marrom<\/h3>\n<p class=\"wp-block-paragraph\">Totalmente subterr\u00e2nea, a Linha 22-Marrom dever\u00e1 ter cerca de 29 quil\u00f4metros de extens\u00e3o e 19 esta\u00e7\u00f5es, conectando Cotia e Osasco \u00e0 esta\u00e7\u00e3o Sumar\u00e9, na Linha 2-Verde. O projeto prev\u00ea integra\u00e7\u00e3o com outras linhas do sistema sobre trilhos, atendimento cerca de 650 mil passageiros por dia, com tempo m\u00e9dio estimado de viagem de 42 minutos entre Cotia e a capital.<\/p>\n<figure class=\"wp-block-image size-full\"><img data-recalc-dims=\"1\" loading=\"lazy\" decoding=\"async\" width=\"696\" height=\"385\" src=\"https:\/\/i0.wp.com\/www.agenciasp.sp.gov.br\/wp-content\/uploads\/2026\/06\/Imagem3-1024x566-1.png?resize=696%2C385&#038;ssl=1\" alt=\"\" class=\"wp-image-149564\" srcset=\"https:\/\/www.agenciasp.sp.gov.br\/wp-content\/uploads\/2026\/06\/Imagem3-1024x566-1.png 1024w, https:\/\/www.agenciasp.sp.gov.br\/wp-content\/uploads\/2026\/06\/Imagem3-1024x566-1-300x166.png 300w, https:\/\/www.agenciasp.sp.gov.br\/wp-content\/uploads\/2026\/06\/Imagem3-1024x566-1-768x425.png 768w, https:\/\/www.agenciasp.sp.gov.br\/wp-content\/uploads\/2026\/06\/Imagem3-1024x566-1-150x83.png 150w\" sizes=\"auto, (max-width: 1024px) 100vw, 1024px\"\/><figcaption class=\"wp-element-caption\">Imagens computadorizadas mostram como ser\u00e1 a esta\u00e7\u00e3o USP-Pra\u00e7a do Rel\u00f3gio<\/figcaption><\/figure>\n<figure class=\"wp-block-image size-full\"><img data-recalc-dims=\"1\" loading=\"lazy\" decoding=\"async\" width=\"696\" height=\"371\" src=\"https:\/\/i0.wp.com\/www.agenciasp.sp.gov.br\/wp-content\/uploads\/2026\/06\/Imagem4-1024x546-1.png?resize=696%2C371&#038;ssl=1\" alt=\"\" class=\"wp-image-149567\" srcset=\"https:\/\/www.agenciasp.sp.gov.br\/wp-content\/uploads\/2026\/06\/Imagem4-1024x546-1.png 1024w, https:\/\/www.agenciasp.sp.gov.br\/wp-content\/uploads\/2026\/06\/Imagem4-1024x546-1-300x160.png 300w, https:\/\/www.agenciasp.sp.gov.br\/wp-content\/uploads\/2026\/06\/Imagem4-1024x546-1-768x410.png 768w, https:\/\/www.agenciasp.sp.gov.br\/wp-content\/uploads\/2026\/06\/Imagem4-1024x546-1-150x80.png 150w\" sizes=\"auto, (max-width: 1024px) 100vw, 1024px\"\/><figcaption class=\"wp-element-caption\">Linha 22-Marrom dever\u00e1 ter cerca de 29 km de extens\u00e3o e 19 esta\u00e7\u00f5es, conectando Cotia e Osasco \u00e0 esta\u00e7\u00e3o Sumar\u00e9, na Linha 2-Verde<\/figcaption><\/figure>\n<\/p><\/div>\n<p><br \/>\n<br \/><a href=\"https:\/\/www.agenciasp.sp.gov.br\/governo-de-sp-inicia-trabalhos-em-cotia-para-implantacao-da-linha-22-marrom-de-metro\/\" rel=\"noopener\">Informa\u00e7\u00f5es GOV.SP<\/a><\/p>\n","protected":false},"excerpt":{"rendered":"<p>O Governo de S\u00e3o Paulo iniciou os trabalhos para a implanta\u00e7\u00e3o de uma linha de metr\u00f4 em Cotia, com a realiza\u00e7\u00e3o de sondagens de solo para a futura Linha 22-Marrom. A atividade conduzida pelo Metr\u00f4 na \u00e1rea do Complexo do Gin\u00e1sio de Esportes da cidade marca o in\u00edcio concreto dos estudos t\u00e9cnicos necess\u00e1rios para viabilizar [&hellip;]<\/p>\n","protected":false},"author":1,"featured_media":68097,"comment_status":"","ping_status":"open","sticky":false,"template":"","format":"standard","meta":{"_jetpack_newsletter_access":"","_jetpack_dont_email_post_to_subs":false,"_jetpack_newsletter_tier_id":0,"_jetpack_memberships_contains_paywalled_content":false,"_mbp_banners":[],"_jetpack_feature_clip_id":0,"_jetpack_memberships_contains_paid_content":false,"footnotes":"","jetpack_publicize_message":"","jetpack_publicize_feature_enabled":true,"jetpack_social_post_already_shared":true,"jetpack_social_options":{"image_generator_settings":{"template":"highway","default_image_id":0,"font":"","enabled":false},"version":2},"jetpack_post_was_ever_published":false},"categories":[21],"tags":[],"class_list":["post-68096","post","type-post","status-publish","format-standard","has-post-thumbnail","category-sp-news"],"jetpack_publicize_connections":[],"jetpack-related-posts":[],"jetpack_shortlink":"https:\/\/wp.me\/p7Eq1F-hIk","jetpack_sharing_enabled":true,"jetpack_featured_media_url":"https:\/\/i0.wp.com\/guialimeira.com.br\/news\/wp-content\/uploads\/2026\/06\/Governo-de-SP-inicia-trabalhos-em-Cotia-para-implantacao-da.png?fit=1024%2C566&ssl=1","_links":{"self":[{"href":"https:\/\/guialimeira.com.br\/news\/wp-json\/wp\/v2\/posts\/68096","targetHints":{"allow":["GET"]}}],"collection":[{"href":"https:\/\/guialimeira.com.br\/news\/wp-json\/wp\/v2\/posts"}],"about":[{"href":"https:\/\/guialimeira.com.br\/news\/wp-json\/wp\/v2\/types\/post"}],"author":[{"embeddable":true,"href":"https:\/\/guialimeira.com.br\/news\/wp-json\/wp\/v2\/users\/1"}],"replies":[{"embeddable":true,"href":"https:\/\/guialimeira.com.br\/news\/wp-json\/wp\/v2\/comments?post=68096"}],"version-history":[{"count":0,"href":"https:\/\/guialimeira.com.br\/news\/wp-json\/wp\/v2\/posts\/68096\/revisions"}],"wp:featuredmedia":[{"embeddable":true,"href":"https:\/\/guialimeira.com.br\/news\/wp-json\/wp\/v2\/media\/68097"}],"wp:attachment":[{"href":"https:\/\/guialimeira.com.br\/news\/wp-json\/wp\/v2\/media?parent=68096"}],"wp:term":[{"taxonomy":"category","embeddable":true,"href":"https:\/\/guialimeira.com.br\/news\/wp-json\/wp\/v2\/categories?post=68096"},{"taxonomy":"post_tag","embeddable":true,"href":"https:\/\/guialimeira.com.br\/news\/wp-json\/wp\/v2\/tags?post=68096"}],"curies":[{"name":"wp","href":"https:\/\/api.w.org\/{rel}","templated":true}]}}