{"id":6809,"date":"2024-05-28T21:31:42","date_gmt":"2024-05-29T00:31:42","guid":{"rendered":"https:\/\/guialimeira.com.br\/2024\/05\/28\/lula-sanciona-lei-para-modernizacao-do-parque-industrial\/"},"modified":"2024-05-28T21:31:42","modified_gmt":"2024-05-29T00:31:42","slug":"lula-sanciona-lei-para-modernizacao-do-parque-industrial","status":"publish","type":"post","link":"https:\/\/guialimeira.com.br\/news\/lula-sanciona-lei-para-modernizacao-do-parque-industrial\/","title":{"rendered":"Lula sanciona lei para moderniza\u00e7\u00e3o do parque industrial"},"content":{"rendered":"<p> <br \/>\n<\/p>\n<div>\n<p>O presidente Luiz In\u00e1cio Lula da Silva sancionou, nesta ter\u00e7a-feira (28), a lei que prev\u00ea incentivos fiscais para moderniza\u00e7\u00e3o do parque industrial brasileiro. O texto foi encaminhado pelo <a href=\"https:\/\/agenciabrasil.ebc.com.br\/economia\/noticia\/2023-12\/governo-envia-pl-ao-congresso-para-modernizacao-do-parque-industrial\" target=\"_blank\" rel=\"noopener\">governo no fim de dezembro de 2023<\/a> e aprovado em abril pelo Senado. Ser\u00e3o destinados R$ 3,4 bilh\u00f5es na deprecia\u00e7\u00e3o de m\u00e1quinas e equipamentos, em at\u00e9 dois anos.<img data-recalc-dims=\"1\" decoding=\"async\" src=\"https:\/\/i0.wp.com\/agenciabrasil.ebc.com.br\/ebc.png?w=696&#038;ssl=1\" style=\"width:1px; height:1px; display:inline;\"\/><img data-recalc-dims=\"1\" decoding=\"async\" src=\"https:\/\/i0.wp.com\/agenciabrasil.ebc.com.br\/ebc.gif?w=696&#038;ssl=1\" style=\"width:1px; height:1px; display:inline;\"\/><\/p>\n<p>Segundo o vice-presidente e ministro do Desenvolvimento, Ind\u00fastria, Com\u00e9rcio e Servi\u00e7os, Geraldo Alckmin, o programa visa aumentar a efici\u00eancia das ind\u00fastrias do pa\u00eds e tamb\u00e9m atrair investimentos. O programa tamb\u00e9m quer contribuir para aumentar o fluxo de caixa das empresas e a chamada Forma\u00e7\u00e3o Bruta de Capital Fixo \u2013 que mede a capacidade produtiva futura com a aquisi\u00e7\u00e3o de maquin\u00e1rio.<\/p>\n<p>\u201cEra o pedido n\u00famero um da ind\u00fastria, da Confedera\u00e7\u00e3o Nacional da Ind\u00fastria [CNI], das federa\u00e7\u00f5es das ind\u00fastrias: \u2018vamos modernizar o parque fabril fazendo uma deprecia\u00e7\u00e3o acelerada\u2019\u201d, disse Alckmin.<\/p>\n<p>\u201cS\u00e3o tr\u00eas desafios que est\u00e3o sendo atingidos, v\u00e3o ao encontro de tr\u00eas objetivos, o primeiro \u00e9 aumentar investimento, o Brasil tem baixo investimento em propor\u00e7\u00e3o ao Produto Interno Bruto (PIB) [em torno de 18%]. Segundo \u00e9 competitividade e produtividade, faz crescer com m\u00e1quinas mais modernas. E o terceiro, efici\u00eancia energ\u00e9tica, est\u00e1 dentro do trabalho da transi\u00e7\u00e3o ecol\u00f3gica\u201d, acrescentou Alckmin.<\/p>\n<p>A CNI estima que a medida pode gerar incremento de R$ 20 bilh\u00f5es nos investimentos no Brasil, em 2024. Estudo da entidade mostra que as m\u00e1quinas e equipamentos usados pela ind\u00fastria brasileira t\u00eam, em m\u00e9dia, 14 anos de idade, sendo que 38% deles est\u00e3o pr\u00f3ximos ou j\u00e1 ultrapassaram o ciclo de vida ideal. Segundo a CNI, isso afeta a competitividade das empresas e exigem maiores custos de manuten\u00e7\u00e3o e gerenciamento dos equipamentos.<\/p>\n<p>Pelo texto sancionado, o governo fica autorizado a utilizar o instrumento da deprecia\u00e7\u00e3o acelerada para estimular setores econ\u00f4micos a investirem em m\u00e1quinas, equipamentos, aparelhos e instrumentos novos. A medida valer\u00e1 para as aquisi\u00e7\u00f5es feitas at\u00e9 31 de dezembro de 2025.<\/p>\n<p>A deprecia\u00e7\u00e3o acelerada \u00e9 um mecanismo que funciona como antecipa\u00e7\u00e3o de receita para as empresas. Quando um bem de capital \u00e9 adquirido, a ind\u00fastria pode abater seu valor nas declara\u00e7\u00f5es futuras de Imposto de Renda de Pessoa Jur\u00eddica (IRPJ) e de Contribui\u00e7\u00e3o Social Sobre o Lucro L\u00edquido (CSLL).<\/p>\n<p>Em condi\u00e7\u00f5es normais, esse abatimento \u00e9 gradual, feito em at\u00e9 25 anos, conforme o bem vai se depreciando. Com a deprecia\u00e7\u00e3o prevista na nova lei, o abatimento do valor das m\u00e1quinas adquiridas at\u00e9 2025 poder\u00e1 ser feito em apenas duas etapas: 50% no ano em que ele for instalado ou entrar em opera\u00e7\u00e3o e 50% no ano seguinte.<\/p>\n<p>A deprecia\u00e7\u00e3o acelerada s\u00f3 poder\u00e1 ser utilizada para bens intrinsecamente relacionados \u00e0 produ\u00e7\u00e3o ou \u00e0 comercializa\u00e7\u00e3o de bens e servi\u00e7os. O texto exclui expressamente bens im\u00f3veis, projetos florestais destinados \u00e0 explora\u00e7\u00e3o dos respectivos frutos, bens com cota de exaust\u00e3o registrada e bens que normalmente aumentam de valor com o tempo, como obras de arte.<\/p>\n<p>\u201cNa pr\u00e1tica, essa medida, apesar de n\u00e3o diminuir a tributa\u00e7\u00e3o total acumulada ao longo dos anos, ajuda o fluxo de caixa da empresa justamente no momento no qual ela tende a ter mais despesas, que \u00e9 quando realiza os investimentos\u201d, avaliou a CNI, em comunicado na ocasi\u00e3o da aprova\u00e7\u00e3o do projeto no Senado.<\/p>\n<h2>Compensa\u00e7\u00e3o<\/h2>\n<p>Alckmin ressaltou que n\u00e3o se trata de isen\u00e7\u00e3o tribut\u00e1ria, mas de uma antecipa\u00e7\u00e3o no abatimento no IRPJ\/CSLL a que o empres\u00e1rio tem direito. Ainda assim, as regras fiscais exigem que se defina fontes de recursos or\u00e7ament\u00e1rios para aplica\u00e7\u00e3o do benef\u00edcio.<\/p>\n<p>A fonte ser\u00e1 a recomposi\u00e7\u00e3o tarif\u00e1ria da importa\u00e7\u00e3o de pain\u00e9is solares e aerogeradores. Em 12 de dezembro do ano passado, a C\u00e2mara de Com\u00e9rcio Exterior (Camex) restabeleceu a tributa\u00e7\u00e3o para c\u00e9lulas fotovoltaicas e equipamentos de energia e\u00f3lica comprados no exterior.<\/p>\n<p>No caso da energia solar, a Camex decidiu pelo fim da redu\u00e7\u00e3o da tarifa de importa\u00e7\u00e3o dos pain\u00e9is montados, j\u00e1 que existe produ\u00e7\u00e3o similar no Brasil, e pela revoga\u00e7\u00e3o de 324 ex-tarif\u00e1rios desse mesmo produto que tinham redu\u00e7\u00e3o a zero da tarifa.<\/p>\n<p>Assim, desde 1\u00ba de janeiro de 2024, a compra dos m\u00f3dulos no exterior voltou a recolher imposto de importa\u00e7\u00e3o pela Tarifa Externa Comum (TEC) do Mercosul, de 10,8%. Para os ex-tarif\u00e1rios revogados, a medida levou 60 dias para entrar em vigor<\/p>\n<p>Para que o mercado tenha tempo de se adaptar \u00e0s novas regras, o comit\u00ea gestor da Camex estabeleceu tamb\u00e9m cotas de importa\u00e7\u00e3o a 0%, em valores decrescentes at\u00e9 2027. As cotas ser\u00e3o de: US$ 1,13 bilh\u00e3o entre janeiro e junho de 2024; US$ 1,01 bilh\u00e3o entre julho de 2024 e junho de 2025; US$ 717 milh\u00f5es entre julho de 2025 e junho de 2026; e US$ 403 milh\u00f5es entre julho de 2026 e junho de 2027.<\/p>\n<\/p><\/div>\n<p><br \/>\n<br \/><a href=\"https:\/\/agenciabrasil.ebc.com.br\/economia\/noticia\/2024-05\/lula-sanciona-lei-para-modernizacao-do-parque-industrial\" rel=\"noopener\">Ag\u00eancia Brasil<\/a><\/p>\n","protected":false},"excerpt":{"rendered":"<p>O presidente Luiz In\u00e1cio Lula da Silva sancionou, nesta ter\u00e7a-feira (28), a lei que prev\u00ea incentivos fiscais para moderniza\u00e7\u00e3o do parque industrial brasileiro. O texto foi encaminhado pelo governo no fim de dezembro de 2023 e aprovado em abril pelo Senado. Ser\u00e3o destinados R$ 3,4 bilh\u00f5es na deprecia\u00e7\u00e3o de m\u00e1quinas e equipamentos, em at\u00e9 dois [&hellip;]<\/p>\n","protected":false},"author":1,"featured_media":269,"comment_status":"open","ping_status":"open","sticky":false,"template":"","format":"standard","meta":{"_jetpack_newsletter_access":"","_jetpack_dont_email_post_to_subs":false,"_jetpack_newsletter_tier_id":0,"_jetpack_memberships_contains_paywalled_content":false,"_mbp_banners":[],"_jetpack_feature_clip_id":0,"_jetpack_memberships_contains_paid_content":false,"footnotes":"","jetpack_publicize_message":"","jetpack_publicize_feature_enabled":true,"jetpack_social_post_already_shared":true,"jetpack_social_options":{"image_generator_settings":{"template":"highway","default_image_id":0,"font":"","enabled":false},"version":2},"jetpack_post_was_ever_published":false},"categories":[24],"tags":[],"class_list":["post-6809","post","type-post","status-publish","format-standard","has-post-thumbnail","category-economia"],"jetpack_publicize_connections":[],"jetpack-related-posts":[],"jetpack_shortlink":"https:\/\/wp.me\/p7Eq1F-1LP","jetpack_sharing_enabled":true,"jetpack_featured_media_url":"https:\/\/i0.wp.com\/guialimeira.com.br\/news\/wp-content\/uploads\/2024\/03\/thumb_1200x600_agbrasil.png?fit=1200%2C600&ssl=1","_links":{"self":[{"href":"https:\/\/guialimeira.com.br\/news\/wp-json\/wp\/v2\/posts\/6809","targetHints":{"allow":["GET"]}}],"collection":[{"href":"https:\/\/guialimeira.com.br\/news\/wp-json\/wp\/v2\/posts"}],"about":[{"href":"https:\/\/guialimeira.com.br\/news\/wp-json\/wp\/v2\/types\/post"}],"author":[{"embeddable":true,"href":"https:\/\/guialimeira.com.br\/news\/wp-json\/wp\/v2\/users\/1"}],"replies":[{"embeddable":true,"href":"https:\/\/guialimeira.com.br\/news\/wp-json\/wp\/v2\/comments?post=6809"}],"version-history":[{"count":0,"href":"https:\/\/guialimeira.com.br\/news\/wp-json\/wp\/v2\/posts\/6809\/revisions"}],"wp:featuredmedia":[{"embeddable":true,"href":"https:\/\/guialimeira.com.br\/news\/wp-json\/wp\/v2\/media\/269"}],"wp:attachment":[{"href":"https:\/\/guialimeira.com.br\/news\/wp-json\/wp\/v2\/media?parent=6809"}],"wp:term":[{"taxonomy":"category","embeddable":true,"href":"https:\/\/guialimeira.com.br\/news\/wp-json\/wp\/v2\/categories?post=6809"},{"taxonomy":"post_tag","embeddable":true,"href":"https:\/\/guialimeira.com.br\/news\/wp-json\/wp\/v2\/tags?post=6809"}],"curies":[{"name":"wp","href":"https:\/\/api.w.org\/{rel}","templated":true}]}}