{"id":68078,"date":"2026-06-05T22:39:29","date_gmt":"2026-06-06T01:39:29","guid":{"rendered":"https:\/\/guialimeira.com.br\/?p=68078"},"modified":"2026-06-05T22:39:29","modified_gmt":"2026-06-06T01:39:29","slug":"cordeiropolis-forma-14-novos-gcms-e-reforca-seguranca-com-maior-investimento-da-ultima-decada-prefeitura-municipal-de-cordeiropolis","status":"publish","type":"post","link":"https:\/\/guialimeira.com.br\/news\/cordeiropolis-forma-14-novos-gcms-e-reforca-seguranca-com-maior-investimento-da-ultima-decada-prefeitura-municipal-de-cordeiropolis\/","title":{"rendered":"Cordeir\u00f3polis forma 14 novos GCMs e refor\u00e7a seguran\u00e7a com maior investimento da \u00faltima d\u00e9cada \u2013 Prefeitura Municipal de Cordeir\u00f3polis"},"content":{"rendered":"<p> <br \/>\n<\/p>\n<div>\n<p>A seguran\u00e7a p\u00fablica de Cordeir\u00f3polis ganhou um importante refor\u00e7o com a formatura de 14 novos agentes da Guarda Civil Municipal (GCM). A cerim\u00f4nia foi realizada na Patrulha Mirim na noite de sexta-feira (29) e marcou a conclus\u00e3o da primeira turma formada pela Academia Preparat\u00f3ria da GCM, implantada pela gest\u00e3o da prefeita Cristina Saad.<\/p>\n<p>Participaram da formatura, al\u00e9m da prefeita, o vice-prefeito Anderson Hespanhol Pique, o secret\u00e1rio de Seguran\u00e7a P\u00fablica e Tr\u00e2nsito, Amarildo Zorzo, o deputado federal Paulo Bilynskyj, o assessor do Governo Estadual, Ricardo Molina, o presidente da C\u00e2mara, vereador Paulo Morais de Oliveira, os vereadores Vilson Caleffi, Valmir Sanches, Sidnei Gambaro, Deize Bettin, C\u00edcero Saraiva, Rozimar Rodrigues e Jos\u00e9 Br\u00e1s da Silva, e a diretora da pasta, C\u00e1ssia de Moraes.<\/p>\n<p>Os novos guardas j\u00e1 come\u00e7am a atuar nas ruas do munic\u00edpio e participaram do Desfile C\u00edvico em comemora\u00e7\u00e3o aos 78 anos da cidade neste domingo (31). \u201c\u00c9 um momento hist\u00f3rico para a seguran\u00e7a de Cordeir\u00f3polis. 15 anos depois da \u00faltima convoca\u00e7\u00e3o, finalmente teremos novos GCMs nas ruas da cidade, trazendo mais seguran\u00e7a para a popula\u00e7\u00e3o\u201d, afirmou Cristina Saad.<\/p>\n<p>Os agentes passaram por uma jornada de mais de 800 horas de forma\u00e7\u00e3o te\u00f3rica, com aulas de defesa pessoal, t\u00e9cnicas de abordagem, mobiliza\u00e7\u00e3o, condicionamento f\u00edsico e 160 horas de pr\u00e1tica de tiro. O curso contou com professores qualificados, com ampla experi\u00eancia na \u00e1rea de seguran\u00e7a p\u00fablica e que s\u00e3o refer\u00eancias no Estado de S\u00e3o Paulo.<\/p>\n<p>\u201cCordeir\u00f3polis volta a ampliar o efetivo da corpora\u00e7\u00e3o, que \u00e9 muito respeita em Cordeir\u00f3polis e que realiza um trabalho de excel\u00eancia. \u00c9 o maior investimento realizado na Guarda Municipal na \u00faltima d\u00e9cada\u201d, pontuou a prefeita. Al\u00e9m de novos equipamentos, uniformes, muni\u00e7\u00e3o e fuzis, a GCM est\u00e1 mais moderna com a implanta\u00e7\u00e3o do SmartGCM, que digitaliza os processos da corpora\u00e7\u00e3o.<\/p>\n<p>\u201cO fortalecimento da seguran\u00e7a \u00e9 uma constru\u00e7\u00e3o di\u00e1ria. Estamos investindo em estrutura, tecnologia, equipamentos e, principalmente, em pessoas. Esses novos guardas chegam preparados e integrados a uma nova realidade da GCM, com mais agilidade e intelig\u00eancia no atendimento\u201d, destacou o vice-prefeito Pique.<\/p>\n<p>O secret\u00e1rio de Seguran\u00e7a P\u00fablica e Tr\u00e2nsito ressaltou a qualidade da forma\u00e7\u00e3o oferecida aos agentes e a dedica\u00e7\u00e3o de cada formando. \u201cEssa forma\u00e7\u00e3o foi constru\u00edda com muito crit\u00e9rio, seriedade e profissionais extremamente capacitados. Foram meses intensos de prepara\u00e7\u00e3o t\u00e9cnica, f\u00edsica e operacional. A popula\u00e7\u00e3o ganha uma Guarda mais preparada, moderna e estruturada\u201d, disse Zorzo.<\/p>\n<p>Tamb\u00e9m estiveram presentes secret\u00e1rios municipais, agentes da Pol\u00edcia Militar e da Pol\u00edcia Civil, os professores que atuaram durante a forma\u00e7\u00e3o, familiares, entre outras autoridades.<\/p>\n<figure class=\"wp-block-gallery has-nested-images columns-default is-cropped wp-block-gallery-1 is-layout-flex wp-block-gallery-is-layout-flex\">\n<figure class=\"wp-block-image\"><\/figure>\n<figure class=\"wp-block-image\"><img data-recalc-dims=\"1\" decoding=\"async\" data-attachment-id=\"32803\" data-permalink=\"https:\/\/guialimeira.com.br\/news\/bolsa-atirador-em-limeira-tiro-de-guerra\/bolsa-atirador\/\" data-orig-file=\"https:\/\/i0.wp.com\/guialimeira.com.br\/news\/wp-content\/uploads\/2025\/05\/bolsa-atirador.png?fit=1024%2C1024&amp;ssl=1\" data-orig-size=\"1024,1024\" data-comments-opened=\"1\" data-image-meta=\"{&quot;aperture&quot;:&quot;0&quot;,&quot;credit&quot;:&quot;&quot;,&quot;camera&quot;:&quot;&quot;,&quot;caption&quot;:&quot;&quot;,&quot;created_timestamp&quot;:&quot;0&quot;,&quot;copyright&quot;:&quot;&quot;,&quot;focal_length&quot;:&quot;0&quot;,&quot;iso&quot;:&quot;0&quot;,&quot;shutter_speed&quot;:&quot;0&quot;,&quot;title&quot;:&quot;&quot;,&quot;orientation&quot;:&quot;0&quot;}\" data-image-title=\"bolsa-atirador\" data-image-description=\"\" data-image-caption=\"\" data-large-file=\"https:\/\/i0.wp.com\/guialimeira.com.br\/news\/wp-content\/uploads\/2025\/05\/bolsa-atirador.png?fit=696%2C696&amp;ssl=1\" loading=\"lazy\" width=\"696\" height=\"392\" data-id=\"32803\" src=\"https:\/\/i0.wp.com\/guialimeira.com.br\/wp-content\/uploads\/2026\/06\/1780709967_474_Cordeiropolis-forma-14-novos-GCMs-e-reforca-seguranca-com-maior.jpeg?resize=696%2C392&#038;ssl=1\" alt=\"\" class=\"wp-image-32803\" \/><\/figure>\n<figure class=\"wp-block-image\"><img data-recalc-dims=\"1\" decoding=\"async\" loading=\"lazy\" width=\"696\" height=\"392\" data-id=\"32802\" src=\"https:\/\/i0.wp.com\/guialimeira.com.br\/wp-content\/uploads\/2026\/06\/1780709967_66_Cordeiropolis-forma-14-novos-GCMs-e-reforca-seguranca-com-maior.jpeg?resize=696%2C392&#038;ssl=1\" alt=\"\" class=\"wp-image-32802\" \/><\/figure>\n<figure class=\"wp-block-image\"><img data-recalc-dims=\"1\" decoding=\"async\" data-attachment-id=\"32801\" data-permalink=\"https:\/\/guialimeira.com.br\/news\/radio-nacional-atinge-400-mil-pessoas-por-mes-e-ganha-publico-jovem\/microfone-radio0709201437-jpg-2\/\" data-orig-file=\"https:\/\/i0.wp.com\/guialimeira.com.br\/news\/wp-content\/uploads\/2025\/05\/microfone.radio0709201437.jpg?fit=1600%2C800&amp;ssl=1\" data-orig-size=\"1600,800\" data-comments-opened=\"1\" data-image-meta=\"{&quot;aperture&quot;:&quot;0&quot;,&quot;credit&quot;:&quot;&quot;,&quot;camera&quot;:&quot;&quot;,&quot;caption&quot;:&quot;&quot;,&quot;created_timestamp&quot;:&quot;0&quot;,&quot;copyright&quot;:&quot;&quot;,&quot;focal_length&quot;:&quot;0&quot;,&quot;iso&quot;:&quot;0&quot;,&quot;shutter_speed&quot;:&quot;0&quot;,&quot;title&quot;:&quot;&quot;,&quot;orientation&quot;:&quot;0&quot;}\" data-image-title=\"microfone.radio0709201437.jpg\" data-image-description=\"\" data-image-caption=\"\" data-large-file=\"https:\/\/i0.wp.com\/guialimeira.com.br\/news\/wp-content\/uploads\/2025\/05\/microfone.radio0709201437.jpg?fit=696%2C348&amp;ssl=1\" loading=\"lazy\" width=\"696\" height=\"392\" data-id=\"32801\" src=\"https:\/\/i0.wp.com\/guialimeira.com.br\/wp-content\/uploads\/2026\/06\/1780709967_647_Cordeiropolis-forma-14-novos-GCMs-e-reforca-seguranca-com-maior.jpeg?resize=696%2C392&#038;ssl=1\" alt=\"\" class=\"wp-image-32801\" \/><\/figure>\n<figure class=\"wp-block-image\"><img data-recalc-dims=\"1\" decoding=\"async\" loading=\"lazy\" width=\"696\" height=\"392\" data-id=\"32800\" src=\"https:\/\/i0.wp.com\/guialimeira.com.br\/wp-content\/uploads\/2026\/06\/1780709967_184_Cordeiropolis-forma-14-novos-GCMs-e-reforca-seguranca-com-maior.jpeg?resize=696%2C392&#038;ssl=1\" alt=\"\" class=\"wp-image-32800\" \/><\/figure>\n<figure class=\"wp-block-image\"><img data-recalc-dims=\"1\" decoding=\"async\" data-attachment-id=\"32799\" data-permalink=\"https:\/\/guialimeira.com.br\/news\/brasil-chega-a-decisao-da-copa-do-mundo-de-beach-soccer\/2214378980-jpg\/\" data-orig-file=\"https:\/\/i0.wp.com\/guialimeira.com.br\/news\/wp-content\/uploads\/2025\/05\/2214378980.jpg?fit=1600%2C800&amp;ssl=1\" data-orig-size=\"1600,800\" data-comments-opened=\"1\" data-image-meta=\"{&quot;aperture&quot;:&quot;0&quot;,&quot;credit&quot;:&quot;&quot;,&quot;camera&quot;:&quot;&quot;,&quot;caption&quot;:&quot;&quot;,&quot;created_timestamp&quot;:&quot;0&quot;,&quot;copyright&quot;:&quot;&quot;,&quot;focal_length&quot;:&quot;0&quot;,&quot;iso&quot;:&quot;0&quot;,&quot;shutter_speed&quot;:&quot;0&quot;,&quot;title&quot;:&quot;&quot;,&quot;orientation&quot;:&quot;0&quot;}\" data-image-title=\"2214378980.jpg\" data-image-description=\"\" data-image-caption=\"\" data-large-file=\"https:\/\/i0.wp.com\/guialimeira.com.br\/news\/wp-content\/uploads\/2025\/05\/2214378980.jpg?fit=696%2C348&amp;ssl=1\" loading=\"lazy\" width=\"696\" height=\"392\" data-id=\"32799\" src=\"https:\/\/i0.wp.com\/guialimeira.com.br\/wp-content\/uploads\/2026\/06\/1780709967_639_Cordeiropolis-forma-14-novos-GCMs-e-reforca-seguranca-com-maior.jpeg?resize=696%2C392&#038;ssl=1\" alt=\"\" class=\"wp-image-32799\" \/><\/figure>\n<figure class=\"wp-block-image\"><img data-recalc-dims=\"1\" decoding=\"async\" loading=\"lazy\" width=\"696\" height=\"392\" data-id=\"32798\" src=\"https:\/\/i0.wp.com\/guialimeira.com.br\/wp-content\/uploads\/2026\/06\/1780709967_43_Cordeiropolis-forma-14-novos-GCMs-e-reforca-seguranca-com-maior.jpeg?resize=696%2C392&#038;ssl=1\" alt=\"\" class=\"wp-image-32798\" \/><\/figure>\n<figure class=\"wp-block-image\"><img data-recalc-dims=\"1\" decoding=\"async\" data-attachment-id=\"32797\" data-permalink=\"https:\/\/guialimeira.com.br\/news\/programacao-no-mast-lembra-os-100-anos-de-visita-de-eisntein-ao-brasil\/toms9495-jpg\/\" data-orig-file=\"https:\/\/i0.wp.com\/guialimeira.com.br\/news\/wp-content\/uploads\/2025\/05\/toms9495.jpg?fit=1600%2C800&amp;ssl=1\" data-orig-size=\"1600,800\" data-comments-opened=\"1\" data-image-meta=\"{&quot;aperture&quot;:&quot;0&quot;,&quot;credit&quot;:&quot;&quot;,&quot;camera&quot;:&quot;&quot;,&quot;caption&quot;:&quot;&quot;,&quot;created_timestamp&quot;:&quot;0&quot;,&quot;copyright&quot;:&quot;&quot;,&quot;focal_length&quot;:&quot;0&quot;,&quot;iso&quot;:&quot;0&quot;,&quot;shutter_speed&quot;:&quot;0&quot;,&quot;title&quot;:&quot;&quot;,&quot;orientation&quot;:&quot;0&quot;}\" data-image-title=\"toms9495.jpg\" data-image-description=\"\" data-image-caption=\"\" data-large-file=\"https:\/\/i0.wp.com\/guialimeira.com.br\/news\/wp-content\/uploads\/2025\/05\/toms9495.jpg?fit=696%2C348&amp;ssl=1\" loading=\"lazy\" width=\"696\" height=\"392\" data-id=\"32797\" src=\"https:\/\/i0.wp.com\/guialimeira.com.br\/wp-content\/uploads\/2026\/06\/1780709967_331_Cordeiropolis-forma-14-novos-GCMs-e-reforca-seguranca-com-maior.jpeg?resize=696%2C392&#038;ssl=1\" alt=\"\" class=\"wp-image-32797\" \/><\/figure>\n<figure class=\"wp-block-image\"><img data-recalc-dims=\"1\" decoding=\"async\" loading=\"lazy\" width=\"696\" height=\"392\" data-id=\"32796\" src=\"https:\/\/i0.wp.com\/guialimeira.com.br\/wp-content\/uploads\/2026\/06\/1780709967_882_Cordeiropolis-forma-14-novos-GCMs-e-reforca-seguranca-com-maior.jpeg?resize=696%2C392&#038;ssl=1\" alt=\"\" class=\"wp-image-32796\" \/><\/figure>\n<figure class=\"wp-block-image\"><img data-recalc-dims=\"1\" decoding=\"async\" loading=\"lazy\" width=\"696\" height=\"392\" data-id=\"32794\" src=\"https:\/\/i0.wp.com\/guialimeira.com.br\/wp-content\/uploads\/2026\/06\/1780709967_524_Cordeiropolis-forma-14-novos-GCMs-e-reforca-seguranca-com-maior.jpeg?resize=696%2C392&#038;ssl=1\" alt=\"\" class=\"wp-image-32794\" \/><\/figure>\n<figure class=\"wp-block-image\"><img data-recalc-dims=\"1\" decoding=\"async\" loading=\"lazy\" width=\"696\" height=\"392\" data-id=\"32793\" src=\"https:\/\/i0.wp.com\/guialimeira.com.br\/wp-content\/uploads\/2026\/06\/1780709967_90_Cordeiropolis-forma-14-novos-GCMs-e-reforca-seguranca-com-maior.jpeg?resize=696%2C392&#038;ssl=1\" alt=\"\" class=\"wp-image-32793\" \/><\/figure>\n<\/figure><\/div>\n<p><br \/>\n<br \/><a href=\"https:\/\/cordeiropolis.sp.gov.br\/cordeiropolis-forma-14-novos-gcms-e-reforca-seguranca-com-maior-investimento-da-ultima-decada\/\" rel=\"noopener\">Informa\u00e7\u00f5es Cordeir\u00f3polis <\/a><\/p>\n","protected":false},"excerpt":{"rendered":"<p>A seguran\u00e7a p\u00fablica de Cordeir\u00f3polis ganhou um importante refor\u00e7o com a formatura de 14 novos agentes da Guarda Civil Municipal (GCM). A cerim\u00f4nia foi realizada na Patrulha Mirim na noite de sexta-feira (29) e marcou a conclus\u00e3o da primeira turma formada pela Academia Preparat\u00f3ria da GCM, implantada pela gest\u00e3o da prefeita Cristina Saad. Participaram da [&hellip;]<\/p>\n","protected":false},"author":1,"featured_media":68079,"comment_status":"closed","ping_status":"open","sticky":false,"template":"","format":"standard","meta":{"_jetpack_newsletter_access":"","_jetpack_dont_email_post_to_subs":false,"_jetpack_newsletter_tier_id":0,"_jetpack_memberships_contains_paywalled_content":false,"_mbp_banners":[],"_jetpack_feature_clip_id":0,"_jetpack_memberships_contains_paid_content":false,"footnotes":"","jetpack_publicize_message":"","jetpack_publicize_feature_enabled":true,"jetpack_social_post_already_shared":true,"jetpack_social_options":{"image_generator_settings":{"template":"highway","default_image_id":0,"font":"","enabled":false},"version":2},"jetpack_post_was_ever_published":false},"categories":[20],"tags":[],"class_list":["post-68078","post","type-post","status-publish","format-standard","has-post-thumbnail","category-regiao"],"jetpack_publicize_connections":[],"jetpack-related-posts":[],"jetpack_shortlink":"https:\/\/wp.me\/p7Eq1F-hI2","jetpack_sharing_enabled":true,"jetpack_featured_media_url":"https:\/\/i0.wp.com\/guialimeira.com.br\/news\/wp-content\/uploads\/2026\/06\/Cordeiropolis-forma-14-novos-GCMs-e-reforca-seguranca-com-maior.jpeg?fit=1280%2C720&ssl=1","_links":{"self":[{"href":"https:\/\/guialimeira.com.br\/news\/wp-json\/wp\/v2\/posts\/68078","targetHints":{"allow":["GET"]}}],"collection":[{"href":"https:\/\/guialimeira.com.br\/news\/wp-json\/wp\/v2\/posts"}],"about":[{"href":"https:\/\/guialimeira.com.br\/news\/wp-json\/wp\/v2\/types\/post"}],"author":[{"embeddable":true,"href":"https:\/\/guialimeira.com.br\/news\/wp-json\/wp\/v2\/users\/1"}],"replies":[{"embeddable":true,"href":"https:\/\/guialimeira.com.br\/news\/wp-json\/wp\/v2\/comments?post=68078"}],"version-history":[{"count":1,"href":"https:\/\/guialimeira.com.br\/news\/wp-json\/wp\/v2\/posts\/68078\/revisions"}],"predecessor-version":[{"id":68080,"href":"https:\/\/guialimeira.com.br\/news\/wp-json\/wp\/v2\/posts\/68078\/revisions\/68080"}],"wp:featuredmedia":[{"embeddable":true,"href":"https:\/\/guialimeira.com.br\/news\/wp-json\/wp\/v2\/media\/68079"}],"wp:attachment":[{"href":"https:\/\/guialimeira.com.br\/news\/wp-json\/wp\/v2\/media?parent=68078"}],"wp:term":[{"taxonomy":"category","embeddable":true,"href":"https:\/\/guialimeira.com.br\/news\/wp-json\/wp\/v2\/categories?post=68078"},{"taxonomy":"post_tag","embeddable":true,"href":"https:\/\/guialimeira.com.br\/news\/wp-json\/wp\/v2\/tags?post=68078"}],"curies":[{"name":"wp","href":"https:\/\/api.w.org\/{rel}","templated":true}]}}