{"id":68072,"date":"2026-06-05T21:38:27","date_gmt":"2026-06-06T00:38:27","guid":{"rendered":"https:\/\/guialimeira.com.br\/?p=68072"},"modified":"2026-06-05T21:38:27","modified_gmt":"2026-06-06T00:38:27","slug":"desfile-civico-de-cordeiropolis-marca-78-anos-de-historia-prefeitura-municipal-de-cordeiropolis","status":"publish","type":"post","link":"https:\/\/guialimeira.com.br\/news\/desfile-civico-de-cordeiropolis-marca-78-anos-de-historia-prefeitura-municipal-de-cordeiropolis\/","title":{"rendered":"Desfile C\u00edvico de Cordeir\u00f3polis marca 78 anos de hist\u00f3ria \u2013 Prefeitura Municipal de Cordeir\u00f3polis"},"content":{"rendered":"<p> <br \/>\n<\/p>\n<div>\n<p>O Desfile C\u00edvico de Cordeir\u00f3polis deste domingo (31) marcou o in\u00edcio das celebra\u00e7\u00f5es de 78 anos do munic\u00edpio. A Rua Carlos Gomes recebeu um p\u00fablico recorde que assistiu ao desfile das escolas municipais, estaduais e particulares da cidade, das entidades e associa\u00e7\u00f5es e das bandas marciais. O tema do desfile foi Planeta Futebol, relacionado \u00e0 Copa do Mundo.<\/p>\n<p>\u201cNeste momento, compartilho e refor\u00e7o o amor a esta cidade com cada fam\u00edlia aqui presente\u201d, disse a prefeita Cristina Saad, emocionada. \u201cCordeir\u00f3polis continua crescendo gra\u00e7as \u00e0 dedica\u00e7\u00e3o da nossa gente. N\u00e3o perdemos a f\u00e9 e somos guiados por valores que fortalecem as nossas fam\u00edlias. Celebramos hoje nossa hist\u00f3ria, nossos sonhos e conquistas\u201d, afirmou.<\/p>\n<p>Tamb\u00e9m emocionado e ao lado da prefeita, o vice-prefeito Anderson Hespanhol Pique enalteceu o trabalho da gest\u00e3o, com avan\u00e7os significativos para a popula\u00e7\u00e3o. \u201cEstamos aqui juntos, trabalhando juntos, com amor \u00e0 cidade e uma equipe dedicada. Vivemos hoje uma verdadeira demonstra\u00e7\u00e3o de orgulho, uni\u00e3o e amor por esta terra\u201d, destacou.<\/p>\n<p>Diversas bandas marciais marcaram o Desfile C\u00edvico. Foram elas: Drumblack \u2013 Patrulha Mirim; Banda Marcial SENAI \u201cLuiz Varga\u201d, de Limeira; Banda Marcial Prof. Dirceu Ortolani Stein, de Capivari; Orquestra Municipal de Santo Ant\u00f4nio de Posse; Banda da Guarda Mirim de Rio Claro; Banda Racional Universo em Desencanto, de Americana; Fanfarra Projeto Amigos da M\u00fasica, de Santa B\u00e1rbara d\u2019Oeste; Banda Marcial dos Patrulheiros\/Campl, de Limeira; e Projeto Fanfarra na Escola, de Thierrys Roberto.<\/p>\n<p>Tamb\u00e9m desfilaram a Guarda Civil Municipal de Cordeir\u00f3polis com seus 14 novos GCMs, rec\u00e9m-formados, e a Guarda Civil Municipal de Araras. Os novos ve\u00edculos do munic\u00edpio tamb\u00e9m estiveram presentes \u2013 dois caminh\u00f5es-pipa, uma retroescavadeira e duas ambul\u00e2ncias. Neste ano, o TG 02-045, de Americana, foi respons\u00e1vel pela abertura do Desfile C\u00edvico.<\/p>\n<p>Marcaram presen\u00e7a no evento os vereadores Vilson Caleffi, Sidnei Gambaro, Valmir Sanches, Deize Bettin, C\u00edcero Saraiva, Rozimar Rodrigues, Jos\u00e9 Antonio Br\u00e1s e Diego Fabiano, o prefeito de Santa Gertrudes, Gino da Farm\u00e1cia, secret\u00e1rios municipais, entre outras autoridades pol\u00edticas e religiosas.<\/p>\n<figure class=\"wp-block-gallery has-nested-images columns-default is-cropped wp-block-gallery-1 is-layout-flex wp-block-gallery-is-layout-flex\">\n<figure class=\"wp-block-image size-large\"><\/figure>\n<figure class=\"wp-block-image size-large\"><img data-recalc-dims=\"1\" decoding=\"async\" loading=\"lazy\" width=\"696\" height=\"392\" data-id=\"32789\" src=\"https:\/\/i0.wp.com\/guialimeira.com.br\/wp-content\/uploads\/2026\/06\/1780706306_965_Desfile-Civico-de-Cordeiropolis-marca-78-anos-de-historia-%E2%80%93.jpeg?resize=696%2C392&#038;ssl=1\" alt=\"\" class=\"wp-image-32789\" \/><\/figure>\n<figure class=\"wp-block-image size-large\"><img data-recalc-dims=\"1\" decoding=\"async\" loading=\"lazy\" width=\"696\" height=\"392\" data-id=\"32788\" src=\"https:\/\/i0.wp.com\/guialimeira.com.br\/wp-content\/uploads\/2026\/06\/1780706306_781_Desfile-Civico-de-Cordeiropolis-marca-78-anos-de-historia-%E2%80%93.jpeg?resize=696%2C392&#038;ssl=1\" alt=\"\" class=\"wp-image-32788\" \/><\/figure>\n<figure class=\"wp-block-image size-large\"><img data-recalc-dims=\"1\" decoding=\"async\" data-attachment-id=\"32786\" data-permalink=\"https:\/\/guialimeira.com.br\/news\/ibge-lanca-mapa-mundi-invertido-com-o-sul-no-topo\/captura_de_tela_2025-05-09_as_19-43-16-jpg\/\" data-orig-file=\"https:\/\/i0.wp.com\/guialimeira.com.br\/news\/wp-content\/uploads\/2025\/05\/captura_de_tela_2025-05-09_as_19.43.16.jpg?fit=1600%2C800&amp;ssl=1\" data-orig-size=\"1600,800\" data-comments-opened=\"1\" data-image-meta=\"{&quot;aperture&quot;:&quot;0&quot;,&quot;credit&quot;:&quot;&quot;,&quot;camera&quot;:&quot;&quot;,&quot;caption&quot;:&quot;&quot;,&quot;created_timestamp&quot;:&quot;0&quot;,&quot;copyright&quot;:&quot;&quot;,&quot;focal_length&quot;:&quot;0&quot;,&quot;iso&quot;:&quot;0&quot;,&quot;shutter_speed&quot;:&quot;0&quot;,&quot;title&quot;:&quot;&quot;,&quot;orientation&quot;:&quot;0&quot;}\" data-image-title=\"captura_de_tela_2025-05-09_as_19.43.16.jpg\" data-image-description=\"\" data-image-caption=\"\" data-large-file=\"https:\/\/i0.wp.com\/guialimeira.com.br\/news\/wp-content\/uploads\/2025\/05\/captura_de_tela_2025-05-09_as_19.43.16.jpg?fit=696%2C348&amp;ssl=1\" loading=\"lazy\" width=\"696\" height=\"392\" data-id=\"32786\" src=\"https:\/\/i0.wp.com\/guialimeira.com.br\/wp-content\/uploads\/2026\/06\/1780706306_450_Desfile-Civico-de-Cordeiropolis-marca-78-anos-de-historia-%E2%80%93.jpeg?resize=696%2C392&#038;ssl=1\" alt=\"\" class=\"wp-image-32786\" \/><\/figure>\n<figure class=\"wp-block-image size-large\"><img data-recalc-dims=\"1\" decoding=\"async\" loading=\"lazy\" width=\"696\" height=\"392\" data-id=\"32785\" src=\"https:\/\/i0.wp.com\/guialimeira.com.br\/wp-content\/uploads\/2026\/06\/1780706306_85_Desfile-Civico-de-Cordeiropolis-marca-78-anos-de-historia-%E2%80%93.jpeg?resize=696%2C392&#038;ssl=1\" alt=\"\" class=\"wp-image-32785\" \/><\/figure>\n<figure class=\"wp-block-image size-large\"><img data-recalc-dims=\"1\" decoding=\"async\" data-attachment-id=\"32784\" data-permalink=\"https:\/\/guialimeira.com.br\/news\/claudio-castro-propoe-acordo-com-agencia-norte-americana-para-fortalec\/53239368575_f85e7a7146_o-jpg-2\/\" data-orig-file=\"https:\/\/i0.wp.com\/guialimeira.com.br\/news\/wp-content\/uploads\/2025\/05\/53239368575_f85e7a7146_o.jpg?fit=1600%2C800&amp;ssl=1\" data-orig-size=\"1600,800\" data-comments-opened=\"1\" data-image-meta=\"{&quot;aperture&quot;:&quot;0&quot;,&quot;credit&quot;:&quot;&quot;,&quot;camera&quot;:&quot;&quot;,&quot;caption&quot;:&quot;&quot;,&quot;created_timestamp&quot;:&quot;0&quot;,&quot;copyright&quot;:&quot;&quot;,&quot;focal_length&quot;:&quot;0&quot;,&quot;iso&quot;:&quot;0&quot;,&quot;shutter_speed&quot;:&quot;0&quot;,&quot;title&quot;:&quot;&quot;,&quot;orientation&quot;:&quot;0&quot;}\" data-image-title=\"53239368575_f85e7a7146_o.jpg\" data-image-description=\"\" data-image-caption=\"\" data-large-file=\"https:\/\/i0.wp.com\/guialimeira.com.br\/news\/wp-content\/uploads\/2025\/05\/53239368575_f85e7a7146_o.jpg?fit=696%2C348&amp;ssl=1\" loading=\"lazy\" width=\"696\" height=\"392\" data-id=\"32784\" src=\"https:\/\/i0.wp.com\/guialimeira.com.br\/wp-content\/uploads\/2026\/06\/1780706306_330_Desfile-Civico-de-Cordeiropolis-marca-78-anos-de-historia-%E2%80%93.jpeg?resize=696%2C392&#038;ssl=1\" alt=\"\" class=\"wp-image-32784\" \/><\/figure>\n<figure class=\"wp-block-image size-large\"><img data-recalc-dims=\"1\" decoding=\"async\" loading=\"lazy\" width=\"696\" height=\"392\" data-id=\"32783\" src=\"https:\/\/i0.wp.com\/guialimeira.com.br\/wp-content\/uploads\/2026\/06\/1780706306_539_Desfile-Civico-de-Cordeiropolis-marca-78-anos-de-historia-%E2%80%93.jpeg?resize=696%2C392&#038;ssl=1\" alt=\"\" class=\"wp-image-32783\" \/><\/figure>\n<figure class=\"wp-block-image size-large\"><img data-recalc-dims=\"1\" decoding=\"async\" loading=\"lazy\" width=\"696\" height=\"392\" data-id=\"32782\" src=\"https:\/\/i0.wp.com\/guialimeira.com.br\/wp-content\/uploads\/2026\/06\/1780706306_584_Desfile-Civico-de-Cordeiropolis-marca-78-anos-de-historia-%E2%80%93.jpeg?resize=696%2C392&#038;ssl=1\" alt=\"\" class=\"wp-image-32782\" \/><\/figure>\n<figure class=\"wp-block-image size-large\"><img data-recalc-dims=\"1\" decoding=\"async\" data-attachment-id=\"32781\" data-permalink=\"https:\/\/guialimeira.com.br\/news\/secretaria-de-saude-e-vacinada-durante-dia-d-contra-gripe-em-limeira\/m_137_0_1_10052025125431-jpg\/\" data-orig-file=\"https:\/\/i0.wp.com\/guialimeira.com.br\/news\/wp-content\/uploads\/2025\/05\/m_137_0_1_10052025125431.jpg?fit=900%2C709&amp;ssl=1\" data-orig-size=\"900,709\" data-comments-opened=\"1\" data-image-meta=\"{&quot;aperture&quot;:&quot;0&quot;,&quot;credit&quot;:&quot;&quot;,&quot;camera&quot;:&quot;&quot;,&quot;caption&quot;:&quot;&quot;,&quot;created_timestamp&quot;:&quot;0&quot;,&quot;copyright&quot;:&quot;&quot;,&quot;focal_length&quot;:&quot;0&quot;,&quot;iso&quot;:&quot;0&quot;,&quot;shutter_speed&quot;:&quot;0&quot;,&quot;title&quot;:&quot;&quot;,&quot;orientation&quot;:&quot;0&quot;}\" data-image-title=\"m_137_0_1_10052025125431.jpg\" data-image-description=\"\" data-image-caption=\"\" data-large-file=\"https:\/\/i0.wp.com\/guialimeira.com.br\/news\/wp-content\/uploads\/2025\/05\/m_137_0_1_10052025125431.jpg?fit=696%2C548&amp;ssl=1\" loading=\"lazy\" width=\"696\" height=\"392\" data-id=\"32781\" src=\"https:\/\/i0.wp.com\/guialimeira.com.br\/wp-content\/uploads\/2026\/06\/1780706306_874_Desfile-Civico-de-Cordeiropolis-marca-78-anos-de-historia-%E2%80%93.jpeg?resize=696%2C392&#038;ssl=1\" alt=\"\" class=\"wp-image-32781\" \/><\/figure>\n<figure class=\"wp-block-image size-large\"><img data-recalc-dims=\"1\" decoding=\"async\" loading=\"lazy\" width=\"696\" height=\"392\" data-id=\"32780\" src=\"https:\/\/i0.wp.com\/guialimeira.com.br\/wp-content\/uploads\/2026\/06\/1780706306_711_Desfile-Civico-de-Cordeiropolis-marca-78-anos-de-historia-%E2%80%93.jpeg?resize=696%2C392&#038;ssl=1\" alt=\"\" class=\"wp-image-32780\" \/><\/figure>\n<figure class=\"wp-block-image size-large\"><img data-recalc-dims=\"1\" decoding=\"async\" data-attachment-id=\"32779\" data-permalink=\"https:\/\/guialimeira.com.br\/news\/nenhum-aposentado-tera-prejuizo-diz-lula-sobre-descontos-indevidos\/lula01-jpg\/\" data-orig-file=\"https:\/\/i0.wp.com\/guialimeira.com.br\/news\/wp-content\/uploads\/2025\/05\/lula01.jpg?fit=1600%2C800&amp;ssl=1\" data-orig-size=\"1600,800\" data-comments-opened=\"1\" data-image-meta=\"{&quot;aperture&quot;:&quot;0&quot;,&quot;credit&quot;:&quot;&quot;,&quot;camera&quot;:&quot;&quot;,&quot;caption&quot;:&quot;&quot;,&quot;created_timestamp&quot;:&quot;0&quot;,&quot;copyright&quot;:&quot;&quot;,&quot;focal_length&quot;:&quot;0&quot;,&quot;iso&quot;:&quot;0&quot;,&quot;shutter_speed&quot;:&quot;0&quot;,&quot;title&quot;:&quot;&quot;,&quot;orientation&quot;:&quot;0&quot;}\" data-image-title=\"lula01.jpg\" data-image-description=\"\" data-image-caption=\"\" data-large-file=\"https:\/\/i0.wp.com\/guialimeira.com.br\/news\/wp-content\/uploads\/2025\/05\/lula01.jpg?fit=696%2C348&amp;ssl=1\" loading=\"lazy\" width=\"696\" height=\"392\" data-id=\"32779\" src=\"https:\/\/i0.wp.com\/guialimeira.com.br\/wp-content\/uploads\/2026\/06\/1780706306_109_Desfile-Civico-de-Cordeiropolis-marca-78-anos-de-historia-%E2%80%93.jpeg?resize=696%2C392&#038;ssl=1\" alt=\"\" class=\"wp-image-32779\" \/><\/figure>\n<figure class=\"wp-block-image size-large\"><img data-recalc-dims=\"1\" decoding=\"async\" loading=\"lazy\" width=\"696\" height=\"392\" data-id=\"32778\" src=\"https:\/\/i0.wp.com\/guialimeira.com.br\/wp-content\/uploads\/2026\/06\/1780706306_275_Desfile-Civico-de-Cordeiropolis-marca-78-anos-de-historia-%E2%80%93.jpeg?resize=696%2C392&#038;ssl=1\" alt=\"\" class=\"wp-image-32778\" \/><\/figure>\n<figure class=\"wp-block-image size-large\"><img data-recalc-dims=\"1\" decoding=\"async\" loading=\"lazy\" width=\"696\" height=\"392\" data-id=\"32777\" src=\"https:\/\/i0.wp.com\/guialimeira.com.br\/wp-content\/uploads\/2026\/06\/1780706306_886_Desfile-Civico-de-Cordeiropolis-marca-78-anos-de-historia-%E2%80%93.jpeg?resize=696%2C392&#038;ssl=1\" alt=\"\" class=\"wp-image-32777\" \/><\/figure>\n<figure class=\"wp-block-image size-large\"><img data-recalc-dims=\"1\" decoding=\"async\" data-attachment-id=\"32776\" data-permalink=\"https:\/\/guialimeira.com.br\/news\/grupos-terapeuticos-ajudam-maes-a-lidar-com-dor-inominavel-do-luto\/1052491-ebc_02-11-2016-3977_02-11-16-jpg\/\" data-orig-file=\"https:\/\/i0.wp.com\/guialimeira.com.br\/news\/wp-content\/uploads\/2025\/05\/1052491-ebc_02.11.2016-3977_02.11.16.jpg?fit=1600%2C800&amp;ssl=1\" data-orig-size=\"1600,800\" data-comments-opened=\"1\" data-image-meta=\"{&quot;aperture&quot;:&quot;0&quot;,&quot;credit&quot;:&quot;&quot;,&quot;camera&quot;:&quot;&quot;,&quot;caption&quot;:&quot;&quot;,&quot;created_timestamp&quot;:&quot;0&quot;,&quot;copyright&quot;:&quot;&quot;,&quot;focal_length&quot;:&quot;0&quot;,&quot;iso&quot;:&quot;0&quot;,&quot;shutter_speed&quot;:&quot;0&quot;,&quot;title&quot;:&quot;&quot;,&quot;orientation&quot;:&quot;0&quot;}\" data-image-title=\"1052491-ebc_02.11.2016-3977_02.11.16.jpg\" data-image-description=\"\" data-image-caption=\"\" data-large-file=\"https:\/\/i0.wp.com\/guialimeira.com.br\/news\/wp-content\/uploads\/2025\/05\/1052491-ebc_02.11.2016-3977_02.11.16.jpg?fit=696%2C348&amp;ssl=1\" loading=\"lazy\" width=\"696\" height=\"392\" data-id=\"32776\" src=\"https:\/\/i0.wp.com\/guialimeira.com.br\/wp-content\/uploads\/2026\/06\/1780706306_155_Desfile-Civico-de-Cordeiropolis-marca-78-anos-de-historia-%E2%80%93.jpeg?resize=696%2C392&#038;ssl=1\" alt=\"\" class=\"wp-image-32776\" \/><\/figure>\n<figure class=\"wp-block-image size-large\"><img data-recalc-dims=\"1\" decoding=\"async\" loading=\"lazy\" width=\"696\" height=\"392\" data-id=\"32775\" src=\"https:\/\/i0.wp.com\/guialimeira.com.br\/wp-content\/uploads\/2026\/06\/1780706306_724_Desfile-Civico-de-Cordeiropolis-marca-78-anos-de-historia-%E2%80%93.jpeg?resize=696%2C392&#038;ssl=1\" alt=\"\" class=\"wp-image-32775\" \/><\/figure>\n<figure class=\"wp-block-image size-large\"><img data-recalc-dims=\"1\" decoding=\"async\" loading=\"lazy\" width=\"696\" height=\"392\" data-id=\"32774\" src=\"https:\/\/i0.wp.com\/guialimeira.com.br\/wp-content\/uploads\/2026\/06\/1780706306_168_Desfile-Civico-de-Cordeiropolis-marca-78-anos-de-historia-%E2%80%93.jpeg?resize=696%2C392&#038;ssl=1\" alt=\"\" class=\"wp-image-32774\" \/><\/figure>\n<figure class=\"wp-block-image size-large\"><img data-recalc-dims=\"1\" decoding=\"async\" loading=\"lazy\" width=\"696\" height=\"392\" data-id=\"32773\" src=\"https:\/\/i0.wp.com\/guialimeira.com.br\/wp-content\/uploads\/2026\/06\/1780706306_894_Desfile-Civico-de-Cordeiropolis-marca-78-anos-de-historia-%E2%80%93.jpeg?resize=696%2C392&#038;ssl=1\" alt=\"\" class=\"wp-image-32773\" \/><\/figure>\n<figure class=\"wp-block-image size-large\"><img data-recalc-dims=\"1\" decoding=\"async\" data-attachment-id=\"32772\" data-permalink=\"https:\/\/guialimeira.com.br\/news\/veja-como-declarar-renda-fixa-financiamento-e-criptomoeda-no-ir-2025\/mg_7839-jpg\/\" data-orig-file=\"https:\/\/i0.wp.com\/guialimeira.com.br\/news\/wp-content\/uploads\/2025\/05\/mg_7839.jpg?fit=1600%2C800&amp;ssl=1\" data-orig-size=\"1600,800\" data-comments-opened=\"1\" data-image-meta=\"{&quot;aperture&quot;:&quot;0&quot;,&quot;credit&quot;:&quot;&quot;,&quot;camera&quot;:&quot;&quot;,&quot;caption&quot;:&quot;&quot;,&quot;created_timestamp&quot;:&quot;0&quot;,&quot;copyright&quot;:&quot;&quot;,&quot;focal_length&quot;:&quot;0&quot;,&quot;iso&quot;:&quot;0&quot;,&quot;shutter_speed&quot;:&quot;0&quot;,&quot;title&quot;:&quot;&quot;,&quot;orientation&quot;:&quot;0&quot;}\" data-image-title=\"mg_7839.jpg\" data-image-description=\"\" data-image-caption=\"\" data-large-file=\"https:\/\/i0.wp.com\/guialimeira.com.br\/news\/wp-content\/uploads\/2025\/05\/mg_7839.jpg?fit=696%2C348&amp;ssl=1\" loading=\"lazy\" width=\"696\" height=\"392\" data-id=\"32772\" src=\"https:\/\/i0.wp.com\/guialimeira.com.br\/wp-content\/uploads\/2026\/06\/1780706306_528_Desfile-Civico-de-Cordeiropolis-marca-78-anos-de-historia-%E2%80%93.jpeg?resize=696%2C392&#038;ssl=1\" alt=\"\" class=\"wp-image-32772\" \/><\/figure>\n<figure class=\"wp-block-image size-large\"><img data-recalc-dims=\"1\" decoding=\"async\" loading=\"lazy\" width=\"696\" height=\"392\" data-id=\"32771\" src=\"https:\/\/i0.wp.com\/guialimeira.com.br\/wp-content\/uploads\/2026\/06\/1780706306_719_Desfile-Civico-de-Cordeiropolis-marca-78-anos-de-historia-%E2%80%93.jpeg?resize=696%2C392&#038;ssl=1\" alt=\"\" class=\"wp-image-32771\" \/><\/figure>\n<\/figure><\/div>\n<p><br \/>\n<br \/><a href=\"https:\/\/cordeiropolis.sp.gov.br\/desfile-civico-de-cordeiropolis-marca-78-anos-de-historia\/\" rel=\"noopener\">Informa\u00e7\u00f5es Cordeir\u00f3polis <\/a><\/p>\n","protected":false},"excerpt":{"rendered":"<p>O Desfile C\u00edvico de Cordeir\u00f3polis deste domingo (31) marcou o in\u00edcio das celebra\u00e7\u00f5es de 78 anos do munic\u00edpio. A Rua Carlos Gomes recebeu um p\u00fablico recorde que assistiu ao desfile das escolas municipais, estaduais e particulares da cidade, das entidades e associa\u00e7\u00f5es e das bandas marciais. O tema do desfile foi Planeta Futebol, relacionado \u00e0 [&hellip;]<\/p>\n","protected":false},"author":1,"featured_media":68073,"comment_status":"closed","ping_status":"open","sticky":false,"template":"","format":"standard","meta":{"_jetpack_newsletter_access":"","_jetpack_dont_email_post_to_subs":false,"_jetpack_newsletter_tier_id":0,"_jetpack_memberships_contains_paywalled_content":false,"_mbp_banners":[],"_jetpack_feature_clip_id":0,"_jetpack_memberships_contains_paid_content":false,"footnotes":"","jetpack_publicize_message":"","jetpack_publicize_feature_enabled":true,"jetpack_social_post_already_shared":true,"jetpack_social_options":{"image_generator_settings":{"template":"highway","default_image_id":0,"font":"","enabled":false},"version":2},"jetpack_post_was_ever_published":false},"categories":[20],"tags":[],"class_list":["post-68072","post","type-post","status-publish","format-standard","has-post-thumbnail","category-regiao"],"jetpack_publicize_connections":[],"jetpack-related-posts":[],"jetpack_shortlink":"https:\/\/wp.me\/p7Eq1F-hHW","jetpack_sharing_enabled":true,"jetpack_featured_media_url":"https:\/\/i0.wp.com\/guialimeira.com.br\/news\/wp-content\/uploads\/2026\/06\/Desfile-Civico-de-Cordeiropolis-marca-78-anos-de-historia-%E2%80%93.jpeg?fit=1024%2C576&ssl=1","_links":{"self":[{"href":"https:\/\/guialimeira.com.br\/news\/wp-json\/wp\/v2\/posts\/68072","targetHints":{"allow":["GET"]}}],"collection":[{"href":"https:\/\/guialimeira.com.br\/news\/wp-json\/wp\/v2\/posts"}],"about":[{"href":"https:\/\/guialimeira.com.br\/news\/wp-json\/wp\/v2\/types\/post"}],"author":[{"embeddable":true,"href":"https:\/\/guialimeira.com.br\/news\/wp-json\/wp\/v2\/users\/1"}],"replies":[{"embeddable":true,"href":"https:\/\/guialimeira.com.br\/news\/wp-json\/wp\/v2\/comments?post=68072"}],"version-history":[{"count":1,"href":"https:\/\/guialimeira.com.br\/news\/wp-json\/wp\/v2\/posts\/68072\/revisions"}],"predecessor-version":[{"id":68074,"href":"https:\/\/guialimeira.com.br\/news\/wp-json\/wp\/v2\/posts\/68072\/revisions\/68074"}],"wp:featuredmedia":[{"embeddable":true,"href":"https:\/\/guialimeira.com.br\/news\/wp-json\/wp\/v2\/media\/68073"}],"wp:attachment":[{"href":"https:\/\/guialimeira.com.br\/news\/wp-json\/wp\/v2\/media?parent=68072"}],"wp:term":[{"taxonomy":"category","embeddable":true,"href":"https:\/\/guialimeira.com.br\/news\/wp-json\/wp\/v2\/categories?post=68072"},{"taxonomy":"post_tag","embeddable":true,"href":"https:\/\/guialimeira.com.br\/news\/wp-json\/wp\/v2\/tags?post=68072"}],"curies":[{"name":"wp","href":"https:\/\/api.w.org\/{rel}","templated":true}]}}