{"id":68067,"date":"2026-06-05T21:00:09","date_gmt":"2026-06-06T00:00:09","guid":{"rendered":"https:\/\/guialimeira.com.br\/vestibular-das-fatecs-recebe-inscricoes-ate-a-proxima-segunda-feira-8\/"},"modified":"2026-06-05T21:00:09","modified_gmt":"2026-06-06T00:00:09","slug":"vestibular-das-fatecs-recebe-inscricoes-ate-a-proxima-segunda-feira-8","status":"publish","type":"post","link":"https:\/\/guialimeira.com.br\/news\/vestibular-das-fatecs-recebe-inscricoes-ate-a-proxima-segunda-feira-8\/","title":{"rendered":"Vestibular das Fatecs recebe inscri\u00e7\u00f5es at\u00e9 a pr\u00f3xima segunda-feira (8)"},"content":{"rendered":"<p> <br \/>\n<br \/><img data-recalc-dims=\"1\" decoding=\"async\" src=\"https:\/\/i0.wp.com\/www.agenciasp.sp.gov.br\/wp-content\/uploads\/2026\/06\/Fatec-Guarulhos-GGFD0295-scaled-1.jpg?w=696&#038;ssl=1\" \/><\/p>\n<div>\n<p class=\"wp-block-paragraph\">Termina nesta segunda-feira (8), \u00e0s 20h, o per\u00edodo de inscri\u00e7\u00f5es para o processo seletivo das Faculdades de Tecnologia do Estado de S\u00e3o Paulo (Fatecs) para o segundo semestre de 2026. As Fatecs oferecem um total de 18.505 vagas, sendo 13.875 para ingresso via Vestibular e outras 4.630 destinadas aos candidatos do Prov\u00e3o Paulista. A taxa de inscri\u00e7\u00e3o \u00e9 de R$90. O exame ser\u00e1 aplicado no dia 28 de junho, \u00e0s 13horas.<\/p>\n<p class=\"wp-block-paragraph\">Para concorrer a uma vaga \u00e9 preciso ter conclu\u00eddo ou estar cursando o terceiro ano do Ensino M\u00e9dio ou equivalente, desde que no ato da matr\u00edcula, comprove a conclus\u00e3o do curso. Quem n\u00e3o atender a esse quesito pode participar apenas como treineiro.<\/p>\n<p class=\"wp-block-paragraph\"><strong>LEIA TAMB\u00c9M: <\/strong><a href=\"https:\/\/www.agenciasp.sp.gov.br\/inscricoes-vestibulinho-etecs-sexta-feira\/\" rel=\"noopener\">Inscri\u00e7\u00f5es para o Vestibulinho das Etecs de SP terminam na sexta-feira (5)<\/a><\/p>\n<h3 class=\"wp-block-heading\">Inscri\u00e7\u00e3o<\/h3>\n<p class=\"wp-block-paragraph\">A inscri\u00e7\u00e3o deve ser feita exclusivamente pelo\u00a0<a href=\"https:\/\/vestibular.fatec.sp.gov.br\/home\/\" target=\"_blank\" rel=\"noreferrer noopener\">site<\/a>\u00a0oficial. Para participar do exame, o candidato deve ler atentamente o Manual do Candidato, preencher a ficha de inscri\u00e7\u00e3o com informa\u00e7\u00f5es pessoais e responder ao question\u00e1rio socioecon\u00f4mico. \u00c9 poss\u00edvel optar pelo uso da nota do Exame Nacional do Ensino M\u00e9dio (Enem) de 2023, 2024 ou 2025, desde que informado corretamente o n\u00famero de inscri\u00e7\u00e3o.<\/p>\n<p class=\"wp-block-paragraph\">Ao preencher o formul\u00e1rio, o candidato ir\u00e1 escolher um curso como primeira op\u00e7\u00e3o e outro como segunda op\u00e7\u00e3o, em qualquer Fatec e per\u00edodo.<\/p>\n<p class=\"wp-block-paragraph\">A taxa de participa\u00e7\u00e3o pode ser paga em dinheiro, nas ag\u00eancias banc\u00e1rias, via internet banking ou cart\u00e3o de cr\u00e9dito, pela ferramenta Getnet. A inscri\u00e7\u00e3o s\u00f3 ser\u00e1 confirmada ap\u00f3s a compensa\u00e7\u00e3o do pagamento.<\/p>\n<p class=\"wp-block-paragraph\">As Fatecs disponibilizam computadores com acesso \u00e0 internet para os candidatos que quiserem se inscrever no Vestibular. Cabe ao interessado entrar em contato com a unidade para obter mais informa\u00e7\u00f5es.<\/p>\n<p class=\"wp-block-paragraph\"><strong>LEIA TAMB\u00c9M: <\/strong><a href=\"https:\/\/www.agenciasp.sp.gov.br\/10-mil-vagas-de-estagio-sp-tecnologia\/\" rel=\"noopener\">10 mil vagas de est\u00e1gio: SP recebe inscri\u00e7\u00f5es de universit\u00e1rios das \u00e1reas de tecnologia para atuar em escolas estaduais<\/a><\/p>\n<h3 class=\"wp-block-heading\">Pontua\u00e7\u00e3o Acrescida<\/h3>\n<p class=\"wp-block-paragraph\">O Sistema de Pontua\u00e7\u00e3o Acrescida do Centro Paula Souza concede b\u00f4nus de 3% para candidatos autodeclarados afrodescendentes, 10% para quem cursou integralmente o Ensino M\u00e9dio em escola p\u00fablica, ou 13% no caso de acumula\u00e7\u00e3o dos dois crit\u00e9rios.<\/p>\n<p class=\"wp-block-paragraph\">Cabe ao candidato verificar na Portaria do Vestibular se tem direito \u00e0 pontua\u00e7\u00e3o acrescida, porque a matr\u00edcula n\u00e3o poder\u00e1 ser realizada e a vaga ser\u00e1 perdida se as informa\u00e7\u00f5es n\u00e3o atenderem \u00e0s condi\u00e7\u00f5es estabelecidas em sua totalidade.<\/p>\n<\/p><\/div>\n<p><br \/>\n<br \/><a href=\"https:\/\/www.agenciasp.sp.gov.br\/vestibular-das-fatecs-recebe-inscricoes-ate-a-proxima-segunda-feira-8\/\" rel=\"noopener\">Informa\u00e7\u00f5es GOV.SP<\/a><\/p>\n","protected":false},"excerpt":{"rendered":"<p>Termina nesta segunda-feira (8), \u00e0s 20h, o per\u00edodo de inscri\u00e7\u00f5es para o processo seletivo das Faculdades de Tecnologia do Estado de S\u00e3o Paulo (Fatecs) para o segundo semestre de 2026. As Fatecs oferecem um total de 18.505 vagas, sendo 13.875 para ingresso via Vestibular e outras 4.630 destinadas aos candidatos do Prov\u00e3o Paulista. A taxa [&hellip;]<\/p>\n","protected":false},"author":1,"featured_media":68068,"comment_status":"","ping_status":"open","sticky":false,"template":"","format":"standard","meta":{"_jetpack_newsletter_access":"","_jetpack_dont_email_post_to_subs":false,"_jetpack_newsletter_tier_id":0,"_jetpack_memberships_contains_paywalled_content":false,"_mbp_banners":[],"_jetpack_feature_clip_id":0,"_jetpack_memberships_contains_paid_content":false,"footnotes":"","jetpack_publicize_message":"","jetpack_publicize_feature_enabled":true,"jetpack_social_post_already_shared":true,"jetpack_social_options":{"image_generator_settings":{"template":"highway","default_image_id":0,"font":"","enabled":false},"version":2},"jetpack_post_was_ever_published":false},"categories":[21],"tags":[],"class_list":["post-68067","post","type-post","status-publish","format-standard","has-post-thumbnail","category-sp-news"],"jetpack_publicize_connections":[],"jetpack-related-posts":[],"jetpack_shortlink":"https:\/\/wp.me\/p7Eq1F-hHR","jetpack_sharing_enabled":true,"jetpack_featured_media_url":"https:\/\/i0.wp.com\/guialimeira.com.br\/news\/wp-content\/uploads\/2026\/06\/Vestibular-das-Fatecs-recebe-inscricoes-ate-a-proxima-segunda-feira-8.jpg?fit=2560%2C1702&ssl=1","_links":{"self":[{"href":"https:\/\/guialimeira.com.br\/news\/wp-json\/wp\/v2\/posts\/68067","targetHints":{"allow":["GET"]}}],"collection":[{"href":"https:\/\/guialimeira.com.br\/news\/wp-json\/wp\/v2\/posts"}],"about":[{"href":"https:\/\/guialimeira.com.br\/news\/wp-json\/wp\/v2\/types\/post"}],"author":[{"embeddable":true,"href":"https:\/\/guialimeira.com.br\/news\/wp-json\/wp\/v2\/users\/1"}],"replies":[{"embeddable":true,"href":"https:\/\/guialimeira.com.br\/news\/wp-json\/wp\/v2\/comments?post=68067"}],"version-history":[{"count":0,"href":"https:\/\/guialimeira.com.br\/news\/wp-json\/wp\/v2\/posts\/68067\/revisions"}],"wp:featuredmedia":[{"embeddable":true,"href":"https:\/\/guialimeira.com.br\/news\/wp-json\/wp\/v2\/media\/68068"}],"wp:attachment":[{"href":"https:\/\/guialimeira.com.br\/news\/wp-json\/wp\/v2\/media?parent=68067"}],"wp:term":[{"taxonomy":"category","embeddable":true,"href":"https:\/\/guialimeira.com.br\/news\/wp-json\/wp\/v2\/categories?post=68067"},{"taxonomy":"post_tag","embeddable":true,"href":"https:\/\/guialimeira.com.br\/news\/wp-json\/wp\/v2\/tags?post=68067"}],"curies":[{"name":"wp","href":"https:\/\/api.w.org\/{rel}","templated":true}]}}