{"id":68061,"date":"2026-06-05T19:59:12","date_gmt":"2026-06-05T22:59:12","guid":{"rendered":"https:\/\/guialimeira.com.br\/confira-o-funcionamento-das-unidades-do-bom-prato-no-final-de-semana\/"},"modified":"2026-06-05T19:59:12","modified_gmt":"2026-06-05T22:59:12","slug":"confira-o-funcionamento-das-unidades-do-bom-prato-no-final-de-semana","status":"publish","type":"post","link":"https:\/\/guialimeira.com.br\/news\/confira-o-funcionamento-das-unidades-do-bom-prato-no-final-de-semana\/","title":{"rendered":"Confira o funcionamento das unidades do Bom Prato no final de semana"},"content":{"rendered":"<p> <br \/>\n<br \/><img data-recalc-dims=\"1\" decoding=\"async\" src=\"https:\/\/i0.wp.com\/www.agenciasp.sp.gov.br\/wp-content\/uploads\/2026\/05\/WhatsApp-Image-2026-05-21-at-14.00.39.jpeg?w=696&#038;ssl=1\" \/><\/p>\n<div>\n<p class=\"wp-block-paragraph\">O funcionamento de alguns restaurantes populares do Programa Bom Prato passar\u00e1 por altera\u00e7\u00f5es ao longo do feriado prolongado.\u00a0No s\u00e1bado (6), a capital contar\u00e1 com o funcionamento das seguintes unidades: Cap\u00e3o Redondo, Tucuruvi, Vila Nova Cachoeirinha, S\u00e3o Mateus, Guaianases, Lapa, Lim\u00e3o, Refeit\u00f3rio Mau\u00e1, Santo Amaro, Itaquera e Santana.<\/p>\n<p class=\"wp-block-paragraph\">No interior, os restaurantes populares que estar\u00e3o em funcionamento s\u00e3o: Campinas, S\u00e3o Jos\u00e9 dos Campos, Taubat\u00e9 e Jacare\u00ed. Na regi\u00e3o da Grande S\u00e3o Paulo, funcionar\u00e3o: Diadema, S\u00e3o Bernardo do Campo I, Santo Andr\u00e9 I e Osasco. No litoral, estar\u00e3o abertas as unidades: Santos IV \u2013 Dique Vila Gilda, Santos I \u2013 Mercado e Santos III \u2013 Morros.<\/p>\n<p class=\"wp-block-paragraph\">No domingo (7), estar\u00e3o abertas, na capital, as unidades Lim\u00e3o, Refeit\u00f3rio Mau\u00e1 e S\u00e3o Mateus. No litoral, funcionar\u00e3o Santos I \u2013 Mercado, Santos III \u2013 Morros e Santos IV \u2013 Dique Vila Gilda.<\/p>\n<p class=\"wp-block-paragraph\">Na segunda-feira (8), todas as unidades do Bom Prato retomam o funcionamento normal. O caf\u00e9 da manh\u00e3 \u00e9 servido a partir das 7h; o almo\u00e7o come\u00e7a \u00e0s 10h30, com atendimento preferencial a idosos, e se estende ao p\u00fablico geral a partir das 11h. O jantar tem in\u00edcio \u00e0s 17h.<br \/>\u00a0<\/p>\n<h2 class=\"wp-block-heading\">Avan\u00e7o na seguran\u00e7a alimentar<\/h2>\n<p class=\"wp-block-paragraph\">Atualmente, o programa conta com 71 unidades fixas, quatro refeit\u00f3rios e 47 caminh\u00f5es que atendem a 52 pontos de atendimento do Bom Prato M\u00f3vel, totalizando 127 localidades em 42 munic\u00edpios. Somente nesta gest\u00e3o, foram entregues 25 novas unidades, sendo 20 caminh\u00f5es do BPM e quatro refeit\u00f3rios.<\/p>\n<p class=\"wp-block-paragraph\">A alimenta\u00e7\u00e3o oferecida no Bom Prato \u00e9 subsidiada pelo Governo do Estado de S\u00e3o Paulo, aumentando a oferta de comida acess\u00edvel e nutritiva \u00e0 comunidade. As refei\u00e7\u00f5es s\u00e3o balanceadas e oferecem, al\u00e9m do arroz e do feij\u00e3o, uma guarni\u00e7\u00e3o, uma prote\u00edna e uma fruta, ao pre\u00e7o simb\u00f3lico de R$ 1,00.<\/p>\n<p class=\"wp-block-paragraph\">Em alguns pontos de atendimento tamb\u00e9m s\u00e3o servidos o jantar (ao mesmo pre\u00e7o do almo\u00e7o), e o caf\u00e9 da manh\u00e3, oferecido por R$ 0,50. Os pontos de atendimento podem ser <a href=\"https:\/\/www.desenvolvimentosocial.sp.gov.br\/sec_desenvolv_social\/programas%20estaduais\/bom%20prato\" target=\"_blank\" rel=\"noopener\">consultados na p\u00e1gina do programa<\/a>.<\/p>\n<\/p><\/div>\n<p><br \/>\n<br \/><a href=\"https:\/\/www.agenciasp.sp.gov.br\/confira-o-funcionamento-das-unidades-do-bom-prato-no-final-de-semana\/\" rel=\"noopener\">Informa\u00e7\u00f5es GOV.SP<\/a><\/p>\n","protected":false},"excerpt":{"rendered":"<p>O funcionamento de alguns restaurantes populares do Programa Bom Prato passar\u00e1 por altera\u00e7\u00f5es ao longo do feriado prolongado.\u00a0No s\u00e1bado (6), a capital contar\u00e1 com o funcionamento das seguintes unidades: Cap\u00e3o Redondo, Tucuruvi, Vila Nova Cachoeirinha, S\u00e3o Mateus, Guaianases, Lapa, Lim\u00e3o, Refeit\u00f3rio Mau\u00e1, Santo Amaro, Itaquera e Santana. No interior, os restaurantes populares que estar\u00e3o em [&hellip;]<\/p>\n","protected":false},"author":1,"featured_media":67904,"comment_status":"","ping_status":"open","sticky":false,"template":"","format":"standard","meta":{"_jetpack_newsletter_access":"","_jetpack_dont_email_post_to_subs":false,"_jetpack_newsletter_tier_id":0,"_jetpack_memberships_contains_paywalled_content":false,"_mbp_banners":[],"_jetpack_feature_clip_id":0,"_jetpack_memberships_contains_paid_content":false,"footnotes":"","jetpack_publicize_message":"","jetpack_publicize_feature_enabled":true,"jetpack_social_post_already_shared":true,"jetpack_social_options":{"image_generator_settings":{"template":"highway","default_image_id":0,"font":"","enabled":false},"version":2},"jetpack_post_was_ever_published":false},"categories":[21],"tags":[],"class_list":["post-68061","post","type-post","status-publish","format-standard","has-post-thumbnail","category-sp-news"],"jetpack_publicize_connections":[],"jetpack-related-posts":[],"jetpack_shortlink":"https:\/\/wp.me\/p7Eq1F-hHL","jetpack_sharing_enabled":true,"jetpack_featured_media_url":"https:\/\/i0.wp.com\/guialimeira.com.br\/news\/wp-content\/uploads\/2026\/06\/Governo-do-Estado-de-Sao-Paulo-entrega-unidade-do-Bom.jpeg?fit=1280%2C814&ssl=1","_links":{"self":[{"href":"https:\/\/guialimeira.com.br\/news\/wp-json\/wp\/v2\/posts\/68061","targetHints":{"allow":["GET"]}}],"collection":[{"href":"https:\/\/guialimeira.com.br\/news\/wp-json\/wp\/v2\/posts"}],"about":[{"href":"https:\/\/guialimeira.com.br\/news\/wp-json\/wp\/v2\/types\/post"}],"author":[{"embeddable":true,"href":"https:\/\/guialimeira.com.br\/news\/wp-json\/wp\/v2\/users\/1"}],"replies":[{"embeddable":true,"href":"https:\/\/guialimeira.com.br\/news\/wp-json\/wp\/v2\/comments?post=68061"}],"version-history":[{"count":0,"href":"https:\/\/guialimeira.com.br\/news\/wp-json\/wp\/v2\/posts\/68061\/revisions"}],"wp:featuredmedia":[{"embeddable":true,"href":"https:\/\/guialimeira.com.br\/news\/wp-json\/wp\/v2\/media\/67904"}],"wp:attachment":[{"href":"https:\/\/guialimeira.com.br\/news\/wp-json\/wp\/v2\/media?parent=68061"}],"wp:term":[{"taxonomy":"category","embeddable":true,"href":"https:\/\/guialimeira.com.br\/news\/wp-json\/wp\/v2\/categories?post=68061"},{"taxonomy":"post_tag","embeddable":true,"href":"https:\/\/guialimeira.com.br\/news\/wp-json\/wp\/v2\/tags?post=68061"}],"curies":[{"name":"wp","href":"https:\/\/api.w.org\/{rel}","templated":true}]}}