{"id":68054,"date":"2026-06-05T18:56:57","date_gmt":"2026-06-05T21:56:57","guid":{"rendered":"https:\/\/guialimeira.com.br\/dupla-e-presa-por-roubo-de-32-toneladas-de-material-de-construcao-avaliadas-em-r-106-mil-na-grande-sao-paulo\/"},"modified":"2026-06-05T18:56:57","modified_gmt":"2026-06-05T21:56:57","slug":"dupla-e-presa-por-roubo-de-32-toneladas-de-material-de-construcao-avaliadas-em-r-106-mil-na-grande-sao-paulo","status":"publish","type":"post","link":"https:\/\/guialimeira.com.br\/news\/dupla-e-presa-por-roubo-de-32-toneladas-de-material-de-construcao-avaliadas-em-r-106-mil-na-grande-sao-paulo\/","title":{"rendered":"Dupla \u00e9 presa por roubo de 32 toneladas de material de constru\u00e7\u00e3o avaliadas em R$ 106 mil na Grande S\u00e3o Paulo"},"content":{"rendered":"<p> <br \/>\n<br \/><img data-recalc-dims=\"1\" decoding=\"async\" src=\"https:\/\/i0.wp.com\/www.agenciasp.sp.gov.br\/wp-content\/uploads\/2026\/06\/policia_rodoviaria_PM_viatura.jpeg?w=696&#038;ssl=1\" \/><\/p>\n<div>\n<p class=\"wp-block-paragraph\">Dois homens, ambos de 19 anos, foram presos na madrugada desta sexta-feira (5) por envolvimento no roubo de uma carga no km 32 da Rodovia Presidente Castello Branco, em Itapevi, na Grande S\u00e3o Paulo. O ve\u00edculo transportava 32 toneladas de placas de MDF (Medium Density Fiberboard), material derivado da madeira utilizado na fabrica\u00e7\u00e3o de m\u00f3veis, avaliadas em cerca de R$ 106 mil.<\/p>\n<p class=\"wp-block-paragraph\">Equipes da Pol\u00edcia Militar Rodovi\u00e1ria durante patrulhamento pela rodovia dos Bandeirantes suspeitaram de um caminh\u00e3o que transitava com o vidro da porta do passageiro quebrado. Ao perceber a aproxima\u00e7\u00e3o policial, o motorista da carreta iniciou fuga e realizou manobras perigosas tentando atingir as viaturas.<\/p>\n<p class=\"wp-block-paragraph\">O acompanhamento seguiu at\u00e9 a rodovia Castello Branco, onde ao tentar realizar uma manobra em uma rotat\u00f3ria, o motorista perdeu o controle da dire\u00e7\u00e3o e tombou o ve\u00edculo. Ap\u00f3s o acidente, os suspeitos tentaram escapar a p\u00e9, mas foram cercados e detidos pelas equipes policiais.<\/p>\n<p class=\"wp-block-paragraph\">Com eles, os agentes encontraram uma ferramenta conhecida como ponteira, utilizada para quebra de vidros. Tamb\u00e9m foram recuperados pertences da v\u00edtima, entre eles uma carteira, documentos pessoais, cart\u00f5es banc\u00e1rios e um telefone celular.<\/p>\n<p class=\"wp-block-paragraph\">A v\u00edtima, um homem de 54 anos, foi localizada posteriormente no km 41 da rodovia dos Bandeirantes. Ele relatou aos agentes que aguardava para descarregar a carga na regi\u00e3o de Barueri quando foi surpreendido por tr\u00eas criminosos que quebraram o vidro da cabine e invadiram o caminh\u00e3o. Um dos assaltantes aparentava estar armado.<\/p>\n<p class=\"wp-block-paragraph\">O motorista permaneceu ref\u00e9m por cerca de duas horas enquanto os criminosos conduziam o ve\u00edculo. Em determinado momento, foi abandonado \u00e0s margens da rodovia. De acordo com a v\u00edtima, ap\u00f3s uma liga\u00e7\u00e3o um dos envolvidos que o vigiava deixou o local em outro ve\u00edculo.<\/p>\n<p class=\"wp-block-paragraph\">Ap\u00f3s conseguir ajuda de motoristas que passavam pela rodovia, a v\u00edtima entrou em contato com familiares e com a empresa respons\u00e1vel pelo transporte.<\/p>\n<p class=\"wp-block-paragraph\">O caso foi registrado na Delegacia de Pol\u00edcia de Itapevi, e os dois indiciados permaneceram \u00e0 disposi\u00e7\u00e3o da Justi\u00e7a.<\/p>\n<\/p><\/div>\n<p><br \/>\n<br \/><a href=\"https:\/\/www.agenciasp.sp.gov.br\/dupla-e-presa-por-roubo-de-32-toneladas-de-material-de-construcao-avaliadas-em-r-106-mil-na-grande-sao-paulo\/\" rel=\"noopener\">Informa\u00e7\u00f5es GOV.SP<\/a><\/p>\n","protected":false},"excerpt":{"rendered":"<p>Dois homens, ambos de 19 anos, foram presos na madrugada desta sexta-feira (5) por envolvimento no roubo de uma carga no km 32 da Rodovia Presidente Castello Branco, em Itapevi, na Grande S\u00e3o Paulo. O ve\u00edculo transportava 32 toneladas de placas de MDF (Medium Density Fiberboard), material derivado da madeira utilizado na fabrica\u00e7\u00e3o de m\u00f3veis, [&hellip;]<\/p>\n","protected":false},"author":1,"featured_media":68055,"comment_status":"","ping_status":"open","sticky":false,"template":"","format":"standard","meta":{"_jetpack_newsletter_access":"","_jetpack_dont_email_post_to_subs":false,"_jetpack_newsletter_tier_id":0,"_jetpack_memberships_contains_paywalled_content":false,"_mbp_banners":[],"_jetpack_feature_clip_id":0,"_jetpack_memberships_contains_paid_content":false,"footnotes":"","jetpack_publicize_message":"","jetpack_publicize_feature_enabled":true,"jetpack_social_post_already_shared":true,"jetpack_social_options":{"image_generator_settings":{"template":"highway","default_image_id":0,"font":"","enabled":false},"version":2},"jetpack_post_was_ever_published":false},"categories":[21],"tags":[],"class_list":["post-68054","post","type-post","status-publish","format-standard","has-post-thumbnail","category-sp-news"],"jetpack_publicize_connections":[],"jetpack-related-posts":[],"jetpack_shortlink":"https:\/\/wp.me\/p7Eq1F-hHE","jetpack_sharing_enabled":true,"jetpack_featured_media_url":"https:\/\/i0.wp.com\/guialimeira.com.br\/news\/wp-content\/uploads\/2026\/06\/Dupla-e-presa-por-roubo-de-32-toneladas-de-material.jpeg?fit=2560%2C1706&ssl=1","_links":{"self":[{"href":"https:\/\/guialimeira.com.br\/news\/wp-json\/wp\/v2\/posts\/68054","targetHints":{"allow":["GET"]}}],"collection":[{"href":"https:\/\/guialimeira.com.br\/news\/wp-json\/wp\/v2\/posts"}],"about":[{"href":"https:\/\/guialimeira.com.br\/news\/wp-json\/wp\/v2\/types\/post"}],"author":[{"embeddable":true,"href":"https:\/\/guialimeira.com.br\/news\/wp-json\/wp\/v2\/users\/1"}],"replies":[{"embeddable":true,"href":"https:\/\/guialimeira.com.br\/news\/wp-json\/wp\/v2\/comments?post=68054"}],"version-history":[{"count":0,"href":"https:\/\/guialimeira.com.br\/news\/wp-json\/wp\/v2\/posts\/68054\/revisions"}],"wp:featuredmedia":[{"embeddable":true,"href":"https:\/\/guialimeira.com.br\/news\/wp-json\/wp\/v2\/media\/68055"}],"wp:attachment":[{"href":"https:\/\/guialimeira.com.br\/news\/wp-json\/wp\/v2\/media?parent=68054"}],"wp:term":[{"taxonomy":"category","embeddable":true,"href":"https:\/\/guialimeira.com.br\/news\/wp-json\/wp\/v2\/categories?post=68054"},{"taxonomy":"post_tag","embeddable":true,"href":"https:\/\/guialimeira.com.br\/news\/wp-json\/wp\/v2\/tags?post=68054"}],"curies":[{"name":"wp","href":"https:\/\/api.w.org\/{rel}","templated":true}]}}