{"id":68049,"date":"2026-06-05T17:55:37","date_gmt":"2026-06-05T20:55:37","guid":{"rendered":"https:\/\/guialimeira.com.br\/policia-prende-dupla-e-resgata-homem-mantido-refem-dentro-de-carro-durante-roubo-em-guarulhos\/"},"modified":"2026-06-05T17:55:37","modified_gmt":"2026-06-05T20:55:37","slug":"policia-prende-dupla-e-resgata-homem-mantido-refem-dentro-de-carro-durante-roubo-em-guarulhos","status":"publish","type":"post","link":"https:\/\/guialimeira.com.br\/news\/policia-prende-dupla-e-resgata-homem-mantido-refem-dentro-de-carro-durante-roubo-em-guarulhos\/","title":{"rendered":"Pol\u00edcia prende dupla e resgata homem mantido ref\u00e9m dentro de carro durante roubo em Guarulhos"},"content":{"rendered":"<p> <br \/>\n<br \/><img data-recalc-dims=\"1\" decoding=\"async\" src=\"https:\/\/i0.wp.com\/www.agenciasp.sp.gov.br\/wp-content\/uploads\/2026\/06\/policia_sp_posto_sequestro.jpeg?w=696&#038;ssl=1\" \/><\/p>\n<div data-id=\"5a922b4\" data-element_type=\"widget\" data-e-type=\"widget\" data-widget_type=\"theme-post-content.default\">\n<div class=\"elementor-widget-container\">\n<p class=\"wp-block-paragraph\">Um homem de 62 anos que era mantido ref\u00e9m dentro de um carro durante um roubo foi resgatado pela Pol\u00edcia Militar na madrugada desta quinta-feira (4), no Jardim Monte Alegre, em Guarulhos. Dois suspeitos, de 18 e 30 anos, foram presos em flagrante.<\/p>\n<p class=\"wp-block-paragraph\">As equipes patrulhavam a regi\u00e3o quando receberam informa\u00e7\u00f5es sobre um roubo com restri\u00e7\u00e3o da liberdade da v\u00edtima em andamento. Com base nas caracter\u00edsticas repassadas, os policiais localizaram e interceptaram o ve\u00edculo utilizado pelos criminosos.<\/p>\n<p class=\"wp-block-paragraph\">Dentro do carro, os agentes encontraram a v\u00edtima sob o poder de dois suspeitos, que ocupavam a condu\u00e7\u00e3o e o banco do passageiro.<\/p>\n<p class=\"wp-block-paragraph\">A v\u00edtima relatou que trabalhava como motorista de um micro-\u00f4nibus quando foi abordada pelos assaltantes. Durante a a\u00e7\u00e3o, os criminosos anunciaram o roubo e o amea\u00e7aram. Em seguida, teve o rosto coberto com uma touca e o colocaram \u00e0 for\u00e7a no ve\u00edculo usado na fuga, onde permaneceu at\u00e9 ser localizado pela PM.<\/p>\n<p class=\"wp-block-paragraph\">Al\u00e9m do ve\u00edculo conduzido pela v\u00edtima, os suspeitos e comparsas que participaram da a\u00e7\u00e3o levaram um celular, um carregador e uma mochila.<\/p>\n<p class=\"wp-block-paragraph\">Durante a ocorr\u00eancia, os policiais constataram que o ve\u00edculo utilizado pelos criminosos circulava com placas adulteradas. Ap\u00f3s consulta ao chassi, foi verificado que o autom\u00f3vel possu\u00eda outra identifica\u00e7\u00e3o e constava como produto de roubo.<\/p>\n<p class=\"wp-block-paragraph\">Os suspeitos foram detidos e encaminhados ao 4\u00ba Distrito Policial de Guarulhos, onde o caso foi registrado como roubo, recepta\u00e7\u00e3o, adultera\u00e7\u00e3o de sinal identificador de ve\u00edculo automotor e localiza\u00e7\u00e3o\/apreens\u00e3o e entrega de ve\u00edculo.<\/p>\n<p class=\"wp-block-paragraph\">A autoridade policial representou pela convers\u00e3o da pris\u00e3o em flagrante em pris\u00e3o preventiva dos indiciados.<\/p>\n<p class=\"wp-block-paragraph\"><strong>LEIA TAMB\u00c9M: <a href=\"https:\/\/www.agenciasp.sp.gov.br\/sao-paulo-alcanca-nova-minima-historica-de-latrocinios-e-reduz-homicidios-no-quadrimestre\/\" rel=\"noopener\">S\u00e3o Paulo alcan\u00e7a nova m\u00ednima hist\u00f3rica de latroc\u00ednios e reduz homic\u00eddios no quadrimestre<br \/><\/a><\/strong><\/p>\n<\/p><\/div>\n<\/p><\/div>\n<p><br \/>\n<br \/><a href=\"https:\/\/www.agenciasp.sp.gov.br\/policia-prende-dupla-e-resgata-homem-mantido-refem-dentro-de-carro-durante-roubo-em-guarulhos\/\" rel=\"noopener\">Informa\u00e7\u00f5es GOV.SP<\/a><\/p>\n","protected":false},"excerpt":{"rendered":"<p>Um homem de 62 anos que era mantido ref\u00e9m dentro de um carro durante um roubo foi resgatado pela Pol\u00edcia Militar na madrugada desta quinta-feira (4), no Jardim Monte Alegre, em Guarulhos. Dois suspeitos, de 18 e 30 anos, foram presos em flagrante. As equipes patrulhavam a regi\u00e3o quando receberam informa\u00e7\u00f5es sobre um roubo com [&hellip;]<\/p>\n","protected":false},"author":1,"featured_media":68050,"comment_status":"","ping_status":"open","sticky":false,"template":"","format":"standard","meta":{"_jetpack_newsletter_access":"","_jetpack_dont_email_post_to_subs":false,"_jetpack_newsletter_tier_id":0,"_jetpack_memberships_contains_paywalled_content":false,"_mbp_banners":[],"_jetpack_feature_clip_id":0,"_jetpack_memberships_contains_paid_content":false,"footnotes":"","jetpack_publicize_message":"","jetpack_publicize_feature_enabled":true,"jetpack_social_post_already_shared":true,"jetpack_social_options":{"image_generator_settings":{"template":"highway","default_image_id":0,"font":"","enabled":false},"version":2},"jetpack_post_was_ever_published":false},"categories":[21],"tags":[],"class_list":["post-68049","post","type-post","status-publish","format-standard","has-post-thumbnail","category-sp-news"],"jetpack_publicize_connections":[],"jetpack-related-posts":[],"jetpack_shortlink":"https:\/\/wp.me\/p7Eq1F-hHz","jetpack_sharing_enabled":true,"jetpack_featured_media_url":"https:\/\/i0.wp.com\/guialimeira.com.br\/news\/wp-content\/uploads\/2026\/06\/Policia-prende-dupla-e-resgata-homem-mantido-refem-dentro-de.jpeg?fit=1258%2C558&ssl=1","_links":{"self":[{"href":"https:\/\/guialimeira.com.br\/news\/wp-json\/wp\/v2\/posts\/68049","targetHints":{"allow":["GET"]}}],"collection":[{"href":"https:\/\/guialimeira.com.br\/news\/wp-json\/wp\/v2\/posts"}],"about":[{"href":"https:\/\/guialimeira.com.br\/news\/wp-json\/wp\/v2\/types\/post"}],"author":[{"embeddable":true,"href":"https:\/\/guialimeira.com.br\/news\/wp-json\/wp\/v2\/users\/1"}],"replies":[{"embeddable":true,"href":"https:\/\/guialimeira.com.br\/news\/wp-json\/wp\/v2\/comments?post=68049"}],"version-history":[{"count":0,"href":"https:\/\/guialimeira.com.br\/news\/wp-json\/wp\/v2\/posts\/68049\/revisions"}],"wp:featuredmedia":[{"embeddable":true,"href":"https:\/\/guialimeira.com.br\/news\/wp-json\/wp\/v2\/media\/68050"}],"wp:attachment":[{"href":"https:\/\/guialimeira.com.br\/news\/wp-json\/wp\/v2\/media?parent=68049"}],"wp:term":[{"taxonomy":"category","embeddable":true,"href":"https:\/\/guialimeira.com.br\/news\/wp-json\/wp\/v2\/categories?post=68049"},{"taxonomy":"post_tag","embeddable":true,"href":"https:\/\/guialimeira.com.br\/news\/wp-json\/wp\/v2\/tags?post=68049"}],"curies":[{"name":"wp","href":"https:\/\/api.w.org\/{rel}","templated":true}]}}