{"id":68040,"date":"2026-06-05T15:52:47","date_gmt":"2026-06-05T18:52:47","guid":{"rendered":"https:\/\/guialimeira.com.br\/policia-de-sp-intensifica-o-combate-a-crimes-ambientais-em-todo-o-estado\/"},"modified":"2026-06-05T15:52:47","modified_gmt":"2026-06-05T18:52:47","slug":"policia-de-sp-intensifica-o-combate-a-crimes-ambientais-em-todo-o-estado","status":"publish","type":"post","link":"https:\/\/guialimeira.com.br\/news\/policia-de-sp-intensifica-o-combate-a-crimes-ambientais-em-todo-o-estado\/","title":{"rendered":"Pol\u00edcia de SP intensifica o combate a crimes ambientais em todo o estado"},"content":{"rendered":"<p> <br \/>\n<br \/><img data-recalc-dims=\"1\" decoding=\"async\" src=\"https:\/\/i0.wp.com\/www.agenciasp.sp.gov.br\/wp-content\/uploads\/2026\/05\/18fcbd2e-d93f-428d-935a-8c0ac33c22da.jpg?w=696&#038;ssl=1\" \/><\/p>\n<div>\n<p class=\"wp-block-paragraph\">A Pol\u00edcia Militar Ambiental intensificou as a\u00e7\u00f5es de combate aos crimes ambientais em todo o estado de S\u00e3o Paulo durante o per\u00edodo alusivo ao Dia Mundial do Meio Ambiente. As opera\u00e7\u00f5es foram refor\u00e7adas com foco na preven\u00e7\u00e3o, fiscaliza\u00e7\u00e3o e repress\u00e3o de pr\u00e1ticas ilegais contra a fauna, flora e recursos naturais.<\/p>\n<p class=\"wp-block-paragraph\">Entre as a\u00e7\u00f5es ampliadas est\u00e3o fiscaliza\u00e7\u00f5es em madeireiras e pontos de com\u00e9rcio de produtos florestais para verificar a regularidade da origem, armazenamento, transporte e comercializa\u00e7\u00e3o de madeira e derivados. O combate ao tr\u00e1fico de animais silvestres tamb\u00e9m foi intensificado, principalmente em regi\u00f5es com hist\u00f3rico de captura, transporte e manuten\u00e7\u00e3o irregular da fauna nativa.<\/p>\n<p class=\"wp-block-paragraph\"><strong>LEIA TAMB\u00c9M: <a href=\"https:\/\/www.agenciasp.sp.gov.br\/policia-militar-ambiental-intensifica-fiscalizacao-contra-queimadas-em-todo-o-estado-de-sp\/\" rel=\"noopener\">Pol\u00edcia Militar Ambiental intensifica fiscaliza\u00e7\u00e3o contra queimadas em todo o estado de SP<\/a><\/strong><\/p>\n<p class=\"wp-block-paragraph\">As equipes da Pol\u00edcia Militar Ambiental tamb\u00e9m refor\u00e7aram o patrulhamento em unidades de conserva\u00e7\u00e3o mar\u00edtimas e \u00e1reas protegidas, ampliando a fiscaliza\u00e7\u00e3o contra pesca irregular, polui\u00e7\u00e3o ambiental, ocupa\u00e7\u00f5es ilegais e turismo desordenado em regi\u00f5es costeiras e \u00e1reas ambientalmente sens\u00edveis.<\/p>\n<p class=\"wp-block-paragraph\">Al\u00e9m das a\u00e7\u00f5es ostensivas, a opera\u00e7\u00e3o conta com atividades preventivas e de educa\u00e7\u00e3o ambiental para orientar a popula\u00e7\u00e3o sobre a preserva\u00e7\u00e3o dos recursos naturais e a import\u00e2ncia das den\u00fancias.<\/p>\n<p class=\"wp-block-paragraph\"><strong>LEIA TAMB\u00c9M: <a href=\"https:\/\/www.agenciasp.sp.gov.br\/sp-sem-fogo-operacao-conjunta-fortalece-combate-a-incendios-durante-periodo-de-estiagem\/\" rel=\"noopener\">SP Sem Fogo: opera\u00e7\u00e3o conjunta fortalece combate a inc\u00eandios durante per\u00edodo de estiagem<\/a><\/strong><\/p>\n<p class=\"wp-block-paragraph\">\u201cNosso objetivo \u00e9 fortalecer tanto a preven\u00e7\u00e3o quanto a repress\u00e3o aos crimes ambientais, atuando de forma estrat\u00e9gica em \u00e1reas priorit\u00e1rias e ampliando a conscientiza\u00e7\u00e3o da popula\u00e7\u00e3o sobre a preserva\u00e7\u00e3o ambiental\u201d, afirmou o tenente Aur\u00e9lio Teixeira, da PM Ambiental.<\/p>\n<p class=\"wp-block-paragraph\">As ocorr\u00eancias mais recorrentes atendidas pela corpora\u00e7\u00e3o envolvem supress\u00e3o irregular de vegeta\u00e7\u00e3o, interven\u00e7\u00f5es em \u00e1reas de preserva\u00e7\u00e3o permanente, ocupa\u00e7\u00f5es ilegais, maus-tratos e tr\u00e1fico de animais, pesca irregular, ca\u00e7a, queimadas e descarte irregular de res\u00edduos.<\/p>\n<h3 class=\"wp-block-heading\">Opera\u00e7\u00e3o Huracan refor\u00e7a uso de tecnologia e integra\u00e7\u00e3o<\/h3>\n<p class=\"wp-block-paragraph\">Na <a href=\"https:\/\/www.agenciasp.sp.gov.br\/pm-ambiental-intensifica-fiscalizacao-para-prevenir-incendios-florestais-em-todo-o-estado\/\" data-type=\"link\" data-id=\"https:\/\/www.agenciasp.sp.gov.br\/pm-ambiental-intensifica-fiscalizacao-para-prevenir-incendios-florestais-em-todo-o-estado\/\" rel=\"noopener\">Opera\u00e7\u00e3o Huracan 2026<\/a>, realizada entre os dias 25 e 29 de maio, a Pol\u00edcia Militar Ambiental registrou 713 a\u00e7\u00f5es totais, com 199 locais apresentando irregularidades ambientais. A opera\u00e7\u00e3o tamb\u00e9m contou com o uso de 13 drones em 11 a\u00e7\u00f5es espec\u00edficas de monitoramento a\u00e9reo.<\/p>\n<p class=\"wp-block-paragraph\"><strong>LEIA TAMB\u00c9M: <a href=\"https:\/\/www.agenciasp.sp.gov.br\/pm-ambiental-intensifica-fiscalizacao-para-prevenir-incendios-florestais-em-todo-o-estado\/\" rel=\"noopener\">PM Ambiental intensifica fiscaliza\u00e7\u00e3o para prevenir inc\u00eandios florestais em todo o estado<\/a><\/strong><\/p>\n<p class=\"wp-block-paragraph\">\u201cO uso de drones, imagens de sat\u00e9lite e ferramentas de georreferenciamento fortalecem a fiscaliza\u00e7\u00e3o ambiental, melhoram o planejamento operacional e ampliam a capacidade de produ\u00e7\u00e3o de provas t\u00e9cnicas durante as ocorr\u00eancias\u201d, destacou o tenente.<\/p>\n<p class=\"wp-block-paragraph\">Os dados operacionais do quadrimestre tamb\u00e9m demonstram o refor\u00e7o das a\u00e7\u00f5es. Somente no acumulado do per\u00edodo, foram realizadas 3,8 mil a\u00e7\u00f5es em \u00e1rea rural e 16,3 mil den\u00fancias ambientais foram recebidas e atendidas pelas equipes.<\/p>\n<\/p><\/div>\n<p><br \/>\n<br \/><a href=\"https:\/\/www.agenciasp.sp.gov.br\/policia-de-sp-intensifica-o-combate-a-crimes-ambientais-em-todo-o-estado\/\" rel=\"noopener\">Informa\u00e7\u00f5es GOV.SP<\/a><\/p>\n","protected":false},"excerpt":{"rendered":"<p>A Pol\u00edcia Militar Ambiental intensificou as a\u00e7\u00f5es de combate aos crimes ambientais em todo o estado de S\u00e3o Paulo durante o per\u00edodo alusivo ao Dia Mundial do Meio Ambiente. As opera\u00e7\u00f5es foram refor\u00e7adas com foco na preven\u00e7\u00e3o, fiscaliza\u00e7\u00e3o e repress\u00e3o de pr\u00e1ticas ilegais contra a fauna, flora e recursos naturais. Entre as a\u00e7\u00f5es ampliadas est\u00e3o [&hellip;]<\/p>\n","protected":false},"author":1,"featured_media":68041,"comment_status":"","ping_status":"open","sticky":false,"template":"","format":"standard","meta":{"_jetpack_newsletter_access":"","_jetpack_dont_email_post_to_subs":false,"_jetpack_newsletter_tier_id":0,"_jetpack_memberships_contains_paywalled_content":false,"_mbp_banners":[],"_jetpack_feature_clip_id":0,"_jetpack_memberships_contains_paid_content":false,"footnotes":"","jetpack_publicize_message":"","jetpack_publicize_feature_enabled":true,"jetpack_social_post_already_shared":true,"jetpack_social_options":{"image_generator_settings":{"template":"highway","default_image_id":0,"font":"","enabled":false},"version":2},"jetpack_post_was_ever_published":false},"categories":[21],"tags":[],"class_list":["post-68040","post","type-post","status-publish","format-standard","has-post-thumbnail","category-sp-news"],"jetpack_publicize_connections":[],"jetpack-related-posts":[],"jetpack_shortlink":"https:\/\/wp.me\/p7Eq1F-hHq","jetpack_sharing_enabled":true,"jetpack_featured_media_url":"https:\/\/i0.wp.com\/guialimeira.com.br\/news\/wp-content\/uploads\/2026\/06\/Policia-de-SP-intensifica-o-combate-a-crimes-ambientais-em.jpg?fit=1600%2C1200&ssl=1","_links":{"self":[{"href":"https:\/\/guialimeira.com.br\/news\/wp-json\/wp\/v2\/posts\/68040","targetHints":{"allow":["GET"]}}],"collection":[{"href":"https:\/\/guialimeira.com.br\/news\/wp-json\/wp\/v2\/posts"}],"about":[{"href":"https:\/\/guialimeira.com.br\/news\/wp-json\/wp\/v2\/types\/post"}],"author":[{"embeddable":true,"href":"https:\/\/guialimeira.com.br\/news\/wp-json\/wp\/v2\/users\/1"}],"replies":[{"embeddable":true,"href":"https:\/\/guialimeira.com.br\/news\/wp-json\/wp\/v2\/comments?post=68040"}],"version-history":[{"count":0,"href":"https:\/\/guialimeira.com.br\/news\/wp-json\/wp\/v2\/posts\/68040\/revisions"}],"wp:featuredmedia":[{"embeddable":true,"href":"https:\/\/guialimeira.com.br\/news\/wp-json\/wp\/v2\/media\/68041"}],"wp:attachment":[{"href":"https:\/\/guialimeira.com.br\/news\/wp-json\/wp\/v2\/media?parent=68040"}],"wp:term":[{"taxonomy":"category","embeddable":true,"href":"https:\/\/guialimeira.com.br\/news\/wp-json\/wp\/v2\/categories?post=68040"},{"taxonomy":"post_tag","embeddable":true,"href":"https:\/\/guialimeira.com.br\/news\/wp-json\/wp\/v2\/tags?post=68040"}],"curies":[{"name":"wp","href":"https:\/\/api.w.org\/{rel}","templated":true}]}}