{"id":68035,"date":"2026-06-05T14:51:17","date_gmt":"2026-06-05T17:51:17","guid":{"rendered":"https:\/\/guialimeira.com.br\/unesp-amplia-atendimento-a-fauna-silvestre-paulista-com-novas-estruturas-nos-campi-de-botucatu-e-aracatuba\/"},"modified":"2026-06-05T14:51:17","modified_gmt":"2026-06-05T17:51:17","slug":"unesp-amplia-atendimento-a-fauna-silvestre-paulista-com-novas-estruturas-nos-campi-de-botucatu-e-aracatuba","status":"publish","type":"post","link":"https:\/\/guialimeira.com.br\/news\/unesp-amplia-atendimento-a-fauna-silvestre-paulista-com-novas-estruturas-nos-campi-de-botucatu-e-aracatuba\/","title":{"rendered":"Unesp amplia atendimento \u00e0 fauna silvestre paulista com novas estruturas nos campi de Botucatu e Ara\u00e7atuba"},"content":{"rendered":"<p> <br \/>\n<\/p>\n<div>\n<p class=\"wp-block-paragraph\">A <a href=\"https:\/\/www2.unesp.br\/\" target=\"_blank\" rel=\"noopener\">Unesp<\/a> vai ampliar a sua capacidade de atendimento e reabilita\u00e7\u00e3o de animais selvagens dos munic\u00edpios pr\u00f3ximos aos campi de Botucatu e Ara\u00e7atuba. Os centros de atendimento vinculados aos cursos de Medicina Veterin\u00e1ria das duas unidades universit\u00e1rias est\u00e3o passando por reformas para amplia\u00e7\u00e3o e adequa\u00e7\u00e3o dos espa\u00e7os, e passar\u00e3o a integrar oficialmente a rede estadual de Centros de Triagem e Reabilita\u00e7\u00e3o de Animais Silvestres (Cetras). A medida tamb\u00e9m vai beneficiar a forma\u00e7\u00e3o dos estudantes, que continuar\u00e3o realizando atividades de ensino e projetos de pesquisa nos centros.\u00a0<\/p>\n<p class=\"wp-block-paragraph\">Em Botucatu, est\u00e1 sendo reformado o Centro de Medicina e Pesquisa em Animais Selvagens (Cempas), enquanto em Ara\u00e7atuba, as obras est\u00e3o sendo realizadas no Centro de Recupera\u00e7\u00e3o e Triagem de Animais Silvestres (Ceretas).\u00a0<\/p>\n<p class=\"wp-block-paragraph\">A iniciativa \u00e9 fruto de uma parceria entre a Unesp e a Secretaria do Meio-Ambiente, Log\u00edstica e Infraestrutura (Semil), que tem como objetivo ampliar a rede que realiza o atendimento \u00e0 fauna silvestre no estado. Atualmente, essa rede \u00e9 formada por trinta Cetras, que atuam no acolhimento, tratamento e reabilita\u00e7\u00e3o de animais silvestres v\u00edtimas de tr\u00e1fico, maus-tratos, acidentes ou entrega volunt\u00e1ria. Por serem vinculados \u00e0 Universidade e serem espa\u00e7os de forma\u00e7\u00e3o de profissionais, os centros localizados nos c\u00e2mpus de Botucatu e Ara\u00e7atuba ser\u00e3o denominados Cetras-escola.<\/p>\n<p class=\"wp-block-paragraph\"><strong>LEIA TAMB\u00c9M: <\/strong><a href=\"https:\/\/www.agenciasp.sp.gov.br\/vestibular-2027-unesp-divulga-calendario-de-inscricoes-com-datas-de-provas-e-divulgacao-de-resultados\/\" rel=\"noopener\">Vestibular 2027: Unesp divulga calend\u00e1rio de inscri\u00e7\u00f5es, com datas de provas e divulga\u00e7\u00e3o de resultados<\/a><\/p>\n<p class=\"wp-block-paragraph\">Para a diretora de Biodiversidade e Biotecnologia da Semil, Patr\u00edcia Locosque Ramos, a parceria representa um avan\u00e7o qualitativo na pol\u00edtica p\u00fablica. \u201cO estabelecimento dos Cetras-escola fortalece a rede n\u00e3o apenas do ponto de vista assistencial, mas tamb\u00e9m t\u00e9cnico e cient\u00edfico. Ao integrar ensino, pesquisa e atendimento, ampliamos a capacidade de inova\u00e7\u00e3o e qualificamos ainda mais o cuidado com a fauna silvestre no estado\u201d, afirma.\u00a0\u00a0<\/p>\n<p class=\"wp-block-paragraph\">Para viabilizar a instala\u00e7\u00e3o dos dois Cetras-escola, a Semil est\u00e1 investindo R$ 27,4 milh\u00f5es ao longo dos pr\u00f3ximos 60 meses, per\u00edodo de vig\u00eancia do conv\u00eanio, que poder\u00e1 ser prorrogado. Al\u00e9m da adequa\u00e7\u00e3o e reforma do espa\u00e7o, o recurso ser\u00e1 aplicado em despesas operacionais e custeio de materiais, como a aquisi\u00e7\u00e3o de medicamentos, alimenta\u00e7\u00e3o e marca\u00e7\u00e3o animal, e tamb\u00e9m na contrata\u00e7\u00e3o de bi\u00f3logos, veterin\u00e1rios, tratadores de animais e auxiliares administrativos, a depender da demanda de cada unidade.<\/p>\n<p class=\"wp-block-paragraph\">A Unesp, por sua vez, se compromete a arcar com as despesas de consumo, servi\u00e7os de seguran\u00e7a e portaria, manuten\u00e7\u00e3o predial, bolsas de residentes m\u00e9dicos veterin\u00e1rios, atividades de doc\u00eancia e o funcionamento dos demais departamentos especializados que j\u00e1 apoiam as atividades dos centros, como anestesiologia, parasitologia e patologia.<\/p>\n<figure class=\"wp-block-image size-full\"><img data-recalc-dims=\"1\" fetchpriority=\"high\" decoding=\"async\" width=\"696\" height=\"522\" src=\"https:\/\/i0.wp.com\/www.agenciasp.sp.gov.br\/wp-content\/uploads\/2026\/06\/01cempasfinal.jpg?resize=696%2C522&#038;ssl=1\" alt=\"\" class=\"wp-image-148551\" srcset=\"https:\/\/www.agenciasp.sp.gov.br\/wp-content\/uploads\/2026\/06\/01cempasfinal.jpg 800w, https:\/\/www.agenciasp.sp.gov.br\/wp-content\/uploads\/2026\/06\/01cempasfinal-300x225.jpg 300w, https:\/\/www.agenciasp.sp.gov.br\/wp-content\/uploads\/2026\/06\/01cempasfinal-768x576.jpg 768w, https:\/\/www.agenciasp.sp.gov.br\/wp-content\/uploads\/2026\/06\/01cempasfinal-150x113.jpg 150w\" sizes=\"(max-width: 800px) 100vw, 800px\"\/><figcaption class=\"wp-element-caption\">Obras no campus de Botucatu ir\u00e3o ampliar e melhorar os recintos e estabelecer uma cozinha para prepara\u00e7\u00e3o da alimenta\u00e7\u00e3o dos animais (Cr\u00e9dito: Cempas\/Unesp)<\/figcaption><\/figure>\n<h3 class=\"wp-block-heading\">Expertise de mais de duas d\u00e9cadas<\/h3>\n<p class=\"wp-block-paragraph\">A \u00e1rea de estudo de animais de vida livre sempre esteve presente no curr\u00edculo dos cursos de medicina veterin\u00e1ria da Unesp, ainda que com diferentes abordagens, a depender do c\u00e2mpus em que est\u00e3o localizados. Em Ara\u00e7atuba, o professor S\u00e9rgio Diniz Garcia foi um dos respons\u00e1veis pela cria\u00e7\u00e3o, h\u00e1 cerca de vinte anos, de um servi\u00e7o de atendimento de animais selvagens e de uma disciplina para os alunos de gradua\u00e7\u00e3o. Em virtude da alta demanda, a iniciativa ganhou corpo e deu origem ao Ceretas, hospital que recebe, realiza triagem, trata e identifica as esp\u00e9cies de animais silvestres resgatadas ou apreendidas pelos \u00f3rg\u00e3os fiscalizadores.<\/p>\n<p class=\"wp-block-paragraph\">Em Botucatu, o professor Carlos Roberto Teixeira foi um dos idealizadores do Cempas, no in\u00edcio dos anos 2000. Desde 2024, o centro possui um conv\u00eanio estabelecido com a Semil para receber e reabilitar esp\u00e9cies de vida livre. A unidade conta ainda com um programa de p\u00f3s-gradua\u00e7\u00e3o \u00fanico no Brasil voltado espec\u00edficamente para o estudo desses animais. No final de 2025, o Cempas foi contemplado em um programa da Fapesp para <a href=\"https:\/\/www2.unesp.br\/portal#!\/noticias\/v\/id::41645\/com-focos-em-alimentacao-saude-eventos-climaticos-extremos-e-veterinaria-unesp-vai-sediar-quatro-novos-centros-de-pesquisa\" target=\"_blank\" rel=\"noreferrer noopener\">o estabelecimento de Centros de Ci\u00eancia para o Desenvolvimento especializado em animais selvagens<\/a>.<\/p>\n<p class=\"wp-block-paragraph\">O c\u00e2mpus de Jaboticabal, embora n\u00e3o integre o atual conv\u00eanio estabelecido com a Semil, possui um Servi\u00e7o de Patologia de Animais Selvagens (Sepas) desde 1994, sob a lideran\u00e7a da professora Karin Werther, al\u00e9m do N\u00facleo de Pesquisa e Conserva\u00e7\u00e3o de Cerv\u00eddeos (Nupecce), projeto liderado pelo professor Jos\u00e9 Maur\u00edcio Barbanti Duarte.<\/p>\n<h3 class=\"wp-block-heading\">Impacto positivo na atividade acad\u00eamica<\/h3>\n<p class=\"wp-block-paragraph\">Respons\u00e1vel pela coordena\u00e7\u00e3o do conv\u00eanio no c\u00e2mpus de Ara\u00e7atuba, o professor S\u00e9rgio Garcia explica que ap\u00f3s as reformas, a \u00e1rea dedicada aos animais selvagens estar\u00e1 totalmente adequada \u00e0s legisla\u00e7\u00f5es vigentes e deve alcan\u00e7ar mais de dois mil metros quadrados, o dobro da atual. \u201cEm Ara\u00e7atuba n\u00f3s j\u00e1 temos um hospital veterin\u00e1rio dedicado a animais dom\u00e9sticos e outro voltado para grandes animais, como bois e cavalos. Agora teremos um espa\u00e7o maior e mais equipado espec\u00edfico para animais silvestres\u201d, afirma o docente, que estima o volume de atendimento em dois mil animais por ano. Segundo a Semil, o investimento em obras no c\u00e2mpus ser\u00e1 de aproximadamente R$ 3,5 milh\u00f5es. Al\u00e9m disso, R$ 9,4 milh\u00f5es ser\u00e3o repassados para o custeio das atividades durante a vig\u00eancia do conv\u00eanio.\u00a0<\/p>\n<p class=\"wp-block-paragraph\">No Cempas, os recursos ser\u00e3o investidos principalmente na adequa\u00e7\u00e3o dos recintos dos animais, de forma a adequar o espa\u00e7o para o melhor bem estar das esp\u00e9cies, e uma cozinha para a prepara\u00e7\u00e3o dos alimentos. \u201cUm dos principais ganhos decorrentes das obras ser\u00e1 no bem-estar e na seguran\u00e7a dos animais e dos tratadores. Al\u00e9m disso, existe um ganho acad\u00eamico para os alunos desenvolvem suas atividades no centro. Afinal, quanto melhor a estrutura, melhor as atividades de pesquisa, ensino e extens\u00e3o\u201d, explica Sheila Canevese Rahal, chefe de servi\u00e7o do Cempas.\u00a0<\/p>\n<p class=\"wp-block-paragraph\">Atualmente, o centro recebe cerca de dois mil animais por ano, e segundo o veterin\u00e1rio respons\u00e1vel Gabriel Corr\u00eaa de Camargo, as reformas e contrata\u00e7\u00f5es devem permitir um aumento no volume de atendimentos. \u201c\u00c9 dif\u00edcil estimar quantos animais n\u00f3s conseguimos receber porque esse fluxo depende muito da a\u00e7\u00e3o dos \u00f3rg\u00e3os de resgate, que costumam trazer as esp\u00e9cies para o Cempas, mas com a nova estrutura conclu\u00edda, acho que poderemos aumentar em pelo menos 50% o atendimento\u201d, afirma.<\/p>\n<p class=\"wp-block-paragraph\">Segundo a Semil, est\u00e3o sendo investidos cerca de R$ 5 milh\u00f5es em reformas e outros R$ 9,4 milh\u00f5es est\u00e3o previstos para operacionaliza\u00e7\u00e3o do centro, a serem distribu\u00eddos ao longo dos 60 meses de conv\u00eanio. A expectativa \u00e9 que as obras, em Botucatu e Ara\u00e7atuba, estejam conclu\u00eddas at\u00e9 o final do ano.<\/p>\n<\/p><\/div>\n<p><br \/>\n<br \/><a href=\"https:\/\/www.agenciasp.sp.gov.br\/unesp-atendimento-fauna-silvestre-paulista\/\" rel=\"noopener\">Informa\u00e7\u00f5es GOV.SP<\/a><\/p>\n","protected":false},"excerpt":{"rendered":"<p>A Unesp vai ampliar a sua capacidade de atendimento e reabilita\u00e7\u00e3o de animais selvagens dos munic\u00edpios pr\u00f3ximos aos campi de Botucatu e Ara\u00e7atuba. Os centros de atendimento vinculados aos cursos de Medicina Veterin\u00e1ria das duas unidades universit\u00e1rias est\u00e3o passando por reformas para amplia\u00e7\u00e3o e adequa\u00e7\u00e3o dos espa\u00e7os, e passar\u00e3o a integrar oficialmente a rede estadual [&hellip;]<\/p>\n","protected":false},"author":1,"featured_media":68036,"comment_status":"","ping_status":"open","sticky":false,"template":"","format":"standard","meta":{"_jetpack_newsletter_access":"","_jetpack_dont_email_post_to_subs":false,"_jetpack_newsletter_tier_id":0,"_jetpack_memberships_contains_paywalled_content":false,"_mbp_banners":[],"_jetpack_feature_clip_id":0,"_jetpack_memberships_contains_paid_content":false,"footnotes":"","jetpack_publicize_message":"","jetpack_publicize_feature_enabled":true,"jetpack_social_post_already_shared":true,"jetpack_social_options":{"image_generator_settings":{"template":"highway","default_image_id":0,"font":"","enabled":false},"version":2},"jetpack_post_was_ever_published":false},"categories":[21],"tags":[],"class_list":["post-68035","post","type-post","status-publish","format-standard","has-post-thumbnail","category-sp-news"],"jetpack_publicize_connections":[],"jetpack-related-posts":[],"jetpack_shortlink":"https:\/\/wp.me\/p7Eq1F-hHl","jetpack_sharing_enabled":true,"jetpack_featured_media_url":"https:\/\/i0.wp.com\/guialimeira.com.br\/news\/wp-content\/uploads\/2026\/06\/Unesp-amplia-atendimento-a-fauna-silvestre-paulista-com-novas-estruturas.jpg?fit=800%2C600&ssl=1","_links":{"self":[{"href":"https:\/\/guialimeira.com.br\/news\/wp-json\/wp\/v2\/posts\/68035","targetHints":{"allow":["GET"]}}],"collection":[{"href":"https:\/\/guialimeira.com.br\/news\/wp-json\/wp\/v2\/posts"}],"about":[{"href":"https:\/\/guialimeira.com.br\/news\/wp-json\/wp\/v2\/types\/post"}],"author":[{"embeddable":true,"href":"https:\/\/guialimeira.com.br\/news\/wp-json\/wp\/v2\/users\/1"}],"replies":[{"embeddable":true,"href":"https:\/\/guialimeira.com.br\/news\/wp-json\/wp\/v2\/comments?post=68035"}],"version-history":[{"count":0,"href":"https:\/\/guialimeira.com.br\/news\/wp-json\/wp\/v2\/posts\/68035\/revisions"}],"wp:featuredmedia":[{"embeddable":true,"href":"https:\/\/guialimeira.com.br\/news\/wp-json\/wp\/v2\/media\/68036"}],"wp:attachment":[{"href":"https:\/\/guialimeira.com.br\/news\/wp-json\/wp\/v2\/media?parent=68035"}],"wp:term":[{"taxonomy":"category","embeddable":true,"href":"https:\/\/guialimeira.com.br\/news\/wp-json\/wp\/v2\/categories?post=68035"},{"taxonomy":"post_tag","embeddable":true,"href":"https:\/\/guialimeira.com.br\/news\/wp-json\/wp\/v2\/tags?post=68035"}],"curies":[{"name":"wp","href":"https:\/\/api.w.org\/{rel}","templated":true}]}}