{"id":68031,"date":"2026-06-05T13:49:12","date_gmt":"2026-06-05T16:49:12","guid":{"rendered":"https:\/\/guialimeira.com.br\/tarifa-social-paulista-dobrou-em-dois-anos-veja-como-ter-direito-ao-desconto-na-conta-de-agua\/"},"modified":"2026-06-05T13:49:12","modified_gmt":"2026-06-05T16:49:12","slug":"tarifa-social-paulista-dobrou-em-dois-anos-veja-como-ter-direito-ao-desconto-na-conta-de-agua","status":"publish","type":"post","link":"https:\/\/guialimeira.com.br\/news\/tarifa-social-paulista-dobrou-em-dois-anos-veja-como-ter-direito-ao-desconto-na-conta-de-agua\/","title":{"rendered":"Tarifa Social Paulista dobrou em dois anos; veja como ter direito ao desconto na conta de \u00e1gua"},"content":{"rendered":"<p> <br \/>\n<br \/><img data-recalc-dims=\"1\" decoding=\"async\" src=\"https:\/\/i0.wp.com\/www.agenciasp.sp.gov.br\/wp-content\/uploads\/2026\/01\/55039806324_6d645bbd0d_k-e1768337609497.jpg?w=696&#038;ssl=1\" \/><\/p>\n<div>\n<p class=\"wp-block-paragraph\">A Tarifa Social Paulista, programa do Governo de S\u00e3o Paulo que d\u00e1 desconto na conta de \u00e1gua para fam\u00edlias mais pobres, alcan\u00e7ou o recorde de 6 milh\u00f5es de pessoas beneficiadas. O avan\u00e7o foi registrado nos munic\u00edpios atendidos pela Sabesp ap\u00f3s a desestatiza\u00e7\u00e3o da Companhia, em 2024, que permitiu a expans\u00e3o do benef\u00edcio.<\/p>\n<p class=\"wp-block-paragraph\">O n\u00famero de pessoas atendidas dobrou no per\u00edodo, passando de 2,98 milh\u00f5es para 6 milh\u00f5es. A Tarifa Social Paulista foi criada para facilitar o acesso da popula\u00e7\u00e3o de baixa renda aos servi\u00e7os de saneamento b\u00e1sico. O programa concede desconto na conta de \u00e1gua conforme crit\u00e9rios socioecon\u00f4micos, com foco em fam\u00edlias inscritas em programas sociais.<\/p>\n<h3 class=\"wp-block-heading\">Como acessar a Tarifa Social Paulista<\/h3>\n<p class=\"wp-block-paragraph\">O acesso ao benef\u00edcio considera informa\u00e7\u00f5es cadastrais das fam\u00edlias eleg\u00edveis. A orienta\u00e7\u00e3o \u00e9 que os moradores mantenham os dados atualizados nos cadastros sociais para permitir a identifica\u00e7\u00e3o de quem tem direito ao desconto.<\/p>\n<blockquote class=\"instagram-media\" data-instgrm-captioned=\"\" data-instgrm-permalink=\"https:\/\/www.instagram.com\/reel\/DZFniPcDQz2\/?utm_source=ig_embed&amp;utm_campaign=loading\" data-instgrm-version=\"14\" style=\" background:#FFF; border:0; border-radius:3px; box-shadow:0 0 1px 0 rgba(0,0,0,0.5),0 1px 10px 0 rgba(0,0,0,0.15); margin: 1px; max-width:540px; min-width:326px; padding:0; width:99.375%; width:-webkit-calc(100% - 2px); width:calc(100% - 2px);\"\/>\n<p class=\"wp-block-paragraph\"><strong>O programa tem tr\u00eas faixas:\u00a0<\/strong><\/p>\n<ul class=\"wp-block-list\">\n<li>A categoria Vulner\u00e1vel oferece 78% de desconto para fam\u00edlias com renda per capita de at\u00e9 um quarto do sal\u00e1rio m\u00ednimo que estejam inscritas no Cad\u00danico;\u00a0<\/li>\n<li>A Social I prev\u00ea 72% para fam\u00edlias com renda de at\u00e9 meio sal\u00e1rio m\u00ednimo inscritas no Cad\u00danico, desempregados e benefici\u00e1rios do BPC;\u00a0<\/li>\n<li>E a Social II concede 50% para moradores de n\u00facleos urbanos informais pass\u00edveis de regulariza\u00e7\u00e3o.<\/li>\n<\/ul>\n<p class=\"wp-block-paragraph\">A ades\u00e3o \u00e9 autom\u00e1tica para quem tem o Cad\u00danico atualizado nas categorias Vulner\u00e1vel e Social I. Para essas faixas, a conta deve estar no nome de quem est\u00e1 inscrito no Cad\u00danico ou de algu\u00e9m da mesma fam\u00edlia que esteja no cadastro.\u00a0<\/p>\n<p class=\"wp-block-paragraph\">Na faixa Social II, n\u00e3o \u00e9 necess\u00e1rio o cadastro do Cad\u00danico. N\u00e3o \u00e9 preciso enviar documentos \u00e0 Sabesp. Benefici\u00e1rios do Benef\u00edcio de Presta\u00e7\u00e3o Continuada (BPC) tamb\u00e9m s\u00e3o inclu\u00eddos automaticamente.<\/p>\n<p class=\"wp-block-paragraph\">Desempregados, beneficiados pelo Seguro Desemprego e com \u00faltimo sal\u00e1rio de at\u00e9 3 (tr\u00eas) sal\u00e1rios m\u00ednimos, podem solicitar o benef\u00edcio pelo Sabesp F\u00e1cil, com validade de at\u00e9 12 meses mediante comprova\u00e7\u00e3o semestral.\u00a0<\/p>\n<p class=\"wp-block-paragraph\">Para moradores de habita\u00e7\u00f5es coletivas, a solicita\u00e7\u00e3o tamb\u00e9m \u00e9 feita pelo Sabesp F\u00e1cil, com envio de documentos comprobat\u00f3rios. \u00c9 importante que a conta de \u00e1gua esteja no nome da pessoa cadastrada ou de um familiar que conste no mesmo cadastro. Mais informa\u00e7\u00f5es em tarifasocialpaulista.sp.gov.br.<\/p>\n<p class=\"wp-block-paragraph\">A Sabesp tamb\u00e9m realiza a\u00e7\u00f5es de atendimento e orienta\u00e7\u00e3o para ampliar o conhecimento da popula\u00e7\u00e3o sobre a Tarifa Social Paulista e facilitar a inclus\u00e3o de novos benefici\u00e1rios.<\/p>\n<p class=\"wp-block-paragraph\">Com a expans\u00e3o, o programa consolida-se como uma das principais pol\u00edticas sociais ligadas ao saneamento em S\u00e3o Paulo, ao combinar desconto direto na conta de \u00e1gua com amplia\u00e7\u00e3o do acesso aos servi\u00e7os essenciais.<\/p>\n<h3 class=\"wp-block-heading\"><strong>Como saber se j\u00e1 estou sendo beneficiado?<\/strong><\/h3>\n<p class=\"wp-block-paragraph\">No lado esquerdo da conta de \u00e1gua, est\u00e1 localizada a se\u00e7\u00e3o de tabela tarif\u00e1ria, al\u00ed \u00e9 poss\u00edvel identificar se a conta j\u00e1 faz parte do programa e em que faixa participa.\u00a0<\/p>\n<\/p><\/div>\n<p><script async src=\"\/\/www.instagram.com\/embed.js\"><\/script><br \/>\n<br \/><br \/>\n<br \/><a href=\"https:\/\/www.agenciasp.sp.gov.br\/tarifa-social-paulista-dobrou-em-dois-anos-veja-como-ter-direito-ao-desconto-na-conta-de-agua\/\" rel=\"noopener\">Informa\u00e7\u00f5es GOV.SP<\/a><\/p>\n","protected":false},"excerpt":{"rendered":"<p>A Tarifa Social Paulista, programa do Governo de S\u00e3o Paulo que d\u00e1 desconto na conta de \u00e1gua para fam\u00edlias mais pobres, alcan\u00e7ou o recorde de 6 milh\u00f5es de pessoas beneficiadas. O avan\u00e7o foi registrado nos munic\u00edpios atendidos pela Sabesp ap\u00f3s a desestatiza\u00e7\u00e3o da Companhia, em 2024, que permitiu a expans\u00e3o do benef\u00edcio. O n\u00famero de [&hellip;]<\/p>\n","protected":false},"author":1,"featured_media":56812,"comment_status":"","ping_status":"open","sticky":false,"template":"","format":"standard","meta":{"_jetpack_newsletter_access":"","_jetpack_dont_email_post_to_subs":false,"_jetpack_newsletter_tier_id":0,"_jetpack_memberships_contains_paywalled_content":false,"_mbp_banners":[],"_jetpack_feature_clip_id":0,"_jetpack_memberships_contains_paid_content":false,"footnotes":"","jetpack_publicize_message":"","jetpack_publicize_feature_enabled":true,"jetpack_social_post_already_shared":true,"jetpack_social_options":{"image_generator_settings":{"template":"highway","default_image_id":0,"font":"","enabled":false},"version":2},"jetpack_post_was_ever_published":false},"categories":[21],"tags":[],"class_list":["post-68031","post","type-post","status-publish","format-standard","has-post-thumbnail","category-sp-news"],"jetpack_publicize_connections":[],"jetpack-related-posts":[],"jetpack_shortlink":"https:\/\/wp.me\/p7Eq1F-hHh","jetpack_sharing_enabled":true,"jetpack_featured_media_url":"https:\/\/i0.wp.com\/guialimeira.com.br\/news\/wp-content\/uploads\/2026\/02\/Com-descontos-de-ate-80-Sabesp-prorroga-campanha-de-renegociacao.jpg?fit=2048%2C1170&ssl=1","_links":{"self":[{"href":"https:\/\/guialimeira.com.br\/news\/wp-json\/wp\/v2\/posts\/68031","targetHints":{"allow":["GET"]}}],"collection":[{"href":"https:\/\/guialimeira.com.br\/news\/wp-json\/wp\/v2\/posts"}],"about":[{"href":"https:\/\/guialimeira.com.br\/news\/wp-json\/wp\/v2\/types\/post"}],"author":[{"embeddable":true,"href":"https:\/\/guialimeira.com.br\/news\/wp-json\/wp\/v2\/users\/1"}],"replies":[{"embeddable":true,"href":"https:\/\/guialimeira.com.br\/news\/wp-json\/wp\/v2\/comments?post=68031"}],"version-history":[{"count":0,"href":"https:\/\/guialimeira.com.br\/news\/wp-json\/wp\/v2\/posts\/68031\/revisions"}],"wp:featuredmedia":[{"embeddable":true,"href":"https:\/\/guialimeira.com.br\/news\/wp-json\/wp\/v2\/media\/56812"}],"wp:attachment":[{"href":"https:\/\/guialimeira.com.br\/news\/wp-json\/wp\/v2\/media?parent=68031"}],"wp:term":[{"taxonomy":"category","embeddable":true,"href":"https:\/\/guialimeira.com.br\/news\/wp-json\/wp\/v2\/categories?post=68031"},{"taxonomy":"post_tag","embeddable":true,"href":"https:\/\/guialimeira.com.br\/news\/wp-json\/wp\/v2\/tags?post=68031"}],"curies":[{"name":"wp","href":"https:\/\/api.w.org\/{rel}","templated":true}]}}