{"id":68014,"date":"2026-06-05T11:47:14","date_gmt":"2026-06-05T14:47:14","guid":{"rendered":"https:\/\/guialimeira.com.br\/pm-de-sp-prende-quadrilha-em-pinheiros-apos-tentativa-de-furto\/"},"modified":"2026-06-05T11:47:14","modified_gmt":"2026-06-05T14:47:14","slug":"pm-de-sp-prende-quadrilha-em-pinheiros-apos-tentativa-de-furto","status":"publish","type":"post","link":"https:\/\/guialimeira.com.br\/news\/pm-de-sp-prende-quadrilha-em-pinheiros-apos-tentativa-de-furto\/","title":{"rendered":"PM de SP prende quadrilha em Pinheiros ap\u00f3s tentativa de furto"},"content":{"rendered":"<p> <br \/>\n<br \/><img data-recalc-dims=\"1\" decoding=\"async\" src=\"https:\/\/i0.wp.com\/www.agenciasp.sp.gov.br\/wp-content\/uploads\/2025\/11\/00060100.jpg?w=696&#038;ssl=1\" \/><\/p>\n<div>\n<p class=\"wp-block-paragraph\">Policiais militares prenderam quatro criminosos suspeitos de integrar uma quadrilha especializada em furtos a resid\u00eancias na noite de quinta-feira (4). O flagrante aconteceu ap\u00f3s uma tentativa de furto em um edif\u00edcio em Alto de Pinheiros, zona oeste da capital paulista.<\/p>\n<p class=\"wp-block-paragraph\">De acordo com o boletim de ocorr\u00eancia, os suspeitos haviam invadido o pr\u00e9dio na regi\u00e3o do Parque Villa-Lobos pela garagem e tentaram acessar um dos apartamentos. No entanto, uma testemunha acionou a Pol\u00edcia Militar. Uma das equipes que estava nas proximidades se deslocou ao endere\u00e7o.<\/p>\n<p class=\"wp-block-paragraph\"><strong>LEIA TAMB\u00c9M: <a href=\"https:\/\/www.agenciasp.sp.gov.br\/policia-militar-de-sp-abre-2-mil-vagas-saiba-tudo-sobre-o-concurso-publico\/\" rel=\"noopener\">Pol\u00edcia Militar de SP abre 2 mil vagas para soldado; saiba tudo sobre o concurso p\u00fablico<\/a><\/strong><\/p>\n<p class=\"wp-block-paragraph\">Com a chegada dos policiais, um dos autores, que tentou fugir pulando um muro, foi detido. Em buscas na regi\u00e3o, os militares conseguiram identificar outros tr\u00eas envolvidos na tentativa de furto, que acabaram detidos. O ve\u00edculo utilizado pela quadrilha foi apreendido.<\/p>\n<p class=\"wp-block-paragraph\">Em consulta ao sistema <a href=\"https:\/\/www.agenciasp.sp.gov.br\/alerta-do-muralha-paulista-durante-jogo-da-libertadores-leva-a-prisao-dois-procurados-da-justica\/\" data-type=\"link\" data-id=\"https:\/\/www.agenciasp.sp.gov.br\/alerta-do-muralha-paulista-durante-jogo-da-libertadores-leva-a-prisao-dois-procurados-da-justica\/\" rel=\"noopener\">Muralha Paulista<\/a>, do Governo de S\u00e3o Paulo, os policiais constataram que um dos criminosos era procurado da Justi\u00e7a.<\/p>\n<p class=\"wp-block-paragraph\">Todos os autores permaneceram detidos \u00e0 disposi\u00e7\u00e3o da Justi\u00e7a. O caso foi registrado como tentativa de furto, captura de procurado e localiza\u00e7\u00e3o\/apreens\u00e3o de ve\u00edculo no 14\u00b0 Distrito Policial (Pinheiros), que seguem com as investiga\u00e7\u00f5es.<\/p>\n<\/p><\/div>\n<p><br \/>\n<br \/><a href=\"https:\/\/www.agenciasp.sp.gov.br\/pm-de-sp-prende-quadrilha-em-pinheiros-apos-tentativa-de-furto\/\" rel=\"noopener\">Informa\u00e7\u00f5es GOV.SP<\/a><\/p>\n","protected":false},"excerpt":{"rendered":"<p>Policiais militares prenderam quatro criminosos suspeitos de integrar uma quadrilha especializada em furtos a resid\u00eancias na noite de quinta-feira (4). O flagrante aconteceu ap\u00f3s uma tentativa de furto em um edif\u00edcio em Alto de Pinheiros, zona oeste da capital paulista. De acordo com o boletim de ocorr\u00eancia, os suspeitos haviam invadido o pr\u00e9dio na regi\u00e3o [&hellip;]<\/p>\n","protected":false},"author":1,"featured_media":62542,"comment_status":"","ping_status":"open","sticky":false,"template":"","format":"standard","meta":{"_jetpack_newsletter_access":"","_jetpack_dont_email_post_to_subs":false,"_jetpack_newsletter_tier_id":0,"_jetpack_memberships_contains_paywalled_content":false,"_mbp_banners":[],"_jetpack_feature_clip_id":0,"_jetpack_memberships_contains_paid_content":false,"footnotes":"","jetpack_publicize_message":"","jetpack_publicize_feature_enabled":true,"jetpack_social_post_already_shared":true,"jetpack_social_options":{"image_generator_settings":{"template":"highway","default_image_id":0,"font":"","enabled":false},"version":2},"jetpack_post_was_ever_published":false},"categories":[21],"tags":[],"class_list":["post-68014","post","type-post","status-publish","format-standard","has-post-thumbnail","category-sp-news"],"jetpack_publicize_connections":[],"jetpack-related-posts":[],"jetpack_shortlink":"https:\/\/wp.me\/p7Eq1F-hH0","jetpack_sharing_enabled":true,"jetpack_featured_media_url":"https:\/\/i0.wp.com\/guialimeira.com.br\/news\/wp-content\/uploads\/2026\/04\/PM-de-SP-prende-%E2%80%98mulas-do-trafico-com-200-capsulas.jpg?fit=1600%2C1066&ssl=1","_links":{"self":[{"href":"https:\/\/guialimeira.com.br\/news\/wp-json\/wp\/v2\/posts\/68014","targetHints":{"allow":["GET"]}}],"collection":[{"href":"https:\/\/guialimeira.com.br\/news\/wp-json\/wp\/v2\/posts"}],"about":[{"href":"https:\/\/guialimeira.com.br\/news\/wp-json\/wp\/v2\/types\/post"}],"author":[{"embeddable":true,"href":"https:\/\/guialimeira.com.br\/news\/wp-json\/wp\/v2\/users\/1"}],"replies":[{"embeddable":true,"href":"https:\/\/guialimeira.com.br\/news\/wp-json\/wp\/v2\/comments?post=68014"}],"version-history":[{"count":0,"href":"https:\/\/guialimeira.com.br\/news\/wp-json\/wp\/v2\/posts\/68014\/revisions"}],"wp:featuredmedia":[{"embeddable":true,"href":"https:\/\/guialimeira.com.br\/news\/wp-json\/wp\/v2\/media\/62542"}],"wp:attachment":[{"href":"https:\/\/guialimeira.com.br\/news\/wp-json\/wp\/v2\/media?parent=68014"}],"wp:term":[{"taxonomy":"category","embeddable":true,"href":"https:\/\/guialimeira.com.br\/news\/wp-json\/wp\/v2\/categories?post=68014"},{"taxonomy":"post_tag","embeddable":true,"href":"https:\/\/guialimeira.com.br\/news\/wp-json\/wp\/v2\/tags?post=68014"}],"curies":[{"name":"wp","href":"https:\/\/api.w.org\/{rel}","templated":true}]}}