{"id":68009,"date":"2026-06-05T10:45:17","date_gmt":"2026-06-05T13:45:17","guid":{"rendered":"https:\/\/guialimeira.com.br\/sao-paulo-audiovisual-hub-2026-reune-cineasta-indicado-ao-oscar-curador-do-sxsw-e-30-players-internacionais\/"},"modified":"2026-06-05T10:45:17","modified_gmt":"2026-06-05T13:45:17","slug":"sao-paulo-audiovisual-hub-2026-reune-cineasta-indicado-ao-oscar-curador-do-sxsw-e-30-players-internacionais","status":"publish","type":"post","link":"https:\/\/guialimeira.com.br\/news\/sao-paulo-audiovisual-hub-2026-reune-cineasta-indicado-ao-oscar-curador-do-sxsw-e-30-players-internacionais\/","title":{"rendered":"S\u00e3o Paulo Audiovisual HUB 2026 re\u00fane cineasta indicado ao Oscar, curador do SXSW e 30 players internacionais"},"content":{"rendered":"<p> <br \/>\n<br \/><img data-recalc-dims=\"1\" decoding=\"async\" src=\"https:\/\/i0.wp.com\/www.agenciasp.sp.gov.br\/wp-content\/uploads\/2025\/06\/CAMERA.jpg?w=696&#038;ssl=1\" \/><\/p>\n<div>\n<p class=\"wp-block-paragraph\">Pelo segundo ano consecutivo, S\u00e3o Paulo se torna ponto de encontro do mercado audiovisual internacional na Am\u00e9rica Latina com o S\u00e3o Paulo Audiovisual HUB 2026. Entre os dias 8 e 12 de junho, na FAAP, a iniciativa da <a href=\"https:\/\/www.cultura.sp.gov.br\/\" target=\"_blank\" rel=\"noopener\">Secretaria da Cultura, Economia e Ind\u00fastria Criativas do Estado de S\u00e3o Paulo<\/a> apresenta uma programa\u00e7\u00e3o voltada \u00e0 forma\u00e7\u00e3o, internacionaliza\u00e7\u00e3o e gera\u00e7\u00e3o de neg\u00f3cios, reunindo 30 convidados internacionais de 16 pa\u00edses, incluindo agentes de vendas, produtores, distribuidores, representantes de festivais e film commissions internacionais, em uma intensa agenda de debates, workshops, rodadas de neg\u00f3cios e networking.\u00a0<\/p>\n<p>\u201cEsse evento faz parte do Plano Estadual do Audiovisual, constru\u00eddo em di\u00e1logo com as demandas do setor, que consideramos de extrema import\u00e2ncia para o desenvolvimento da economia criativa paulista. O HUB \u00e9 um bra\u00e7o de neg\u00f3cios e de forma\u00e7\u00e3o desse plano, e o impacto da primeira edi\u00e7\u00e3o em 2025 nos surpreendeu: audit\u00f3rios lotados e muita troca entre o p\u00fablico, mostrando a for\u00e7a do setor audiovisual paulista e o interesse por eventos como este, que promove gratuitamente oportunidades de networking, neg\u00f3cios e muita troca de conhecimento\u201d, afirma Marilia Marton, secret\u00e1ria da Cultura, Economia e Ind\u00fastria Criativas do Estado de S\u00e3o Paulo.\u00a0<\/p>\n<p class=\"wp-block-paragraph\"><strong>LEIA TAMB\u00c9M: <\/strong><a href=\"https:\/\/www.agenciasp.sp.gov.br\/governo-de-sp-abre-inscricoes-para-o-audiovisual-hub-2026-evento-internacional-do-setor\/\" rel=\"noopener\">Governo de SP abre inscri\u00e7\u00f5es para o Audiovisual Hub 2026, evento internacional do setor<\/a><\/p>\n<p>Entre os destaques confirmados est\u00e1 o cineasta Daniel Rezende, um dos nomes brasileiros de maior proje\u00e7\u00e3o internacional, indicado ao Oscar pela montagem de Cidade de Deus e diretor de produ\u00e7\u00f5es como Turma da M\u00f4nica \u2013 La\u00e7os, da s\u00e9rie Senna, e do mais recente longa O Filho de Mil Homens, adapta\u00e7\u00e3o do livro de Valter Hugo M\u00e3e numa produ\u00e7\u00e3o Netflix. Rezende participa de um debate sobre adapta\u00e7\u00f5es liter\u00e1rias e a propriedade intelectual no audiovisual, e tamb\u00e9m de um painel especial sobre a concep\u00e7\u00e3o criativa de \u2018O Filho de Mil Homens\u2019. \u00a0<\/p>\n<p>Outro nome de destaque \u00e9 Jim Kolmar, curador do SXSW, um dos maiores e mais influentes eventos de inova\u00e7\u00e3o e cultura do mundo, realizado anualmente em Austin, no Texas. O evento \u00e9 conhecido por misturar ind\u00fastria criativa, tecnologia e entretenimento em um mesmo ambiente, funcionando como espa\u00e7o de lan\u00e7amentos de filmes e s\u00e9ries, tend\u00eancias em tecnologia e audiovisual e networking internacional. Sua participa\u00e7\u00e3o refor\u00e7a a proposta do HUB de aproximar o audiovisual paulista de importantes centros globais de decis\u00e3o e descoberta de talentos.\u00a0<\/p>\n<p class=\"wp-block-paragraph\"><strong>LEIA TAMB\u00c9M: <\/strong><a href=\"https:\/\/www.agenciasp.sp.gov.br\/cinemas-perdem-publico-show-continuam\/\" rel=\"noopener\">Cinemas perdem p\u00fablico, mas bibliotecas e shows continuam com a mesma taxa de visitantes, mostra pesquisa do Seade<\/a><\/p>\n<p>A programa\u00e7\u00e3o tamb\u00e9m contar\u00e1 com a presen\u00e7a da produtora Ale McHaddo, reconhecida por sua atua\u00e7\u00e3o no cinema e no audiovisual de g\u00eanero, al\u00e9m de representantes de importantes festivais internacionais, plataformas de VOD, fundos internacionais e institui\u00e7\u00f5es do setor.\u00a0<\/p>\n<p>Ao longo de cinco dias, o S\u00e3o Paulo Audiovisual HUB promover\u00e1 debates sobre tend\u00eancias da ind\u00fastria, intelig\u00eancia artificial aplicada ao audiovisual, streaming, cinema de g\u00eanero e fantasia, p\u00fablico jovem, e tamb\u00e9m os caminhos da coprodu\u00e7\u00e3o e distribui\u00e7\u00e3o internacional.\u00a0<\/p>\n<p>Al\u00e9m dos pain\u00e9is abertos ao p\u00fablico, o evento contar\u00e1 com workshops especializados para profissionais selecionados e rodadas de neg\u00f3cios com players internacionais, criando oportunidades concretas de neg\u00f3cios.\u00a0<\/p>\n<p>Com foco na forma\u00e7\u00e3o, nos contatos e trocas, e na amplia\u00e7\u00e3o da presen\u00e7a brasileira no exterior, \u00a0a segunda edi\u00e7\u00e3o do S\u00e3o Paulo Audiovisual HUB refor\u00e7a a proposta de posicionar S\u00e3o Paulo como um polo de articula\u00e7\u00e3o internacional para o setor audiovisual.\u00a0<\/p>\n<p><strong>Servi\u00e7o<\/strong><\/p>\n<p class=\"wp-block-paragraph\">De 8 a 12 de junho<br \/>Inscri\u00e7\u00f5es e programa\u00e7\u00e3o completa em: <a href=\"https:\/\/www.cultura.sp.gov.br\/sec_cultura\/Institucional\/Noticias_da_Secretaria_da_Cultura\/sp%20audiovisual%20hub%202026%20destaques\/!ut\/p\/z1\/jY9dC4IwFIb_iv6A2Jy55qVoqKWEpGS7iYVfA1Nr6kW_vkkQRFiduwPP-5z3AApSQBs28pL1vG1YLfcjxSdI8BLpLtTN9c6B2DC9OIpsI7EgODyBmZEA_Ss_D9Dv-s2vA_IDdAvtsAS0Y3214E3RglR0Chsy3o5cDKxWquGsIIiwkuWiZ9chF7IYfVdr7qT2SAzRyrG2BH4AZAK0SAsCn3ix-wLm23eXJL0Hxd4vVfUBjlAgow!!\/spaudiovisualhub.com.br\" target=\"_blank\" rel=\"noopener\">spaudiovisualhub.com.br<\/a>\u00a0<br \/>FAAP \u2013 R. Alagoas, 903 \u2013 Higien\u00f3polis, S\u00e3o Paulo<br \/>Entrada gratuita (Necess\u00e1ria inscri\u00e7\u00e3o pr\u00e9via)<\/p>\n<\/p><\/div>\n<p><br \/>\n<br \/><a href=\"https:\/\/www.agenciasp.sp.gov.br\/sao-paulo-audiovisual-hub-2026\/\" rel=\"noopener\">Informa\u00e7\u00f5es GOV.SP<\/a><\/p>\n","protected":false},"excerpt":{"rendered":"<p>Pelo segundo ano consecutivo, S\u00e3o Paulo se torna ponto de encontro do mercado audiovisual internacional na Am\u00e9rica Latina com o S\u00e3o Paulo Audiovisual HUB 2026. Entre os dias 8 e 12 de junho, na FAAP, a iniciativa da Secretaria da Cultura, Economia e Ind\u00fastria Criativas do Estado de S\u00e3o Paulo apresenta uma programa\u00e7\u00e3o voltada \u00e0 [&hellip;]<\/p>\n","protected":false},"author":1,"featured_media":68010,"comment_status":"","ping_status":"open","sticky":false,"template":"","format":"standard","meta":{"_jetpack_newsletter_access":"","_jetpack_dont_email_post_to_subs":false,"_jetpack_newsletter_tier_id":0,"_jetpack_memberships_contains_paywalled_content":false,"_mbp_banners":[],"_jetpack_feature_clip_id":0,"_jetpack_memberships_contains_paid_content":false,"footnotes":"","jetpack_publicize_message":"","jetpack_publicize_feature_enabled":true,"jetpack_social_post_already_shared":true,"jetpack_social_options":{"image_generator_settings":{"template":"highway","default_image_id":0,"font":"","enabled":false},"version":2},"jetpack_post_was_ever_published":false},"categories":[21],"tags":[],"class_list":["post-68009","post","type-post","status-publish","format-standard","has-post-thumbnail","category-sp-news"],"jetpack_publicize_connections":[],"jetpack-related-posts":[],"jetpack_shortlink":"https:\/\/wp.me\/p7Eq1F-hGV","jetpack_sharing_enabled":true,"jetpack_featured_media_url":"https:\/\/i0.wp.com\/guialimeira.com.br\/news\/wp-content\/uploads\/2026\/06\/Sao-Paulo-Audiovisual-HUB-2026-reune-cineasta-indicado-ao-Oscar.jpg?fit=2121%2C1414&ssl=1","_links":{"self":[{"href":"https:\/\/guialimeira.com.br\/news\/wp-json\/wp\/v2\/posts\/68009","targetHints":{"allow":["GET"]}}],"collection":[{"href":"https:\/\/guialimeira.com.br\/news\/wp-json\/wp\/v2\/posts"}],"about":[{"href":"https:\/\/guialimeira.com.br\/news\/wp-json\/wp\/v2\/types\/post"}],"author":[{"embeddable":true,"href":"https:\/\/guialimeira.com.br\/news\/wp-json\/wp\/v2\/users\/1"}],"replies":[{"embeddable":true,"href":"https:\/\/guialimeira.com.br\/news\/wp-json\/wp\/v2\/comments?post=68009"}],"version-history":[{"count":0,"href":"https:\/\/guialimeira.com.br\/news\/wp-json\/wp\/v2\/posts\/68009\/revisions"}],"wp:featuredmedia":[{"embeddable":true,"href":"https:\/\/guialimeira.com.br\/news\/wp-json\/wp\/v2\/media\/68010"}],"wp:attachment":[{"href":"https:\/\/guialimeira.com.br\/news\/wp-json\/wp\/v2\/media?parent=68009"}],"wp:term":[{"taxonomy":"category","embeddable":true,"href":"https:\/\/guialimeira.com.br\/news\/wp-json\/wp\/v2\/categories?post=68009"},{"taxonomy":"post_tag","embeddable":true,"href":"https:\/\/guialimeira.com.br\/news\/wp-json\/wp\/v2\/tags?post=68009"}],"curies":[{"name":"wp","href":"https:\/\/api.w.org\/{rel}","templated":true}]}}