{"id":68004,"date":"2026-06-05T09:44:19","date_gmt":"2026-06-05T12:44:19","guid":{"rendered":"https:\/\/guialimeira.com.br\/pesquisa-agricola-impulsiona-lideranca-de-sao-paulo-nas-exportacoes-de-sementes\/"},"modified":"2026-06-05T09:44:19","modified_gmt":"2026-06-05T12:44:19","slug":"pesquisa-agricola-impulsiona-lideranca-de-sao-paulo-nas-exportacoes-de-sementes","status":"publish","type":"post","link":"https:\/\/guialimeira.com.br\/news\/pesquisa-agricola-impulsiona-lideranca-de-sao-paulo-nas-exportacoes-de-sementes\/","title":{"rendered":"Pesquisa agr\u00edcola impulsiona lideran\u00e7a de S\u00e3o Paulo nas exporta\u00e7\u00f5es de sementes"},"content":{"rendered":"<p> <br \/>\n<br \/><img data-recalc-dims=\"1\" decoding=\"async\" src=\"https:\/\/i0.wp.com\/www.agenciasp.sp.gov.br\/wp-content\/uploads\/2026\/06\/seedling.jpg?w=696&#038;ssl=1\" \/><\/p>\n<div>\n<p class=\"wp-block-paragraph\">Em tempos marcados por alertas clim\u00e1ticos e press\u00e3o crescente sobre a produ\u00e7\u00e3o de alimentos, S\u00e3o Paulo consolida sua posi\u00e7\u00e3o como o maior exportador de sementes do Brasil. Para especialistas do setor, o avan\u00e7o da pesquisa agr\u00edcola \u00e9 um dos fatores que ajudam a explicar esse desempenho.<\/p>\n<p class=\"wp-block-paragraph\">Dados levantados pelo pesquisador Jos\u00e9 Alberto \u00c2ngelo, do Instituto de Economia Agr\u00edcola (IEA-APTA), revelam que em 2025 o estado de S\u00e3o Paulo respondeu por 36,2% de todas as exporta\u00e7\u00f5es brasileiras de sementes, embarcando cerca de 14 milh\u00f5es de toneladas e movimentando US$ 94,6 milh\u00f5es. Os destaques foram as sementes de milho para semeadura e as sementes forrageiras, segmentos em que o Brasil tem protagonismo global em pesquisa, produ\u00e7\u00e3o e desenvolvimento tecnol\u00f3gico.<\/p>\n<p class=\"wp-block-paragraph\"><strong>LEIA TAMB\u00c9M: <a href=\"https:\/\/www.agenciasp.sp.gov.br\/veja-como-funcionam-os-bancos-de-germoplasma-os-guadioes-da-diversidade-genetica-que-impulsionam-a-agricultura-de-sp\/\" data-type=\"link\" data-id=\"https:\/\/www.agenciasp.sp.gov.br\/veja-como-funcionam-os-bancos-de-germoplasma-os-guadioes-da-diversidade-genetica-que-impulsionam-a-agricultura-de-sp\/\" rel=\"noopener\">Veja como funcionam os bancos de germoplasma, os \u2018guadi\u00f5es\u2019 da diversidade gen\u00e9tica que impulsionam a agricultura de SP<\/a><\/strong><\/p>\n<p class=\"wp-block-paragraph\">Nesse contexto, a Diretoria de Pesquisa dos Agroneg\u00f3cios (APTA), que re\u00fane sete institui\u00e7\u00f5es de pesquisa, possui atua\u00e7\u00e3o estrat\u00e9gica na cadeia de sementes. O Instituto de Zootecnia (IZ-APTA) mant\u00e9m o maior banco de germoplasma de plantas forrageiras da Am\u00e9rica Latina. O Instituto Biol\u00f3gico (IB-APTA) \u00e9 refer\u00eancia nacional em sanidade vegetal e seguran\u00e7a fitossanit\u00e1ria. E o Instituto Agron\u00f4mico (IAC-APTA) \u00e9 reconhecido internacionalmente pelo desenvolvimento de cultivares adaptadas \u00e0s condi\u00e7\u00f5es brasileiras.<\/p>\n<p class=\"wp-block-paragraph\">No fim de maio, Lisboa recebeu o World Seed Congress 2026, o maior evento global do setor de sementes. Promovido pela International Seed Federation (ISF), o congresso reuniu mais de 1.800 participantes de 78 pa\u00edses e representantes de mais de 900 empresas e organiza\u00e7\u00f5es, o evento promoveu debates sobre inova\u00e7\u00e3o, sustentabilidade, seguran\u00e7a alimentar e os desafios futuros dos sistemas globais de sementes.<\/p>\n<p class=\"wp-block-paragraph\"><strong>LEIA TAMB\u00c9M: <a href=\"https:\/\/www.agenciasp.sp.gov.br\/governo-de-sp-comeca-periodo-de-vazio-sanitario-da-soja-nesta-segunda-feira-1\/\" rel=\"noopener\">Governo de SP come\u00e7a per\u00edodo de vazio sanit\u00e1rio da soja nesta segunda-feira (1)<\/a><\/strong><\/p>\n<p class=\"wp-block-paragraph\">O setor global de sementes movimenta cerca de US$ 90 bilh\u00f5es por ano. As empresas do setor chegam a investir at\u00e9 30% do faturamento em pesquisa e desenvolvimento de novas cultivares, um n\u00famero que ilustra o quanto a inova\u00e7\u00e3o gen\u00e9tica est\u00e1 no centro da seguran\u00e7a alimentar mundial.<\/p>\n<p class=\"wp-block-paragraph\">Os dados apresentados pela ISF no congresso s\u00e3o contundentes: s\u00f3 na Uni\u00e3o Europeia, as inova\u00e7\u00f5es em sementes respondem por 74% dos ganhos de produtividade nas lavouras. Com o El Ni\u00f1o de forte intensidade projetado para este ciclo, a depend\u00eancia da agricultura global por sementes adaptadas e de alta performance nunca foi t\u00e3o evidente. O Brasil ocupa posi\u00e7\u00e3o relevante nesse cen\u00e1rio, especialmente pela capacidade de desenvolver cultivares adaptadas \u00e0s condi\u00e7\u00f5es tropicais.<\/p>\n<h3 class=\"wp-block-heading\"><strong>Amea\u00e7a silenciosa: a pirataria de sementes<\/strong><\/h3>\n<p class=\"wp-block-paragraph\">Entre os temas centrais do congresso deste ano foi a chamada \u201cpirataria\u201d de sementes, pr\u00e1tica que, no Brasil, gera preju\u00edzos estimados em R$ 2,44 bilh\u00f5es por ano, segundo a Associa\u00e7\u00e3o Brasileira de Sementes e Mudas (ABRASEM).<\/p>\n<p class=\"wp-block-paragraph\"><strong>LEIA TAMB\u00c9M: <\/strong><a href=\"https:\/\/www.agenciasp.sp.gov.br\/estudo-de-sp-premiado-descreve-estrategia-usada-pelo-mofo-azul-para-devastar-frutas-citricas\/\" rel=\"noopener\"><strong>Estudo de SP premiado descreve estrat\u00e9gia usada pelo mofo azul para devastar frutas c\u00edtricas<\/strong><\/a><\/p>\n<p class=\"wp-block-paragraph\">O impacto vai muito al\u00e9m do financeiro. Sementes piratas, definidas pela legisla\u00e7\u00e3o brasileira como qualquer produto vegetal comercializado como semente sem ter sido produzido a partir de campos registrados no Minist\u00e9rio da Agricultura, n\u00e3o oferecem garantia de germina\u00e7\u00e3o, pureza varietal ou sanidade fitossanit\u00e1ria. Al\u00e9m disso, lavouras plantadas com esse material n\u00e3o podem ser seguradas. As esp\u00e9cies mais vulner\u00e1veis \u00e0 pirataria no pa\u00eds s\u00e3o o feij\u00e3o (80% das sementes utilizadas s\u00e3o piratas), o arroz (44%), o algod\u00e3o (43%), a soja (29%) e o trigo (25%).<\/p>\n<p class=\"wp-block-paragraph\">\u201cA pirataria \u00e9 muito desfavor\u00e1vel \u00e0s cadeias agr\u00edcolas porque o agricultor vai semear algo que muitas vezes ele n\u00e3o conhece, que pode ter problemas de doen\u00e7a ou germina\u00e7\u00e3o. Al\u00e9m disso, ela vai contra os processos de inova\u00e7\u00e3o tecnol\u00f3gica\u201d, alerta o pesquisador e melhorista de plantas do Instituto Agron\u00f4mico (IAC-APTA), Alisson Fernando Chiorato.<\/p>\n<p class=\"wp-block-paragraph\">\u201cQuando o agricultor opta pela semente certificada, ele tamb\u00e9m ajuda a investir em mais pesquisas. O recolhimento de royalties permite continuidade ao melhoramento gen\u00e9tico e ao desenvolvimento de novas tecnologias que retornar\u00e3o para o pr\u00f3prio produtor\u201d acrescenta.<\/p>\n<p class=\"wp-block-paragraph\">O \u00fanico no estado de S\u00e3o Paulo que realiza o controle de qualidade e a valida\u00e7\u00e3o normativa de sementes importadas \u00e9 o Laborat\u00f3rio de An\u00e1lise de Sementes e Mudas da CATI, tamb\u00e9m vinculado \u00e0 Secretaria de Agricultura e Abastecimento do Estado de S\u00e3o Paulo. Credenciado pelo Minist\u00e9rio da Agricultura e Pecu\u00e1ria (MAPA) e membro associado da International Seed Testing Association (ISTA), o laborat\u00f3rio emite boletins oficiais nos padr\u00f5es internacionais exigidos pelo mercado global, al\u00e9m de atuar diretamente na an\u00e1lise de amostras da fiscaliza\u00e7\u00e3o de produtores paulistas.<\/p>\n<p class=\"wp-block-paragraph\">Atualmente, a CATI Sementes e Mudas, coordenadoria da CATI \u00e0 qual o Laborat\u00f3rio se integra, opera com um centro de produ\u00e7\u00e3o e tr\u00eas n\u00facleos dedicados a sementes, garantindo insumos com certifica\u00e7\u00e3o gen\u00e9tica, fisiol\u00f3gica e sanit\u00e1ria.<\/p>\n<p class=\"wp-block-paragraph\">Expandindo suas frentes de pesquisa, o \u00f3rg\u00e3o tamb\u00e9m lidera um projeto em parceria com a Embrapa Florestas e o LASO-MG para o desenvolvimento da metodologia de an\u00e1lise de sementes de mogno africano.<\/p>\n<p class=\"wp-block-paragraph\">A participa\u00e7\u00e3o da <a href=\"https:\/\/agricultura.sp.gov.br\/\" target=\"_blank\" rel=\"noopener\">SAA<\/a> atrav\u00e9s da APTA no World Seed Congress ocorre em um momento de expans\u00e3o das discuss\u00f5es globais sobre inova\u00e7\u00e3o gen\u00e9tica, seguran\u00e7a alimentar e adapta\u00e7\u00e3o da agricultura \u00e0s mudan\u00e7as clim\u00e1ticas.<\/p>\n<\/p><\/div>\n<p><br \/>\n<br \/><a href=\"https:\/\/www.agenciasp.sp.gov.br\/pesquisa-agricola-lideranca-sp-em-sementes\/\" rel=\"noopener\">Informa\u00e7\u00f5es GOV.SP<\/a><\/p>\n","protected":false},"excerpt":{"rendered":"<p>Em tempos marcados por alertas clim\u00e1ticos e press\u00e3o crescente sobre a produ\u00e7\u00e3o de alimentos, S\u00e3o Paulo consolida sua posi\u00e7\u00e3o como o maior exportador de sementes do Brasil. Para especialistas do setor, o avan\u00e7o da pesquisa agr\u00edcola \u00e9 um dos fatores que ajudam a explicar esse desempenho. Dados levantados pelo pesquisador Jos\u00e9 Alberto \u00c2ngelo, do Instituto [&hellip;]<\/p>\n","protected":false},"author":1,"featured_media":68005,"comment_status":"","ping_status":"open","sticky":false,"template":"","format":"standard","meta":{"_jetpack_newsletter_access":"","_jetpack_dont_email_post_to_subs":false,"_jetpack_newsletter_tier_id":0,"_jetpack_memberships_contains_paywalled_content":false,"_mbp_banners":[],"_jetpack_feature_clip_id":0,"_jetpack_memberships_contains_paid_content":false,"footnotes":"","jetpack_publicize_message":"","jetpack_publicize_feature_enabled":true,"jetpack_social_post_already_shared":true,"jetpack_social_options":{"image_generator_settings":{"template":"highway","default_image_id":0,"font":"","enabled":false},"version":2},"jetpack_post_was_ever_published":false},"categories":[21],"tags":[],"class_list":["post-68004","post","type-post","status-publish","format-standard","has-post-thumbnail","category-sp-news"],"jetpack_publicize_connections":[],"jetpack-related-posts":[],"jetpack_shortlink":"https:\/\/wp.me\/p7Eq1F-hGQ","jetpack_sharing_enabled":true,"jetpack_featured_media_url":"https:\/\/i0.wp.com\/guialimeira.com.br\/news\/wp-content\/uploads\/2026\/06\/Pesquisa-agricola-impulsiona-lideranca-de-Sao-Paulo-nas-exportacoes-de.jpg?fit=1200%2C800&ssl=1","_links":{"self":[{"href":"https:\/\/guialimeira.com.br\/news\/wp-json\/wp\/v2\/posts\/68004","targetHints":{"allow":["GET"]}}],"collection":[{"href":"https:\/\/guialimeira.com.br\/news\/wp-json\/wp\/v2\/posts"}],"about":[{"href":"https:\/\/guialimeira.com.br\/news\/wp-json\/wp\/v2\/types\/post"}],"author":[{"embeddable":true,"href":"https:\/\/guialimeira.com.br\/news\/wp-json\/wp\/v2\/users\/1"}],"replies":[{"embeddable":true,"href":"https:\/\/guialimeira.com.br\/news\/wp-json\/wp\/v2\/comments?post=68004"}],"version-history":[{"count":0,"href":"https:\/\/guialimeira.com.br\/news\/wp-json\/wp\/v2\/posts\/68004\/revisions"}],"wp:featuredmedia":[{"embeddable":true,"href":"https:\/\/guialimeira.com.br\/news\/wp-json\/wp\/v2\/media\/68005"}],"wp:attachment":[{"href":"https:\/\/guialimeira.com.br\/news\/wp-json\/wp\/v2\/media?parent=68004"}],"wp:term":[{"taxonomy":"category","embeddable":true,"href":"https:\/\/guialimeira.com.br\/news\/wp-json\/wp\/v2\/categories?post=68004"},{"taxonomy":"post_tag","embeddable":true,"href":"https:\/\/guialimeira.com.br\/news\/wp-json\/wp\/v2\/tags?post=68004"}],"curies":[{"name":"wp","href":"https:\/\/api.w.org\/{rel}","templated":true}]}}