{"id":67991,"date":"2026-06-05T00:33:16","date_gmt":"2026-06-05T03:33:16","guid":{"rendered":"https:\/\/guialimeira.com.br\/feirao-casa-paulista-r-190-mil-sao-liberados-para-apoiar-familias-de-marilia-na-compra-do-primeiro-imovel\/"},"modified":"2026-06-05T00:33:16","modified_gmt":"2026-06-05T03:33:16","slug":"feirao-casa-paulista-r-190-mil-sao-liberados-para-apoiar-familias-de-marilia-na-compra-do-primeiro-imovel","status":"publish","type":"post","link":"https:\/\/guialimeira.com.br\/news\/feirao-casa-paulista-r-190-mil-sao-liberados-para-apoiar-familias-de-marilia-na-compra-do-primeiro-imovel\/","title":{"rendered":"Feir\u00e3o Casa Paulista: R$\u00a0190\u00a0mil s\u00e3o liberados para apoiar fam\u00edlias de Mar\u00edlia na compra do primeiro im\u00f3vel\u00a0"},"content":{"rendered":"<p> <br \/>\n<br \/><img data-recalc-dims=\"1\" decoding=\"async\" src=\"https:\/\/i0.wp.com\/www.agenciasp.sp.gov.br\/wp-content\/uploads\/2026\/05\/cd.jpeg?w=696&#038;ssl=1\" \/><\/p>\n<div>\n<p class=\"wp-block-paragraph\">O programa Casa Paulista, da Secretaria de Desenvolvimento Urbano e Habita\u00e7\u00e3o (SDUH), liberou aproximadamente R$\u00a0190\u202fmil\u00a0para apoiar fam\u00edlias de baixa renda a realizarem o sonho da casa\u00a0no munic\u00edpio de\u00a0Mar\u00edlia. O subs\u00eddio foi disponibilizado em mais uma edi\u00e7\u00e3o do Feir\u00e3o Casa Paulista, que acontece\u00a0entre os dias 4 e 6 de junho,\u00a0das 8h \u00e0s 18h,\u00a0na\u00a0Avenida Jo\u00e3o Ramalho, 2109.\u00a0<\/p>\n<p class=\"wp-block-paragraph\">Ser\u00e3o oferecidas 19 novas Cartas de Cr\u00e9dito Imobili\u00e1rio (CCI) para im\u00f3veis da construtora MRV comercializados no munic\u00edpio de Mar\u00edlia. O valor do cheque \u00e9 de R$ 10 mil. Os subs\u00eddios s\u00e3o concedidos a fundo perdido para fam\u00edlias que desejam adquirir o primeiro im\u00f3vel.\u202f\u00a0<\/p>\n<p class=\"wp-block-paragraph\">Para participar, \u00e9 necess\u00e1rio atender aos requisitos do programa Casa Paulista \u2013 Carta de Cr\u00e9dito Imobili\u00e1rio: possuir renda familiar de at\u00e9 tr\u00eas\u00a0sal\u00e1rios m\u00ednimos; n\u00e3o possuir im\u00f3vel no pr\u00f3prio nome; n\u00e3o ter financiamento imobili\u00e1rio ativo; e n\u00e3o ter sido beneficiado por outro programa habitacional.\u00a0\u00a0<\/p>\n<h3 class=\"wp-block-heading\"><strong>Nova fase<\/strong>\u00a0<\/h3>\n<p class=\"wp-block-paragraph\">\u202f\u00a0<\/p>\n<p class=\"wp-block-paragraph\">Ap\u00f3s um per\u00edodo de an\u00e1lises e balan\u00e7os, os Feir\u00f5es Casa Paulista foram retomados no final de janeiro, com a publica\u00e7\u00e3o de novo chamamento para empresas interessadas. A primeira etapa apresentou resultados expressivos: entre setembro e dezembro de 2025, foram emitidas 4.507 cartas de cr\u00e9dito, com investimento estadual de R$ 32,7 milh\u00f5es em subs\u00eddios, contemplando 241 empreendimentos em 13 regi\u00f5es administrativas do Estado, consolidando o feir\u00e3o como um instrumento eficaz de acesso \u00e0 moradia para fam\u00edlias de at\u00e9 tr\u00eas\u00a0sal\u00e1rios m\u00ednimos.\u00a0<\/p>\n<p class=\"wp-block-paragraph\">Para esta nova fase de retomada, a SDUH estabeleceu crit\u00e9rios rigorosos de prioriza\u00e7\u00e3o para garantir a agilidade das entregas. Ter\u00e3o prefer\u00eancia os empreendimentos com previs\u00e3o de entrega das chaves ainda em 2026. Al\u00e9m disso, os im\u00f3veis devem possuir no m\u00ednimo dois dormit\u00f3rios e estar devidamente contratados junto \u00e0 Caixa Econ\u00f4mica Federal at\u00e9 a data final da realiza\u00e7\u00e3o do feir\u00e3o. As entidades organizadoras interessadas, sejam elas prefeituras, associa\u00e7\u00f5es ou empresas privadas, devem encaminhar o Termo de Ades\u00e3o exclusivamente pelo e-mail feirao@casapaulista.sp.gov.br.\u00a0<\/p>\n<p class=\"wp-block-paragraph\">\u202f\u00a0<\/p>\n<p class=\"wp-block-paragraph\">O evento segue as normas da Resolu\u00e7\u00e3o SDUH n\u00ba 43, de 22 de agosto de 2025. Durante os feir\u00f5es, as construtoras podem ofertar\u00a0tanto unidades\u00a0de empreendimentos j\u00e1 cadastrados quanto novos projetos que recebam aporte pontual para o evento, desde que utilizem financiamento via FGTS. Ap\u00f3s o encerramento das atividades, as empresas t\u00eam o prazo de cinco dias \u00fateis para enviar \u00e0 SDUH um relat\u00f3rio detalhado contendo as informa\u00e7\u00f5es das fam\u00edlias atendidas e das unidades negociadas, subsidiando a autoriza\u00e7\u00e3o para a libera\u00e7\u00e3o dos recursos.\u00a0<\/p>\n<h3 class=\"wp-block-heading\"><strong>Impacto do programa<\/strong>\u00a0<\/h3>\n<p class=\"wp-block-paragraph\">Desde 2023, o programa Casa Paulista entregou na Regi\u00e3o Administrativa de Mar\u00edlia mais de 3,1 mil unidades habitacionais pela modalidade Carta de Cr\u00e9dito Imobili\u00e1rio, com investimento de R$ 31,7 milh\u00f5es. Outras 3,93\u00a0mil unidades est\u00e3o em constru\u00e7\u00e3o, sob aporte de R$ 41,1\u00a0milh\u00f5es.\u00a0<\/p>\n<p class=\"wp-block-paragraph\">Os subs\u00eddios demonstram o compromisso do Governo de S\u00e3o Paulo em ampliar o atendimento habitacional e priorizar as fam\u00edlias que mais necessitam de apoio do Estado. Levantamento da SDUH mostra que, em empreendimentos participantes do programa, a renda m\u00e9dia das fam\u00edlias beneficiadas com os subs\u00eddios estaduais \u00e9 de R$ 2,8 mil, equivalentes a 1,87\u00a0sal\u00e1rio m\u00ednimo\u00a0em 2025. Nos mesmos empreendimentos, a renda m\u00e9dia dos compradores que n\u00e3o utilizam o cheque do Casa Paulista \u00e9 de R$ 5,2 mil (3,44\u00a0sal\u00e1rios m\u00ednimos), evidenciando o impacto social do benef\u00edcio.\u202f\u00a0<\/p>\n<\/p><\/div>\n<p><br \/>\n<br \/><a href=\"https:\/\/www.agenciasp.sp.gov.br\/feirao-casa-paulista-r-190-mil-sao-liberados-para-apoiar-familias-de-marilia-na-compra-do-primeiro-imovel\/\" rel=\"noopener\">Informa\u00e7\u00f5es GOV.SP<\/a><\/p>\n","protected":false},"excerpt":{"rendered":"<p>O programa Casa Paulista, da Secretaria de Desenvolvimento Urbano e Habita\u00e7\u00e3o (SDUH), liberou aproximadamente R$\u00a0190\u202fmil\u00a0para apoiar fam\u00edlias de baixa renda a realizarem o sonho da casa\u00a0no munic\u00edpio de\u00a0Mar\u00edlia. O subs\u00eddio foi disponibilizado em mais uma edi\u00e7\u00e3o do Feir\u00e3o Casa Paulista, que acontece\u00a0entre os dias 4 e 6 de junho,\u00a0das 8h \u00e0s 18h,\u00a0na\u00a0Avenida Jo\u00e3o Ramalho, 2109.\u00a0 [&hellip;]<\/p>\n","protected":false},"author":1,"featured_media":67992,"comment_status":"","ping_status":"open","sticky":false,"template":"","format":"standard","meta":{"_jetpack_newsletter_access":"","_jetpack_dont_email_post_to_subs":false,"_jetpack_newsletter_tier_id":0,"_jetpack_memberships_contains_paywalled_content":false,"_mbp_banners":[],"_jetpack_feature_clip_id":0,"_jetpack_memberships_contains_paid_content":false,"footnotes":"","jetpack_publicize_message":"","jetpack_publicize_feature_enabled":true,"jetpack_social_post_already_shared":true,"jetpack_social_options":{"image_generator_settings":{"template":"highway","default_image_id":0,"font":"","enabled":false},"version":2},"jetpack_post_was_ever_published":false},"categories":[21],"tags":[],"class_list":["post-67991","post","type-post","status-publish","format-standard","has-post-thumbnail","category-sp-news"],"jetpack_publicize_connections":[],"jetpack-related-posts":[],"jetpack_shortlink":"https:\/\/wp.me\/p7Eq1F-hGD","jetpack_sharing_enabled":true,"jetpack_featured_media_url":"https:\/\/i0.wp.com\/guialimeira.com.br\/news\/wp-content\/uploads\/2026\/06\/Feirao-Casa-Paulista-R-190-mil-sao-liberados-para-apoiar-familias-de.jpeg?fit=800%2C600&ssl=1","_links":{"self":[{"href":"https:\/\/guialimeira.com.br\/news\/wp-json\/wp\/v2\/posts\/67991","targetHints":{"allow":["GET"]}}],"collection":[{"href":"https:\/\/guialimeira.com.br\/news\/wp-json\/wp\/v2\/posts"}],"about":[{"href":"https:\/\/guialimeira.com.br\/news\/wp-json\/wp\/v2\/types\/post"}],"author":[{"embeddable":true,"href":"https:\/\/guialimeira.com.br\/news\/wp-json\/wp\/v2\/users\/1"}],"replies":[{"embeddable":true,"href":"https:\/\/guialimeira.com.br\/news\/wp-json\/wp\/v2\/comments?post=67991"}],"version-history":[{"count":0,"href":"https:\/\/guialimeira.com.br\/news\/wp-json\/wp\/v2\/posts\/67991\/revisions"}],"wp:featuredmedia":[{"embeddable":true,"href":"https:\/\/guialimeira.com.br\/news\/wp-json\/wp\/v2\/media\/67992"}],"wp:attachment":[{"href":"https:\/\/guialimeira.com.br\/news\/wp-json\/wp\/v2\/media?parent=67991"}],"wp:term":[{"taxonomy":"category","embeddable":true,"href":"https:\/\/guialimeira.com.br\/news\/wp-json\/wp\/v2\/categories?post=67991"},{"taxonomy":"post_tag","embeddable":true,"href":"https:\/\/guialimeira.com.br\/news\/wp-json\/wp\/v2\/tags?post=67991"}],"curies":[{"name":"wp","href":"https:\/\/api.w.org\/{rel}","templated":true}]}}